{"id":73511,"date":"2019-09-20T17:05:29","date_gmt":"2019-09-20T22:05:29","guid":{"rendered":"https:\/\/www.uv.mx\/prensa\/?p=73511"},"modified":"2019-09-20T17:05:29","modified_gmt":"2019-09-20T22:05:29","slug":"region-coatza-mina-participo-en-macrosimulacro","status":"publish","type":"post","link":"https:\/\/www.uv.mx\/prensa\/regiones\/coatzacoalcos\/region-coatza-mina-participo-en-macrosimulacro\/","title":{"rendered":"Regi\u00f3n Coatza-Mina particip\u00f3 en macrosimulacro"},"content":{"rendered":"<div id='gallery-1' class='gallery galleryid-73511 gallery-columns-3 gallery-size-full'><dl class='gallery-item'>\n\t\t\t<dt class='gallery-icon landscape'>\n\t\t\t\t<a href='https:\/\/www.uv.mx\/prensa\/files\/2019\/09\/190919-CECILIA-Simulacro-1.jpg'><img width=\"722\" height=\"542\" src=\"https:\/\/www.uv.mx\/prensa\/files\/2019\/09\/190919-CECILIA-Simulacro-1.jpg\" class=\"attachment-full size-full\" alt=\"\" decoding=\"async\" loading=\"lazy\" aria-describedby=\"gallery-1-73512\" srcset=\"https:\/\/www.uv.mx\/prensa\/files\/2019\/09\/190919-CECILIA-Simulacro-1.jpg 722w, https:\/\/www.uv.mx\/prensa\/files\/2019\/09\/190919-CECILIA-Simulacro-1-300x225.jpg 300w\" sizes=\"(max-width: 722px) 100vw, 722px\" \/><\/a>\n\t\t\t<\/dt>\n\t\t\t\t<dd class='wp-caption-text gallery-caption' id='gallery-1-73512'>\n\t\t\t\tDos mil 969 personas fueron evacuadas del campus Coatzacoalcos\n\t\t\t\t<\/dd><\/dl><dl class='gallery-item'>\n\t\t\t<dt class='gallery-icon landscape'>\n\t\t\t\t<a href='https:\/\/www.uv.mx\/prensa\/files\/2019\/09\/190919-CECILIA-Simulacro-2.jpg'><img width=\"722\" height=\"542\" src=\"https:\/\/www.uv.mx\/prensa\/files\/2019\/09\/190919-CECILIA-Simulacro-2.jpg\" class=\"attachment-full size-full\" alt=\"\" decoding=\"async\" loading=\"lazy\" aria-describedby=\"gallery-1-73514\" srcset=\"https:\/\/www.uv.mx\/prensa\/files\/2019\/09\/190919-CECILIA-Simulacro-2.jpg 722w, https:\/\/www.uv.mx\/prensa\/files\/2019\/09\/190919-CECILIA-Simulacro-2-300x225.jpg 300w\" sizes=\"(max-width: 722px) 100vw, 722px\" \/><\/a>\n\t\t\t<\/dt>\n\t\t\t\t<dd class='wp-caption-text gallery-caption' id='gallery-1-73514'>\n\t\t\t\tLa comunidad del campus Minatitl\u00e1n sigui\u00f3 las indicaciones de la brigada de protecci\u00f3n civil \n\t\t\t\t<\/dd><\/dl><dl class='gallery-item'>\n\t\t\t<dt class='gallery-icon landscape'>\n\t\t\t\t<a href='https:\/\/www.uv.mx\/prensa\/files\/2019\/09\/190919-CECILIA-Simulacro-3.jpg'><img width=\"722\" height=\"542\" src=\"https:\/\/www.uv.mx\/prensa\/files\/2019\/09\/190919-CECILIA-Simulacro-3.jpg\" class=\"attachment-full size-full\" alt=\"\" decoding=\"async\" loading=\"lazy\" aria-describedby=\"gallery-1-73513\" srcset=\"https:\/\/www.uv.mx\/prensa\/files\/2019\/09\/190919-CECILIA-Simulacro-3.jpg 722w, https:\/\/www.uv.mx\/prensa\/files\/2019\/09\/190919-CECILIA-Simulacro-3-300x225.jpg 300w\" sizes=\"(max-width: 722px) 100vw, 722px\" \/><\/a>\n\t\t\t<\/dt>\n\t\t\t\t<dd class='wp-caption-text gallery-caption' id='gallery-1-73513'>\n\t\t\t\tEn el campus Acayucan tambi\u00e9n se realiz\u00f3 el simulacro\n\t\t\t\t<\/dd><\/dl><br style=\"clear: both\" \/>\n\t\t<\/div>\n\n<p><b><i><span data-contrast=\"auto\">Cecilia Escribano Reyes<br \/>\n<\/span><\/i><\/b><\/p>\n<p><b><i><span data-contrast=\"auto\">20\/09\/2019,<\/span><\/i><\/b> <b><i><span data-contrast=\"auto\">Coatzacoalcos<\/span><\/i><\/b><b><i><span data-contrast=\"auto\">, <\/span><\/i><\/b><b><i><span data-contrast=\"auto\">Ver.-<\/span><\/i><\/b> <span data-contrast=\"auto\">La <\/span><span data-contrast=\"auto\">regi\u00f3n Coatzacoalcos-Minatitl\u00e1n de la Universidad Veracruzana <\/span><span data-contrast=\"auto\">(U<\/span><span data-contrast=\"auto\">V<\/span><span data-contrast=\"auto\">) <\/span><span data-contrast=\"auto\">particip\u00f3 en <\/span><span data-contrast=\"auto\">el <\/span><span data-contrast=\"auto\">m<\/span><span data-contrast=\"auto\">acrosimulacro<\/span><span data-contrast=\"auto\"> que se realiz\u00f3 <\/span><span data-contrast=\"auto\">el jueves 19 de septiembre, donde m\u00e1s de cuatro mil <\/span><span data-contrast=\"auto\">personas fueron evacuadas en los <\/span><i><span data-contrast=\"auto\">campus<\/span><\/i><span data-contrast=\"auto\"> Coatzacoalcos, Minatitl\u00e1n, Acayucan, <\/span><span data-contrast=\"auto\">Huazuntl\u00e1n<\/span><span data-contrast=\"auto\"> y la Vicerrector\u00eda<\/span><span data-contrast=\"auto\">.<\/span><span data-ccp-props=\"{&quot;201341983&quot;:0,&quot;335559739&quot;:160,&quot;335559740&quot;:240}\">\u00a0<\/span><\/p>\n<p><span data-contrast=\"auto\">Los responsables de la evacuaci\u00f3n fueron <\/span><span data-contrast=\"auto\">brigadistas<\/span><span data-contrast=\"auto\"> capacitado<\/span><span data-contrast=\"auto\">s<\/span><span data-contrast=\"auto\"> de la Unidad Inte<\/span><span data-contrast=\"auto\">rna <\/span><span data-contrast=\"auto\">del Sistema<\/span> <span data-contrast=\"auto\">Universitario de Gesti\u00f3n Integral del Riesg<\/span><span data-contrast=\"auto\">o <\/span><span data-contrast=\"auto\">(SUGIR) de la <\/span><span data-contrast=\"auto\">m\u00e1xima casa de estudios<\/span><span data-contrast=\"auto\">.<\/span><span data-ccp-props=\"{&quot;201341983&quot;:0,&quot;335559731&quot;:708,&quot;335559739&quot;:160,&quot;335559740&quot;:240}\">\u00a0<\/span><\/p>\n<p><span data-contrast=\"auto\">El vicerrector<\/span><span data-contrast=\"auto\"> Carlos <\/span><span data-contrast=\"auto\">Lamothe<\/span><span data-contrast=\"auto\"> Zavaleta se\u00f1al\u00f3 que esta actividad es de gran importancia para la regi\u00f3n y para el pa\u00eds, ya que <\/span><span data-contrast=\"auto\">al tener<\/span><span data-contrast=\"auto\"> una sociedad prevenid<\/span><span data-contrast=\"auto\">a y que siga los protocolos de seguridad p<\/span><span data-contrast=\"auto\">ueden <\/span><span data-contrast=\"auto\">evitarse incidentes en caso de <\/span><span data-contrast=\"auto\">siniestros<\/span><span data-contrast=\"auto\">.<\/span><span data-ccp-props=\"{&quot;201341983&quot;:0,&quot;335559731&quot;:708,&quot;335559739&quot;:160,&quot;335559740&quot;:240}\">\u00a0<\/span><\/p>\n<p><span data-contrast=\"auto\">\u201c<\/span><span data-contrast=\"auto\">A<\/span><span data-contrast=\"auto\">\u00f1o con a\u00f1o <\/span><span data-contrast=\"auto\">h<\/span><span data-contrast=\"auto\">emos realizado los simulacros para estar preparados, este<\/span><span data-contrast=\"auto\"> ejercicio<\/span><span data-contrast=\"auto\"> nos ayuda a identificar zonas de seguridad <\/span><span data-contrast=\"auto\">y rutas r\u00e1pidas para el resguardo de la comunidad universitaria<\/span><span data-contrast=\"auto\">.<\/span><span data-contrast=\"auto\">\u201d<\/span><span data-ccp-props=\"{&quot;201341983&quot;:0,&quot;335559731&quot;:708,&quot;335559739&quot;:160,&quot;335559740&quot;:240}\">\u00a0<\/span><\/p>\n<p><span data-contrast=\"auto\">Reconoci\u00f3 que los universitarios <\/span><span data-contrast=\"auto\">fueron<\/span><span data-contrast=\"auto\"> participativos y ordenados en el <\/span><span data-contrast=\"auto\">simulacro; asimismo, <\/span><span data-contrast=\"auto\">agradeci\u00f3<\/span><span data-contrast=\"auto\"> al SUGIR por capacitar a m\u00e1s de 40 <\/span><span data-contrast=\"auto\">personas<\/span><span data-contrast=\"auto\"> que forman parte de la brigada de protecci\u00f3n civil.<\/span><span data-ccp-props=\"{&quot;201341983&quot;:0,&quot;335559731&quot;:708,&quot;335559739&quot;:160,&quot;335559740&quot;:240}\">\u00a0<\/span><\/p>\n<p><span data-contrast=\"auto\">Cabe se\u00f1alar que en la regi\u00f3n se realizaron dos simulacros, el primero fue a las 10:00 horas y el segundo a las 18:00; la actividad se desarroll\u00f3 a trav\u00e9s de la activaci\u00f3n de la alerta s\u00edsmica<\/span><span data-contrast=\"auto\"> y <\/span><span data-contrast=\"auto\">se llevaron a cabo los protocolos de evacuaci\u00f3n y evaluaci\u00f3n de da\u00f1os.<\/span><span data-ccp-props=\"{&quot;201341983&quot;:0,&quot;335559731&quot;:708,&quot;335559739&quot;:160,&quot;335559740&quot;:240}\">\u00a0<\/span><\/p>\n<p><span data-contrast=\"auto\">E<\/span><span data-contrast=\"auto\">n el <\/span><i><span data-contrast=\"auto\">campus<\/span><\/i> <span data-contrast=\"auto\">Coatzacoalcos<\/span> <span data-contrast=\"auto\">fueron<\/span> <span data-contrast=\"auto\">evacuados<\/span><span data-contrast=\"auto\"> dos mil <\/span><span data-contrast=\"auto\">969<\/span><span data-contrast=\"auto\"> personas;<\/span> <span data-contrast=\"auto\">en Minatitl\u00e1n<\/span><span data-contrast=\"auto\">,<\/span> <span data-contrast=\"auto\">750<\/span><span data-contrast=\"auto\">;<\/span> <span data-contrast=\"auto\">en Acayucan<\/span><span data-contrast=\"auto\">, <\/span><span data-contrast=\"auto\">225<\/span><span data-contrast=\"auto\">;<\/span> <span data-contrast=\"auto\">en <\/span><span data-contrast=\"auto\">Huazuntl\u00e1n<\/span><span data-contrast=\"auto\">,<\/span> <span data-contrast=\"auto\">48<\/span><span data-contrast=\"auto\">,<\/span> <span data-contrast=\"auto\">y 17 en la Vicerrector\u00eda.<\/span><span data-ccp-props=\"{&quot;134233279&quot;:true,&quot;201341983&quot;:0,&quot;335559731&quot;:708,&quot;335559739&quot;:0,&quot;335559740&quot;:240}\">\u00a0<\/span><\/p>\n","protected":false},"excerpt":{"rendered":"<p>Los responsables de la evacuaci\u00f3n fueron brigadistas capacitados de la Unidad Interna del Sistema Universitario de Gesti\u00f3n Integral del Riesgo<\/p>\n","protected":false},"author":1508,"featured_media":0,"comment_status":"closed","ping_status":"closed","sticky":false,"template":"","format":"standard","meta":[],"categories":[52],"tags":[],"_links":{"self":[{"href":"https:\/\/www.uv.mx\/prensa\/wp-json\/wp\/v2\/posts\/73511"}],"collection":[{"href":"https:\/\/www.uv.mx\/prensa\/wp-json\/wp\/v2\/posts"}],"about":[{"href":"https:\/\/www.uv.mx\/prensa\/wp-json\/wp\/v2\/types\/post"}],"author":[{"embeddable":true,"href":"https:\/\/www.uv.mx\/prensa\/wp-json\/wp\/v2\/users\/1508"}],"replies":[{"embeddable":true,"href":"https:\/\/www.uv.mx\/prensa\/wp-json\/wp\/v2\/comments?post=73511"}],"version-history":[{"count":0,"href":"https:\/\/www.uv.mx\/prensa\/wp-json\/wp\/v2\/posts\/73511\/revisions"}],"wp:attachment":[{"href":"https:\/\/www.uv.mx\/prensa\/wp-json\/wp\/v2\/media?parent=73511"}],"wp:term":[{"taxonomy":"category","embeddable":true,"href":"https:\/\/www.uv.mx\/prensa\/wp-json\/wp\/v2\/categories?post=73511"},{"taxonomy":"post_tag","embeddable":true,"href":"https:\/\/www.uv.mx\/prensa\/wp-json\/wp\/v2\/tags?post=73511"}],"curies":[{"name":"wp","href":"https:\/\/api.w.org\/{rel}","templated":true}]}}