{"id":73766,"date":"2019-09-26T19:23:35","date_gmt":"2019-09-27T00:23:35","guid":{"rendered":"https:\/\/www.uv.mx\/prensa\/?p=73766"},"modified":"2019-09-27T11:24:08","modified_gmt":"2019-09-27T16:24:08","slug":"region-xalapa-uv-ya-tiene-su-seleccion-femenil-de-futbol","status":"publish","type":"post","link":"https:\/\/www.uv.mx\/prensa\/deportes\/region-xalapa-uv-ya-tiene-su-seleccion-femenil-de-futbol\/","title":{"rendered":"Regi\u00f3n Xalapa UV ya tiene su Selecci\u00f3n Femenil de Futbol"},"content":{"rendered":"<ul>\n<li data-leveltext=\"\uf0b7\" data-font=\"Symbol\" data-listid=\"1\" data-aria-posinset=\"1\" data-aria-level=\"1\"><i><span data-contrast=\"auto\">Al m<\/span><\/i><i><span data-contrast=\"auto\">ando del entrenador Bartolo Arg\u00fc<\/span><\/i><i><span data-contrast=\"auto\">elles Lara, competir\u00e1n en <\/span><\/i><i><span data-contrast=\"auto\">el Festival Deportivo Estatal<\/span><\/i><i><span data-contrast=\"auto\">, a realizarse <\/span><\/i><i><span data-contrast=\"auto\">en<\/span><\/i> <i><span data-contrast=\"auto\">noviembre<\/span><\/i><span data-ccp-props=\"{&quot;201341983&quot;:0,&quot;335559739&quot;:0,&quot;335559740&quot;:240}\">\u00a0<\/span><\/li>\n<\/ul>\n<div id=\"attachment_73767\" style=\"width: 732px\" class=\"wp-caption aligncenter\"><a href=\"https:\/\/www.uv.mx\/prensa\/files\/2019\/09\/250919-fut-femenil-1.jpg\"><img aria-describedby=\"caption-attachment-73767\" decoding=\"async\" loading=\"lazy\" class=\"size-full wp-image-73767\" src=\"https:\/\/www.uv.mx\/prensa\/files\/2019\/09\/250919-fut-femenil-1.jpg\" alt=\"\" width=\"722\" height=\"481\" srcset=\"https:\/\/www.uv.mx\/prensa\/files\/2019\/09\/250919-fut-femenil-1.jpg 722w, https:\/\/www.uv.mx\/prensa\/files\/2019\/09\/250919-fut-femenil-1-300x200.jpg 300w\" sizes=\"(max-width: 722px) 100vw, 722px\" \/><\/a><p id=\"caption-attachment-73767\" class=\"wp-caption-text\">Buena respuesta a las visor\u00edas de la Selecci\u00f3n de Futbol Femenil<\/p><\/div>\n<p><b><i><span data-contrast=\"auto\">Santiago Morales Ortiz<\/span><\/i><\/b><span data-ccp-props=\"{&quot;201341983&quot;:0,&quot;335559739&quot;:0,&quot;335559740&quot;:240}\">\u00a0<\/span><\/p>\n<p><b><i><span data-contrast=\"auto\">2<\/span><\/i><\/b><b><i><span data-contrast=\"auto\">6<\/span><\/i><\/b><b><i><span data-contrast=\"auto\">\/09\/<\/span><\/i><\/b><b><i><span data-contrast=\"auto\">20<\/span><\/i><\/b><b><i><span data-contrast=\"auto\">19, <\/span><\/i><\/b><b><i><span data-contrast=\"auto\">Xalapa<\/span><\/i><\/b><b><i><span data-contrast=\"auto\">, Ver.-<\/span><\/i><\/b> <span data-contrast=\"auto\">Despu\u00e9s de<\/span><span data-contrast=\"auto\"> una gran respuesta en <\/span><span data-contrast=\"auto\">las<\/span> <span data-contrast=\"auto\">visor<\/span><span data-contrast=\"auto\">\u00ed<\/span><span data-contrast=\"auto\">as<\/span><span data-contrast=\"auto\"> realizadas por la<a href=\"https:\/\/www.uv.mx\/daduv\/\"> Direcci\u00f3n de Actividades Deportivas de la <\/a><\/span><span data-contrast=\"auto\">Universidad Veracruzana<\/span><span data-contrast=\"auto\"> (DADUV)<\/span><span data-contrast=\"auto\">, <\/span><span data-contrast=\"auto\">qued\u00f3<\/span><span data-contrast=\"auto\"> integra<\/span><span data-contrast=\"auto\">da<\/span><span data-contrast=\"auto\"> la Selecci\u00f3n Femenil de Futbol, <\/span><span data-contrast=\"auto\">regi\u00f3n <\/span><span data-contrast=\"auto\">Xalapa, que al m<\/span><span data-contrast=\"auto\">ando del entrenador Bartolo Arg\u00fc<\/span><span data-contrast=\"auto\">elles Lara competir\u00e1 en el Festival Deportivo Estatal, <\/span><span data-contrast=\"auto\">a celebrarse en<\/span><span data-contrast=\"auto\"> noviembre.<\/span><span data-ccp-props=\"{&quot;201341983&quot;:0,&quot;335559739&quot;:0,&quot;335559740&quot;:240}\">\u00a0<\/span><\/p>\n<p><span data-contrast=\"auto\">Alumnas de diferentes facultades se dan cita en los entrenamientos que se llevan a cabo de lunes a jueves en la Unidad Deportiva del Campus para <\/span><span data-contrast=\"auto\">la Cultura, las Artes y el Deporte de la UV.<\/span><span data-ccp-props=\"{&quot;201341983&quot;:0,&quot;335559731&quot;:708,&quot;335559739&quot;:0,&quot;335559740&quot;:240}\">\u00a0<\/span><\/p>\n<p><span data-contrast=\"auto\">Arg\u00fc<\/span><span data-contrast=\"auto\">elles Lara se\u00f1al\u00f3 que se <\/span><span data-contrast=\"auto\">arm\u00f3 un buen representativo<\/span> <span data-contrast=\"auto\">que competir\u00e1 ante<\/span><span data-contrast=\"auto\"> las selecciones de <\/span><span data-contrast=\"auto\">las regiones <\/span><span data-contrast=\"auto\">Poza Rica-Tuxpan, <\/span><span data-contrast=\"auto\">Orizaba<\/span><span data-contrast=\"auto\">-C\u00f3rdoba, <\/span><span data-contrast=\"auto\">Coat<\/span><span data-contrast=\"auto\">zacoalcos-Minatitl\u00e1n y Veracruz<\/span><span data-contrast=\"auto\">, <\/span><span data-contrast=\"auto\">en el f<\/span><span data-contrast=\"auto\">estival que organiza la U<\/span><span data-contrast=\"auto\">V<\/span><span data-contrast=\"auto\">.<\/span><span data-ccp-props=\"{&quot;201341983&quot;:0,&quot;335559731&quot;:708,&quot;335559739&quot;:0,&quot;335559740&quot;:240}\">\u00a0<\/span><\/p>\n<p><span data-contrast=\"auto\">Comparti\u00f3 <\/span><span data-contrast=\"auto\">que el objetivo de este evento es detectar nuevos talentos en cada una de las regiones para integrarlos a la Selecci\u00f3n de <\/span><i><span data-contrast=\"auto\">Halcones<\/span><\/i><span data-contrast=\"auto\"> UV, que fue medallista de oro en la Universiada Nacional Yucat\u00e1n 2019, con miras al m\u00e1ximo evento deportivo estudiantil en 2020.<\/span><span data-ccp-props=\"{&quot;201341983&quot;:0,&quot;335559731&quot;:708,&quot;335559739&quot;:0,&quot;335559740&quot;:240}\">\u00a0<\/span><\/p>\n<p><span data-contrast=\"auto\">El destacado entrenador<\/span><span data-contrast=\"auto\"> agreg\u00f3 que la invitaci\u00f3n contin\u00faa abierta para todas las alumnas de la UV que deseen integrarse a los entrenamientos los d\u00edas se\u00f1alados<\/span><span data-contrast=\"auto\">,<\/span><span data-contrast=\"auto\"> de 10:00 a 12:00<\/span><span data-contrast=\"auto\"> horas<\/span><span data-contrast=\"auto\">.<\/span><span data-ccp-props=\"{&quot;201341983&quot;:0,&quot;335559731&quot;:708,&quot;335559739&quot;:0,&quot;335559740&quot;:240}\">\u00a0<\/span><\/p>\n<p><span data-contrast=\"auto\">Finalmente, reconoci\u00f3 la buena respuesta a las <\/span><span data-contrast=\"auto\">visor\u00edas<\/span><span data-contrast=\"auto\">, gracias las cuales han sido detectados a alumnos que cuentan con buen nivel futbol\u00edstico.<\/span><span data-ccp-props=\"{&quot;201341983&quot;:0,&quot;335559731&quot;:708,&quot;335559739&quot;:0,&quot;335559740&quot;:240}\">\u00a0<\/span><\/p>\n<div id=\"attachment_73768\" style=\"width: 732px\" class=\"wp-caption aligncenter\"><a href=\"https:\/\/www.uv.mx\/prensa\/files\/2019\/09\/250919-fut-femenil-2.jpg\"><img aria-describedby=\"caption-attachment-73768\" decoding=\"async\" loading=\"lazy\" class=\"size-full wp-image-73768\" src=\"https:\/\/www.uv.mx\/prensa\/files\/2019\/09\/250919-fut-femenil-2.jpg\" alt=\"\" width=\"722\" height=\"481\" srcset=\"https:\/\/www.uv.mx\/prensa\/files\/2019\/09\/250919-fut-femenil-2.jpg 722w, https:\/\/www.uv.mx\/prensa\/files\/2019\/09\/250919-fut-femenil-2-300x200.jpg 300w\" sizes=\"(max-width: 722px) 100vw, 722px\" \/><\/a><p id=\"caption-attachment-73768\" class=\"wp-caption-text\">El entrenador Bartolo Arg\u00fcelles Lara, al frente de las visor\u00edas<\/p><\/div>\n","protected":false},"excerpt":{"rendered":"<p>Alumnas de diferentes facultades se dan cita en los entrenamientos que se llevan a cabo de lunes a jueves en la Unidad Deportiva del Campus para la Cultura, las Artes y el Deporte<\/p>\n","protected":false},"author":1508,"featured_media":73767,"comment_status":"closed","ping_status":"closed","sticky":false,"template":"","format":"standard","meta":[],"categories":[12],"tags":[],"_links":{"self":[{"href":"https:\/\/www.uv.mx\/prensa\/wp-json\/wp\/v2\/posts\/73766"}],"collection":[{"href":"https:\/\/www.uv.mx\/prensa\/wp-json\/wp\/v2\/posts"}],"about":[{"href":"https:\/\/www.uv.mx\/prensa\/wp-json\/wp\/v2\/types\/post"}],"author":[{"embeddable":true,"href":"https:\/\/www.uv.mx\/prensa\/wp-json\/wp\/v2\/users\/1508"}],"replies":[{"embeddable":true,"href":"https:\/\/www.uv.mx\/prensa\/wp-json\/wp\/v2\/comments?post=73766"}],"version-history":[{"count":0,"href":"https:\/\/www.uv.mx\/prensa\/wp-json\/wp\/v2\/posts\/73766\/revisions"}],"wp:featuredmedia":[{"embeddable":true,"href":"https:\/\/www.uv.mx\/prensa\/wp-json\/wp\/v2\/media\/73767"}],"wp:attachment":[{"href":"https:\/\/www.uv.mx\/prensa\/wp-json\/wp\/v2\/media?parent=73766"}],"wp:term":[{"taxonomy":"category","embeddable":true,"href":"https:\/\/www.uv.mx\/prensa\/wp-json\/wp\/v2\/categories?post=73766"},{"taxonomy":"post_tag","embeddable":true,"href":"https:\/\/www.uv.mx\/prensa\/wp-json\/wp\/v2\/tags?post=73766"}],"curies":[{"name":"wp","href":"https:\/\/api.w.org\/{rel}","templated":true}]}}