{"id":73862,"date":"2019-09-29T08:00:12","date_gmt":"2019-09-29T13:00:12","guid":{"rendered":"https:\/\/www.uv.mx\/prensa\/?p=73862"},"modified":"2019-09-30T13:56:12","modified_gmt":"2019-09-30T18:56:12","slug":"uv-realizara-1er-simposio-universitario-de-medicina-cannabinoide","status":"publish","type":"post","link":"https:\/\/www.uv.mx\/prensa\/eventos\/uv-realizara-1er-simposio-universitario-de-medicina-cannabinoide\/","title":{"rendered":"UV realizar\u00e1 1er Simposio Universitario de Medicina Cannabinoide"},"content":{"rendered":"<ul>\n<li data-leveltext=\"\uf0b7\" data-font=\"Symbol\" data-listid=\"1\" data-aria-posinset=\"1\" data-aria-level=\"1\"><i><span data-contrast=\"auto\">Es organizado por la Comisi\u00f3n de Seminarios del Instituto de Investigaciones Biol\u00f3gicas<\/span><\/i><span data-ccp-props=\"{&quot;134233279&quot;:true,&quot;201341983&quot;:0,&quot;335559739&quot;:160,&quot;335559740&quot;:240}\">\u00a0<\/span><\/li>\n<li data-leveltext=\"\uf0b7\" data-font=\"Symbol\" data-listid=\"1\" data-aria-posinset=\"2\" data-aria-level=\"1\"><i><span data-contrast=\"auto\">Tendr\u00e1 lugar el 8 de octubre, en el Auditorio \u201cJes\u00fas Morales Fern\u00e1ndez\u201d de la <\/span><\/i><i><span data-contrast=\"auto\">ex <\/span><\/i><i><span data-contrast=\"auto\">Unidad de Humanidades, de 9:00 a 15:00 horas. El ingreso al foro ser\u00e1 gratuito<\/span><\/i><span data-ccp-props=\"{&quot;134233279&quot;:true,&quot;201341983&quot;:0,&quot;335559739&quot;:160,&quot;335559740&quot;:240}\">\u00a0<\/span><\/li>\n<\/ul>\n<div id=\"attachment_73863\" style=\"width: 732px\" class=\"wp-caption aligncenter\"><a href=\"https:\/\/www.uv.mx\/prensa\/files\/2019\/09\/250919-INVESTIGACION-CANNABINOIDE-1.jpg\"><img aria-describedby=\"caption-attachment-73863\" decoding=\"async\" loading=\"lazy\" class=\"size-full wp-image-73863\" src=\"https:\/\/www.uv.mx\/prensa\/files\/2019\/09\/250919-INVESTIGACION-CANNABINOIDE-1.jpg\" alt=\"\" width=\"722\" height=\"481\" srcset=\"https:\/\/www.uv.mx\/prensa\/files\/2019\/09\/250919-INVESTIGACION-CANNABINOIDE-1.jpg 722w, https:\/\/www.uv.mx\/prensa\/files\/2019\/09\/250919-INVESTIGACION-CANNABINOIDE-1-300x200.jpg 300w\" sizes=\"(max-width: 722px) 100vw, 722px\" \/><\/a><p id=\"caption-attachment-73863\" class=\"wp-caption-text\">Mar\u00eda Luisa Moreno Cort\u00e9s anunci\u00f3 el 1er Simposio Universitario de Medicina Cannabinoide<\/p><\/div>\n<p><b><i><span data-contrast=\"auto\">Claudia Peralta V\u00e1zquez<\/span><\/i><\/b><span data-ccp-props=\"{&quot;201341983&quot;:0,&quot;335559739&quot;:160,&quot;335559740&quot;:240}\">\u00a0<\/span><\/p>\n<p><b><i><span data-contrast=\"auto\">29\/09\/2019, Xalapa, <\/span><\/i><\/b><b><i><span data-contrast=\"auto\">Ver.-<\/span><\/i><\/b> <span data-contrast=\"auto\">La Comisi\u00f3n de Seminarios del<a href=\"https:\/\/www.uv.mx\/iib\/\"> Instituto de Investigaciones Biol\u00f3gicas<\/a> (IIB) de la Universidad Veracruzana (UV) llevar\u00e1 a cabo el 1er Simposio Universitario de Medicina Cannabinoide, que tendr\u00e1 lugar el martes 8 de octubre en el Auditorio \u201cJes\u00fas Morales Fern\u00e1ndez\u201d de la <\/span><span data-contrast=\"auto\">ex <\/span><span data-contrast=\"auto\">Unidad de Humanidades.<\/span><span data-ccp-props=\"{&quot;201341983&quot;:0,&quot;335559739&quot;:160,&quot;335559740&quot;:240}\">\u00a0<\/span><\/p>\n<p><span data-contrast=\"auto\">La invitaci\u00f3n es abierta y gratuita para estudiantes, acad\u00e9micos, investigadores y p\u00fablico en general.<\/span><span data-ccp-props=\"{&quot;201341983&quot;:0,&quot;335559739&quot;:160,&quot;335559740&quot;:240}\">\u00a0<\/span><\/p>\n<p><span data-contrast=\"auto\">Mar\u00eda Luisa Mo<\/span><span data-contrast=\"auto\">reno Cort\u00e9s, investigadora del \u00c1<\/span><span data-contrast=\"auto\">rea de Biomedicina del IIB e integrante de la Comisi\u00f3n de Seminarios, destac\u00f3 que este foro tiene el prop\u00f3sito de mostrar <\/span><span data-contrast=\"auto\">a los participantes <\/span><span data-contrast=\"auto\">avances generados desde el \u00e1mbito de la investigaci\u00f3n con relaci\u00f3n a la planta <\/span><i><span data-contrast=\"auto\">c<\/span><\/i><i><span data-contrast=\"auto\">annabis<\/span><\/i><span data-contrast=\"auto\">, de la cual proviene la marihuana.<\/span><span data-ccp-props=\"{&quot;201341983&quot;:0,&quot;335559739&quot;:160,&quot;335559740&quot;:240}\">\u00a0<\/span><\/p>\n<p><span data-contrast=\"auto\">Se\u00f1al\u00f3<\/span><span data-contrast=\"auto\"> que existe<\/span><span data-contrast=\"auto\"> evidencia emp\u00edrica <\/span><span data-contrast=\"auto\">sobre<\/span><span data-contrast=\"auto\"> los compuestos de la <\/span><i><span data-contrast=\"auto\">Cannabis<\/span><\/i><span data-contrast=\"auto\">, de <\/span><span data-contrast=\"auto\">su uso con fines terap\u00e9uticos<\/span><span data-contrast=\"auto\"> y<\/span><span data-contrast=\"auto\"> en el tratamien<\/span><span data-contrast=\"auto\">to de algunas enfermedades como<\/span><span data-contrast=\"auto\"> Parkinson, artritis, migra\u00f1as, insomnio, entre otras.<\/span><span data-ccp-props=\"{&quot;201341983&quot;:0,&quot;335559739&quot;:160,&quot;335559740&quot;:240}\">\u00a0<\/span><\/p>\n<p><span data-contrast=\"auto\">Por ello<\/span><span data-contrast=\"auto\">, en <\/span><span data-contrast=\"auto\">e<\/span><span data-contrast=\"auto\">ste<\/span><span data-contrast=\"auto\"> foro participar\u00e1n investigadores y especialistas de la Universidad de Guadalajara<\/span><span data-contrast=\"auto\"> (<\/span><span data-contrast=\"auto\">UdeG<\/span><span data-contrast=\"auto\">)<\/span><span data-contrast=\"auto\">, Benem\u00e9rita Univers<\/span><span data-contrast=\"auto\">idad Aut\u00f3noma de Puebla (BUAP), Universidad Nacional Aut\u00f3noma de M\u00e9xico (UNAM), Asociaci\u00f3n Me<\/span><span data-contrast=\"auto\">xicana de Medicina <\/span><span data-contrast=\"auto\">Cannabinoide<\/span><span data-contrast=\"auto\"> y del <\/span><span data-contrast=\"auto\">Centro de Investigaci\u00f3n<\/span><span data-contrast=\"auto\"> y de Estudios Avanzados <\/span><span data-contrast=\"auto\">(<\/span><i><span data-contrast=\"auto\">Cinvestav<\/span><\/i><span data-contrast=\"auto\">)<\/span> <span data-contrast=\"auto\">del Instituto Polit\u00e9cnico Nacional<\/span><span data-contrast=\"auto\"> (IPN)<\/span><span data-contrast=\"auto\">.<\/span><span data-ccp-props=\"{&quot;201341983&quot;:0,&quot;335559739&quot;:160,&quot;335559740&quot;:240}\">\u00a0<\/span><\/p>\n<p><span data-contrast=\"auto\">Moreno Cort\u00e9s coment\u00f3 que la idea es generar<\/span><span data-contrast=\"auto\"> en el IIB<\/span><span data-contrast=\"auto\">,<\/span><span data-contrast=\"auto\"> en breve, una Red d<\/span><span data-contrast=\"auto\">e Investigaci\u00f3n <\/span><span data-contrast=\"auto\">de la<\/span> <i><span data-contrast=\"auto\">c<\/span><\/i><i><span data-contrast=\"auto\">annabis<\/span><\/i><i><span data-contrast=\"auto\">, <\/span><\/i><span data-contrast=\"auto\">as\u00ed como una l\u00ednea de investigaci\u00f3n <\/span><span data-contrast=\"auto\">basada en<\/span><span data-contrast=\"auto\"> el efecto terap\u00e9utico, particularmente para hipoglucemia y l\u00ednea celular de c\u00e1ncer.<\/span><span data-ccp-props=\"{&quot;201341983&quot;:0,&quot;335559731&quot;:708,&quot;335559739&quot;:160,&quot;335559740&quot;:240}\">\u00a0<\/span><\/p>\n<p><span data-contrast=\"auto\">La inauguraci\u00f3n de este foro <\/span><span data-contrast=\"auto\">est\u00e1 programada para las<\/span> <span data-contrast=\"auto\">9:30 horas<\/span><span data-contrast=\"auto\">, media hora m\u00e1s tarde <\/span><span data-contrast=\"auto\">iniciar\u00e1 la ponencia de Benjam\u00ed<\/span><span data-contrast=\"auto\">n <\/span><span data-contrast=\"auto\">Flor\u00e1n<\/span> <span data-contrast=\"auto\">Gard<\/span><span data-contrast=\"auto\">u\u00f1o, del <\/span><i><span data-contrast=\"auto\">Cinvestav<\/span><\/i><i><span data-contrast=\"auto\">, <\/span><\/i><span data-contrast=\"auto\">con el tema<\/span><span data-contrast=\"auto\"> \u201cSistema <\/span><span data-contrast=\"auto\">endocannabinoide<\/span><span data-contrast=\"auto\">, sus bases y funci\u00f3n en los ganglios de la base<\/span><span data-contrast=\"auto\">\u201d<\/span><span data-contrast=\"auto\">.<\/span><span data-ccp-props=\"{&quot;201341983&quot;:0,&quot;335559731&quot;:708,&quot;335559739&quot;:160,&quot;335559740&quot;:240}\">\u00a0<\/span><\/p>\n<p><span data-contrast=\"auto\">A las 10:45, Juan Manuel Viveros<\/span><span data-contrast=\"auto\"> Paredes<\/span><span data-contrast=\"auto\">, de la <\/span><span data-contrast=\"auto\">UdeG<\/span><span data-contrast=\"auto\">, hablar\u00e1 de <\/span><span data-contrast=\"auto\">\u201cEl papel del receptor <\/span><span data-contrast=\"auto\">Cannabinoide<\/span><span data-contrast=\"auto\"> tipo 2 en la d<\/span><span data-contrast=\"auto\">iabetes <\/span><span data-contrast=\"auto\">mellitus<\/span><span data-contrast=\"auto\">\u201d; <\/span><span data-contrast=\"auto\">a las 11:45, Daniel Lim\u00f3n P\u00e9rez, investigador de la BUAP, abordar\u00e1 \u201cLos <\/span><span data-contrast=\"auto\">cannabinoides<\/span><span data-contrast=\"auto\"> en la memoria y la <\/span><span data-contrast=\"auto\">neurog\u00e9nesis<\/span><span data-contrast=\"auto\">\u201d.<\/span><span data-ccp-props=\"{&quot;201341983&quot;:0,&quot;335559731&quot;:708,&quot;335559739&quot;:160,&quot;335559740&quot;:240}\">\u00a0<\/span><\/p>\n<p><span data-contrast=\"auto\">Alionka<\/span><span data-contrast=\"auto\"> Citlali \u00c1ngeles Moreno, representante de la Asociaci\u00f3n Mexicana de Medicina Cannabinoide, a las 12:30 horas impartir\u00e1 la ponencia \u201cFarmacocin\u00e9tica y v\u00edas de administraci\u00f3n del <\/span><i><span data-contrast=\"auto\">cannabis<\/span><\/i><span data-contrast=\"auto\">\u201d; a las 13:15 ser\u00e1 la participaci\u00f3n de Omar Francisco Carrasco Ortega, de la UNAM; y <\/span><span data-contrast=\"auto\">a <\/span><span data-contrast=\"auto\">las 14:00 habr\u00e1 un panel de preguntas y respuestas.<\/span><span data-ccp-props=\"{&quot;201341983&quot;:0,&quot;335559731&quot;:708,&quot;335559739&quot;:160,&quot;335559740&quot;:240}\">\u00a0<\/span><\/p>\n<p><span data-contrast=\"auto\">Los interesados en asistir podr\u00e1n registrarse en el correo electr\u00f3nico <\/span><a href=\"mailto:simposiocannauv@hotmail.com\"><span data-contrast=\"none\">simposiocannauv@hotmail.com<\/span><\/a><span data-contrast=\"auto\">.<\/span><span data-ccp-props=\"{&quot;201341983&quot;:0,&quot;335559731&quot;:708,&quot;335559739&quot;:160,&quot;335559740&quot;:240}\">\u00a0<\/span><\/p>\n","protected":false},"excerpt":{"rendered":"<p>Participar\u00e1n investigadores y especialistas de la UdeG, BUAP, UNAM,  IPN y la Asociaci\u00f3n Mexicana de Medicina Cannabinoide<\/p>\n","protected":false},"author":1508,"featured_media":73863,"comment_status":"closed","ping_status":"closed","sticky":false,"template":"","format":"standard","meta":[],"categories":[47],"tags":[],"_links":{"self":[{"href":"https:\/\/www.uv.mx\/prensa\/wp-json\/wp\/v2\/posts\/73862"}],"collection":[{"href":"https:\/\/www.uv.mx\/prensa\/wp-json\/wp\/v2\/posts"}],"about":[{"href":"https:\/\/www.uv.mx\/prensa\/wp-json\/wp\/v2\/types\/post"}],"author":[{"embeddable":true,"href":"https:\/\/www.uv.mx\/prensa\/wp-json\/wp\/v2\/users\/1508"}],"replies":[{"embeddable":true,"href":"https:\/\/www.uv.mx\/prensa\/wp-json\/wp\/v2\/comments?post=73862"}],"version-history":[{"count":0,"href":"https:\/\/www.uv.mx\/prensa\/wp-json\/wp\/v2\/posts\/73862\/revisions"}],"wp:featuredmedia":[{"embeddable":true,"href":"https:\/\/www.uv.mx\/prensa\/wp-json\/wp\/v2\/media\/73863"}],"wp:attachment":[{"href":"https:\/\/www.uv.mx\/prensa\/wp-json\/wp\/v2\/media?parent=73862"}],"wp:term":[{"taxonomy":"category","embeddable":true,"href":"https:\/\/www.uv.mx\/prensa\/wp-json\/wp\/v2\/categories?post=73862"},{"taxonomy":"post_tag","embeddable":true,"href":"https:\/\/www.uv.mx\/prensa\/wp-json\/wp\/v2\/tags?post=73862"}],"curies":[{"name":"wp","href":"https:\/\/api.w.org\/{rel}","templated":true}]}}