{"id":73893,"date":"2019-09-30T08:00:18","date_gmt":"2019-09-30T13:00:18","guid":{"rendered":"https:\/\/www.uv.mx\/prensa\/?p=73893"},"modified":"2019-09-30T13:41:20","modified_gmt":"2019-09-30T18:41:20","slug":"investigadora-uv-participo-en-el-18o-congreso-internacional-de-murcielagos","status":"publish","type":"post","link":"https:\/\/www.uv.mx\/prensa\/ciencia\/investigadora-uv-participo-en-el-18o-congreso-internacional-de-murcielagos\/","title":{"rendered":"Investigadora UV particip\u00f3 en el 18\u00ba Congreso Internacional de Murci\u00e9lagos"},"content":{"rendered":"<ul>\n<li data-leveltext=\"\uf0b7\" data-font=\"Symbol\" data-listid=\"1\" data-aria-posinset=\"1\" data-aria-level=\"1\"><i><span data-contrast=\"auto\">Cristina Mac <\/span><\/i><i><span data-contrast=\"auto\">Swiney<\/span><\/i><i><span data-contrast=\"auto\">, del <\/span><\/i>Citro<i><span data-contrast=\"auto\">, asesor\u00f3 <\/span><\/i><i><span data-contrast=\"auto\">al egresado <\/span><\/i><i><span data-contrast=\"auto\">Pedro Aguilar<\/span><\/i><i><span data-contrast=\"auto\">,<\/span><\/i><i><span data-contrast=\"auto\"> estudi<\/span><\/i><i><span data-contrast=\"auto\">oso de<\/span><\/i><i><span data-contrast=\"auto\"> la polinizaci\u00f3n de bromelias por murci\u00e9lagos<\/span><\/i><span data-ccp-props=\"{&quot;134233279&quot;:true}\">\u00a0<\/span><\/li>\n<li data-leveltext=\"\uf0b7\" data-font=\"Symbol\" data-listid=\"1\" data-aria-posinset=\"2\" data-aria-level=\"1\"><i><span data-contrast=\"auto\">\u00a0En su papel de asesora mostr\u00f3<\/span><\/i><i><span data-contrast=\"auto\"> el resultado de este trabajo en el 18\u00ba Congreso Internacional de Murci\u00e9lagos<\/span><\/i><i><span data-contrast=\"auto\"> realizado en Tailandia<\/span><\/i><span data-ccp-props=\"{&quot;134233279&quot;:true}\">\u00a0<\/span><\/li>\n<\/ul>\n<div id=\"attachment_73735\" style=\"width: 732px\" class=\"wp-caption aligncenter\"><a href=\"https:\/\/www.uv.mx\/prensa\/files\/2019\/09\/250919-Cristina-Mac-Swiney.jpg\"><img aria-describedby=\"caption-attachment-73735\" decoding=\"async\" loading=\"lazy\" class=\"size-full wp-image-73735\" src=\"https:\/\/www.uv.mx\/prensa\/files\/2019\/09\/250919-Cristina-Mac-Swiney.jpg\" alt=\"\" width=\"722\" height=\"483\" srcset=\"https:\/\/www.uv.mx\/prensa\/files\/2019\/09\/250919-Cristina-Mac-Swiney.jpg 722w, https:\/\/www.uv.mx\/prensa\/files\/2019\/09\/250919-Cristina-Mac-Swiney-300x201.jpg 300w\" sizes=\"(max-width: 722px) 100vw, 722px\" \/><\/a><p id=\"caption-attachment-73735\" class=\"wp-caption-text\">Cristina Mac Swiney impulsa a sus estudiantes a participar en congresos cient\u00edficos<\/p><\/div>\n<p><b><i><span data-contrast=\"auto\">Paola Cort\u00e9s P\u00e9rez<\/span><\/i><\/b><span data-ccp-props=\"{}\">\u00a0<\/span><\/p>\n<p><b><i><span data-contrast=\"auto\">30\/09\/2019, Xalapa, <\/span><\/i><\/b><b><i><span data-contrast=\"auto\">Ver.-<\/span><\/i><\/b><span data-contrast=\"auto\"> Mar\u00eda Cristina Mac <\/span><span data-contrast=\"auto\">Swiney<\/span><span data-contrast=\"auto\"> Gonz\u00e1lez, investigadora adscrita al<a href=\"https:\/\/www.uv.mx\/citro\/\"> Centro de Investigaciones Tropicales<\/a> (<\/span><i><span data-contrast=\"auto\">Citro<\/span><\/i><span data-contrast=\"auto\">) de la Universidad Veracruzana (UV), particip\u00f3 en el 18\u00ba Congreso Internacional de Murci\u00e9lagos, donde present\u00f3 resultados de la investigaci\u00f3n de Pedro Aguilar Rodr\u00edguez, egresado del Doctorado en Ecolog\u00eda Tropical del <\/span><i><span data-contrast=\"auto\">Citro<\/span><\/i><span data-contrast=\"auto\">, a quien asesor\u00f3 en su tesis. \u201cEs un excelente estudiante y ganador de diversos premios por este trabajo\u201d, coment\u00f3<\/span><span data-contrast=\"auto\"> en entrevista.<\/span><span data-ccp-props=\"{}\">\u00a0<\/span><\/p>\n<p><span data-contrast=\"auto\">El evento se realiz\u00f3 <\/span><span data-contrast=\"auto\">en<\/span><span data-contrast=\"auto\"> agosto en<\/span><span data-contrast=\"auto\"> la isla de <\/span><span data-contrast=\"auto\">Phuket<\/span><span data-contrast=\"auto\">, Tailandia. E<\/span><span data-contrast=\"auto\">s organizado cada tres a\u00f1os <\/span><span data-contrast=\"auto\">y en una sede diferente, con la finalidad de que <\/span><span data-contrast=\"auto\">la mayor\u00eda de los especialistas en murc<\/span><span data-contrast=\"auto\">i\u00e9lagos participen y presenten sus resultados m\u00e1s recientes.<\/span><span data-ccp-props=\"{&quot;335559731&quot;:708}\">\u00a0<\/span><\/p>\n<p><span data-contrast=\"auto\">La ponencia que present\u00f3 la investigadora de la UV <\/span><span data-contrast=\"auto\">vers\u00f3 sobre <\/span><span data-contrast=\"auto\">una revisi\u00f3n que se hizo sobre el estado que guarda la interacci\u00f3n entre las bromelias (plantas epifitas) y los murci\u00e9lagos. En el estudio participaron como coautores Thorsten Kr\u00f6mer, investigador del <\/span><i><span data-contrast=\"auto\">Citro<\/span><\/i><span data-contrast=\"auto\">, y Jos\u00e9 Garc\u00eda Franco, investigador del Instituto de Ecolog\u00eda (<\/span><i><span data-contrast=\"auto\">Inecol<\/span><\/i><span data-contrast=\"auto\">); Marco <\/span><span data-contrast=\"auto\">Tschapka<\/span><span data-contrast=\"auto\">, investigador de la Universidad de Ulm, Alemania, y <\/span><span data-contrast=\"auto\">Jeanett<\/span><span data-contrast=\"auto\"> Escobedo <\/span><span data-contrast=\"auto\">Sarti<\/span><span data-contrast=\"auto\">, acad\u00e9mica de la Universidad de Colima.<\/span><span data-ccp-props=\"{&quot;335559731&quot;:708}\">\u00a0<\/span><\/p>\n<p><span data-contrast=\"auto\">\u201cCon los resultados obtenidos sobre la evoluci\u00f3n de las bromelias se elabor\u00f3 un \u00e1rbol filogen\u00e9tico que muestra <\/span><span data-contrast=\"auto\">c\u00f3<\/span><span data-contrast=\"auto\">mo en diferentes niveles dentro de la clasificaci\u00f3n de las bromelias, varias especies convergen en la adaptaci\u00f3n de que sean polinizadas por murci\u00e9lagos.\u201d<\/span><span data-ccp-props=\"{&quot;335559731&quot;:708}\">\u00a0<\/span><\/p>\n<p><span data-contrast=\"auto\">Mencion\u00f3 que una de las caracter\u00edsticas de estas bromelias es que abren crepuscularmente o en la noche; <\/span><span data-contrast=\"auto\">son de colores p\u00e1lidos, <\/span><span data-contrast=\"auto\">regularmente <\/span><span data-contrast=\"auto\">duran toda la noche y depende<\/span><span data-contrast=\"auto\">n<\/span><span data-contrast=\"auto\"> de la polinizaci\u00f3n de los murci\u00e9lagos para la producci\u00f3n de frutos, <\/span><span data-contrast=\"auto\">lo que<\/span><span data-contrast=\"auto\"> permite un intercambio gen\u00e9tico<\/span><span data-contrast=\"auto\">.<\/span><span data-ccp-props=\"{&quot;335559731&quot;:708}\">\u00a0<\/span><\/p>\n<p><span data-contrast=\"auto\">\u201cAl tener este tipo de reproducci\u00f3n se garantiza que existe <\/span><span data-contrast=\"auto\">un flujo gen\u00e9tico, evitando la p\u00e9rdida de la diversidad gen\u00e9tica. <\/span><span data-contrast=\"auto\">Cuando las plantas se reproducen de manera asexual, por clonaci\u00f3n, se obtienen cultivos de una misma variedad, esto ocasiona que ante la llegada de una plaga o <\/span><span data-contrast=\"auto\">de condiciones derivadas del cambio clim\u00e1tico, no tengan manera de resistir o adaptarse.\u201d<\/span><span data-ccp-props=\"{&quot;335559731&quot;:708}\">\u00a0<\/span><\/p>\n<p><span data-contrast=\"auto\">Por lo que tener plantas recombinadas de forma natural, con la ayuda de polinizadores \u2013en este caso de murci\u00e9lagos\u2013, resulta relevante sobre todo porque los ecosistemas han cambiado, los bosques son talados y cada vez hay menos bromelias, plantas importantes para los bosques de monta\u00f1a.<\/span><span data-ccp-props=\"{&quot;335559731&quot;:708}\">\u00a0<\/span><\/p>\n<p><span data-contrast=\"auto\">En los ecosistemas de monta\u00f1a, las bromelias ayudan en la captaci\u00f3n de agua, son refugio para una diversidad de animales e in<\/span><span data-contrast=\"auto\">s<\/span><span data-contrast=\"auto\">ectos, proveen agua durante la temporada de sequ\u00eda y son alimento para los animales, \u201ccon este estudio buscamos contribuir un poco m\u00e1s al conocimiento de estas plantas\u201d.<\/span><span data-ccp-props=\"{&quot;335559731&quot;:708}\">\u00a0<\/span><\/p>\n<p><span data-contrast=\"auto\">R<\/span><span data-contrast=\"auto\">eiter\u00f3 que el estudio es una revisi\u00f3n sobre la polinizaci\u00f3n de bromelias por murci\u00e9lagos, cu\u00e1ntos trabajos hay, cu\u00e1ntas especies quedan pendientes de estudiar, y una de las cosas m\u00e1s importantes \u2013aunque hay varios reportes\u2013 es que a\u00fan queda pendiente la confirmaci\u00f3n de la polinizaci\u00f3n por murci\u00e9lago de muchas bromelias.<\/span><span data-ccp-props=\"{&quot;335559731&quot;:708}\">\u00a0<\/span><\/p>\n<p><span data-ccp-props=\"{}\">\u00a0<\/span><\/p>\n<p><b><span data-contrast=\"auto\">Importancia de los congresos cient\u00edficos<\/span><\/b><span data-ccp-props=\"{}\">\u00a0<\/span><\/p>\n<p><span data-contrast=\"auto\">Mar\u00eda Cristina Mac <\/span><span data-contrast=\"auto\">Swiney<\/span><span data-contrast=\"auto\"> Gonz\u00e1lez, consider\u00f3 que es importante apoyar e impulsar a los j\u00f3venes universitarios a participar en congresos cient\u00edficos nacionales y\/o internacionales, porque enriquecen su formaci\u00f3n acad\u00e9mica y ampl\u00edan su red de colaboraci\u00f3n en investigaci\u00f3n.<\/span><span data-ccp-props=\"{}\">\u00a0<\/span><\/p>\n<p><span data-contrast=\"auto\">M<\/span><span data-contrast=\"auto\">encion\u00f3 que es partidaria de que los estudiantes e investigadores asistan a los congresos cient\u00edficos, no s\u00f3lo por lo que pueden aprender a trav\u00e9s de las ponencias y conferencias magistrales, sino porque en ellos se presenta lo m\u00e1s avanzado en tecnolog\u00eda, gen\u00e9tica e implementaci\u00f3n de equipo para estudiar flora o fauna, que en su caso ser\u00edan los murci\u00e9lagos.<\/span><span data-ccp-props=\"{&quot;335559731&quot;:567}\">\u00a0<\/span><\/p>\n<p><span data-contrast=\"auto\">\u201cEn mi caso hablamos de estudios con uso de radios GPS que se colocan en los murci\u00e9lagos muy peque\u00f1os, como el caso de una estudiante israel\u00ed que los puso en una madre murci\u00e9lago frug\u00edvoro y su cr\u00eda, para entender c\u00f3mo aprenden <\/span><span data-contrast=\"auto\">a elegir <\/span><span data-contrast=\"auto\">en qu\u00e9 sitios comer.\u201d<\/span><span data-ccp-props=\"{&quot;335559731&quot;:567}\">\u00a0<\/span><\/p>\n<p><span data-contrast=\"auto\">As\u00ed como este estudio, hay u<\/span><span data-contrast=\"auto\">na variedad de conferencias <\/span><span data-contrast=\"auto\">que <\/span><span data-contrast=\"auto\">ofrece<\/span><span data-contrast=\"auto\">n<\/span> <span data-contrast=\"auto\">resultados que resultan muy interesantes para los j\u00f3venes, adem\u00e1s tienen la oportunidad de entablar redes de colaboraci\u00f3n con investigadores y estudiantes de diversas partes del mundo.<\/span><span data-ccp-props=\"{&quot;335559731&quot;:567}\">\u00a0<\/span><\/p>\n<p><span data-contrast=\"auto\">\u201cSon una gran ventana de oportunidad<\/span> <span data-contrast=\"auto\">acad\u00e9mica y<\/span><span data-contrast=\"auto\"> profesional<\/span><span data-contrast=\"auto\">, <\/span><span data-contrast=\"auto\">no s\u00f3lo <\/span><span data-contrast=\"auto\">pierden<\/span><span data-contrast=\"auto\"> el miedo a hablar en p\u00fablico, <\/span><span data-contrast=\"auto\">pueden dar a conocer los resultados <\/span><span data-contrast=\"auto\">sobre sus <\/span><span data-contrast=\"auto\">investigaciones<\/span><span data-contrast=\"auto\">, <\/span><span data-contrast=\"auto\">socializan<\/span><span data-contrast=\"auto\"> con sus pares y les <\/span><span data-contrast=\"auto\">puede <\/span><span data-contrast=\"auto\">brinda<\/span><span data-contrast=\"auto\">r<\/span> <span data-contrast=\"auto\">\u2013<\/span><span data-contrast=\"auto\">futuras<\/span><span data-contrast=\"auto\">\u2013<\/span><span data-contrast=\"auto\"> oportunidades de estancias de investigaci\u00f3n<\/span><span data-contrast=\"auto\">.<\/span><span data-contrast=\"auto\">\u201d<\/span><span data-ccp-props=\"{&quot;335559731&quot;:567}\">\u00a0<\/span><\/p>\n<p><span data-contrast=\"auto\">Adelant\u00f3 que el pr\u00f3ximo a\u00f1o tendr\u00e1 lugar el Congreso Latinoamericano de Murci\u00e9lagos, en M\u00e9rida, Yu<\/span><span data-contrast=\"auto\">cat\u00e1n, por lo que invitar\u00e1 a sus alumnos a que participen.<\/span><span data-ccp-props=\"{&quot;335559731&quot;:567}\">\u00a0<\/span><\/p>\n","protected":false},"excerpt":{"rendered":"<p>Cristina Mac Swiney, del <em>Citro<\/em>, present\u00f3 resultados de la investigaci\u00f3n de Pedro Aguilar Rodr\u00edguez, egresado del Doctorado en Ecolog\u00eda Tropical, a quien asesor\u00f3 en su tesis<\/p>\n","protected":false},"author":1508,"featured_media":73735,"comment_status":"closed","ping_status":"closed","sticky":false,"template":"","format":"standard","meta":[],"categories":[45],"tags":[],"_links":{"self":[{"href":"https:\/\/www.uv.mx\/prensa\/wp-json\/wp\/v2\/posts\/73893"}],"collection":[{"href":"https:\/\/www.uv.mx\/prensa\/wp-json\/wp\/v2\/posts"}],"about":[{"href":"https:\/\/www.uv.mx\/prensa\/wp-json\/wp\/v2\/types\/post"}],"author":[{"embeddable":true,"href":"https:\/\/www.uv.mx\/prensa\/wp-json\/wp\/v2\/users\/1508"}],"replies":[{"embeddable":true,"href":"https:\/\/www.uv.mx\/prensa\/wp-json\/wp\/v2\/comments?post=73893"}],"version-history":[{"count":0,"href":"https:\/\/www.uv.mx\/prensa\/wp-json\/wp\/v2\/posts\/73893\/revisions"}],"wp:featuredmedia":[{"embeddable":true,"href":"https:\/\/www.uv.mx\/prensa\/wp-json\/wp\/v2\/media\/73735"}],"wp:attachment":[{"href":"https:\/\/www.uv.mx\/prensa\/wp-json\/wp\/v2\/media?parent=73893"}],"wp:term":[{"taxonomy":"category","embeddable":true,"href":"https:\/\/www.uv.mx\/prensa\/wp-json\/wp\/v2\/categories?post=73893"},{"taxonomy":"post_tag","embeddable":true,"href":"https:\/\/www.uv.mx\/prensa\/wp-json\/wp\/v2\/tags?post=73893"}],"curies":[{"name":"wp","href":"https:\/\/api.w.org\/{rel}","templated":true}]}}