{"id":73969,"date":"2019-10-01T08:00:16","date_gmt":"2019-10-01T13:00:16","guid":{"rendered":"https:\/\/www.uv.mx\/prensa\/?p=73969"},"modified":"2019-10-01T10:43:05","modified_gmt":"2019-10-01T15:43:05","slug":"consejeros-alumnos-fortalecieron-trabajo-colaborativo-en-la-region","status":"publish","type":"post","link":"https:\/\/www.uv.mx\/prensa\/banner\/consejeros-alumnos-fortalecieron-trabajo-colaborativo-en-la-region\/","title":{"rendered":"Consejeros alumnos fortalecieron trabajo colaborativo en la regi\u00f3n"},"content":{"rendered":"<ul>\n<li data-leveltext=\"\uf0b7\" data-font=\"Symbol\" data-listid=\"1\" data-aria-posinset=\"1\" data-aria-level=\"1\"><i><span data-contrast=\"auto\">La generaci\u00f3n 2018-2019 se caracteriz\u00f3 por la uni\u00f3n y el apoyo, destacaron consejeros salientes de cinco facultades<\/span><\/i><span data-ccp-props=\"{&quot;134233279&quot;:true}\">\u00a0<\/span><\/li>\n<li data-leveltext=\"\uf0b7\" data-font=\"Symbol\" data-listid=\"1\" data-aria-posinset=\"2\" data-aria-level=\"1\"><i><span data-contrast=\"auto\">El consejero no es una figur<\/span><\/i><i><span data-contrast=\"auto\">a improvisada, debe conocer su F<\/span><\/i><i><span data-contrast=\"auto\">acultad, la <\/span><\/i><i><span data-contrast=\"auto\">U<\/span><\/i><i><span data-contrast=\"auto\">niversidad y estar al tanto de las necesidades <\/span><\/i><i><span data-contrast=\"auto\">en ellas<\/span><\/i><i><span data-contrast=\"auto\">, coincidieron en se\u00f1alar<\/span><\/i><span data-ccp-props=\"{&quot;134233279&quot;:true}\">\u00a0<\/span><\/li>\n<\/ul>\n<div id=\"attachment_73825\" style=\"width: 732px\" class=\"wp-caption aligncenter\"><a href=\"https:\/\/www.uv.mx\/prensa\/files\/2019\/09\/270919-DAVID-Entrevista-a-consejeros-alumnos-1.jpg\"><img aria-describedby=\"caption-attachment-73825\" decoding=\"async\" loading=\"lazy\" class=\"size-full wp-image-73825\" src=\"https:\/\/www.uv.mx\/prensa\/files\/2019\/09\/270919-DAVID-Entrevista-a-consejeros-alumnos-1.jpg\" alt=\"\" width=\"722\" height=\"481\" srcset=\"https:\/\/www.uv.mx\/prensa\/files\/2019\/09\/270919-DAVID-Entrevista-a-consejeros-alumnos-1.jpg 722w, https:\/\/www.uv.mx\/prensa\/files\/2019\/09\/270919-DAVID-Entrevista-a-consejeros-alumnos-1-300x200.jpg 300w\" sizes=\"(max-width: 722px) 100vw, 722px\" \/><\/a><p id=\"caption-attachment-73825\" class=\"wp-caption-text\">Alejandro Leyva, Paulina Alejandro, Marco Antonio L\u00f3pez, Ximena Montserrat Z\u00e1rate y Gamaliel Peralta, consejeros alumnos del periodo 2018-2019 de la UV<\/p><\/div>\n<p><b><i><span data-contrast=\"auto\">David Sandoval Rodr\u00edguez<\/span><\/i><\/b><span data-ccp-props=\"{}\">\u00a0<\/span><\/p>\n<p><b><i><span data-contrast=\"auto\">01<\/span><\/i><\/b><b><i><span data-contrast=\"auto\">\/10\/<\/span><\/i><\/b><b><i><span data-contrast=\"auto\">20<\/span><\/i><\/b><b><i><span data-contrast=\"auto\">19<\/span><\/i><\/b><b><i><span data-contrast=\"auto\">,<\/span><\/i><\/b><b><i><span data-contrast=\"auto\"> Xalapa, Ver.-<\/span><\/i><\/b><span data-contrast=\"auto\"> Estudiantes de cinco facultades de la Universidad Veracruzana (UV) que se desempe\u00f1aron como <\/span><span data-contrast=\"auto\">c<\/span><span data-contrast=\"auto\">onsejeros <\/span><span data-contrast=\"auto\">a<\/span><span data-contrast=\"auto\">lumnos, destacaron que esta representaci\u00f3n ante el <a href=\"https:\/\/www.uv.mx\/secretariaacademica\/consejo-universitario-general\/\">Consejo Universitario General<\/a> (CUG) es una responsabilidad que trasciende las atribuciones del estatuto y busca fomentar la uni\u00f3n de la comunidad universitaria.<\/span><span data-ccp-props=\"{}\">\u00a0<\/span><\/p>\n<p><span data-contrast=\"auto\">Ximena Montserrat Z\u00e1rate Hern\u00e1ndez, consejera alumna de la Facultad de Contadur\u00eda y Administraci\u00f3n<\/span><span data-contrast=\"auto\"> (FCA)<\/span><span data-contrast=\"auto\">,<\/span><span data-contrast=\"auto\"> relat\u00f3 que en su<\/span><span data-contrast=\"auto\"> experiencia <\/span><span data-contrast=\"auto\">\u201c<\/span><span data-contrast=\"auto\">ha sido un gran reto, mi F<\/span><span data-contrast=\"auto\">acultad es la m\u00e1s grande de todas las re<\/span><span data-contrast=\"auto\">giones y tiene mucha diversidad, <\/span><span data-contrast=\"auto\">por lo que se buscan actividades para todos<\/span><span data-contrast=\"auto\">\u201d<\/span><span data-contrast=\"auto\">.<\/span><span data-ccp-props=\"{&quot;335559731&quot;:708}\">\u00a0<\/span><\/p>\n<p><span data-contrast=\"auto\">S<\/span><span data-contrast=\"auto\">er un portavoz de una<\/span><span data-contrast=\"auto\"> comunidad, apoyar a l<\/span><span data-contrast=\"auto\">o<\/span><span data-contrast=\"auto\">s j\u00f3venes que tienen problemas y <\/span><span data-contrast=\"auto\">gener<\/span><span data-contrast=\"auto\">ar confianza en los estudiantes, <\/span><span data-contrast=\"auto\">son algunas de las tareas que implican el cargo porque \u201ch<\/span><span data-contrast=\"auto\">ay situaciones en que debemos representarlos y defenderlos<\/span><span data-contrast=\"auto\">\u201d<\/span><span data-contrast=\"auto\">.<\/span><span data-ccp-props=\"{&quot;335559731&quot;:708}\">\u00a0<\/span><\/p>\n<p><span data-contrast=\"auto\">En la FCA<\/span><span data-contrast=\"auto\"> se realiza la semana de la vinculaci\u00f3n <\/span><span data-contrast=\"auto\">con actividad<\/span><span data-contrast=\"auto\">es culturales y deportivas, \u201c<\/span><span data-contrast=\"auto\">es una responsabilidad que asumimos cuando somos consejeros<\/span><span data-contrast=\"auto\">\u201d<\/span><span data-contrast=\"auto\">; el a\u00f1o pasado solicitaron apoyo del Comit\u00e9 Pro Mejoras y <\/span><span data-contrast=\"auto\">se plane\u00f3<\/span><span data-contrast=\"auto\"> una olimpiada, acudi\u00f3 la Orquesta de Salsa UV y la clausura fue en el \u201cNido del Halc\u00f3n\u201d.<\/span><span data-ccp-props=\"{&quot;335559731&quot;:708}\">\u00a0<\/span><\/p>\n<p><span data-contrast=\"auto\">Hubo vinculaci\u00f3n con la Direcci\u00f3n de Actividades Deportivas (DADUV) y se organizaron competencias en todas las disciplinas que se ofertan en el \u00c1rea de Formaci\u00f3n de Elecci\u00f3n Libre (AFEL)<\/span><span data-contrast=\"auto\">.<\/span><span data-ccp-props=\"{&quot;335559731&quot;:708}\">\u00a0<\/span><\/p>\n<p><span data-contrast=\"auto\">\u201c<\/span><span data-contrast=\"auto\">M<\/span><span data-contrast=\"auto\">e sent\u00ed muy apoyada por los consejeros alumnos porque es un evento muy grande, para tres mil estudiantes<\/span><span data-contrast=\"auto\">,<\/span><span data-contrast=\"auto\"> y buscamos tener a todos activos; reconozco que para ellos fue un reto y nos apoyamos<\/span><span data-contrast=\"auto\"> mutuamente.<\/span><span data-contrast=\"auto\">\u201d<\/span><span data-ccp-props=\"{&quot;335559731&quot;:708}\">\u00a0<\/span><\/p>\n<p><span data-contrast=\"auto\">Destac\u00f3 que a<\/span><span data-contrast=\"auto\"> partir de esta semana de vinculaci\u00f3n se realizaron o<\/span><span data-contrast=\"auto\">tras 18 en distintas facultades.<\/span><span data-ccp-props=\"{&quot;335559731&quot;:708}\">\u00a0<\/span><\/p>\n<p><span data-contrast=\"auto\">\u201c<\/span><span data-contrast=\"auto\">En esta generaci\u00f3n nos mantuvimos muy unidos <\/span><span data-contrast=\"auto\">como regi\u00f3n<\/span> <span data-contrast=\"auto\">y escuchamos las sugerencias de todos, funcion\u00f3 <\/span><span data-contrast=\"auto\">muy bien porque no creamos<\/span><span data-contrast=\"auto\"> grupos al<\/span><span data-contrast=\"auto\"> interior<\/span><span data-contrast=\"auto\">\u201d, plante\u00f3.<\/span><span data-ccp-props=\"{&quot;335559731&quot;:708}\">\u00a0<\/span><\/p>\n<p><span data-contrast=\"auto\">Asimismo<\/span><span data-contrast=\"auto\">,<\/span><span data-contrast=\"auto\"> destacaron que con el respaldo de la <\/span><span data-contrast=\"auto\">Coordinaci\u00f3n Universitaria de Atenci\u00f3n Estudiantil<\/span><span data-contrast=\"auto\"> se celebraron d<\/span><span data-contrast=\"auto\">os <\/span><span data-contrast=\"auto\">ediciones del <\/span><span data-contrast=\"auto\">Encuentro Multidisciplinario de L\u00edderes Estudiantiles de <\/span><span data-contrast=\"auto\">esta casa de estudios<\/span><span data-contrast=\"auto\"> (EMLEUV)<\/span><span data-contrast=\"auto\">, <\/span><span data-contrast=\"auto\">el primero en Veracruz y el segundo en Orizaba<\/span><span data-contrast=\"auto\">; ambos<\/span><span data-contrast=\"auto\"> hicieron patente la uni\u00f3n de los consejeros por cada una de las cinco regiones universitarias.<\/span><span data-ccp-props=\"{&quot;335559731&quot;:708}\">\u00a0<\/span><\/p>\n<p><span data-contrast=\"auto\">Gamaliel Peralta Barrios, consejero alumno de la Facultad de Danza, coment\u00f3: \u201cComo consejeros, generalmente extendemos nuestras funciones m\u00e1s all\u00e1 de la legislaci\u00f3n y lo hacemos porque nos gusta generar propuestas para mejorar distintas instancias como el bienestar estudiantil y acad\u00e9mico, e identificar los procesos institucionales\u201d.<\/span><span data-ccp-props=\"{&quot;335559731&quot;:708}\">\u00a0<\/span><\/p>\n<p><span data-contrast=\"auto\">Dijo que esta generaci\u00f3n se caracteriz\u00f3 por una constante colaboraci\u00f3n y que el consejero debe buscar esas v\u00edas de crecimiento, tanto para s\u00ed como para los dem\u00e1s estudiantes.<\/span><span data-ccp-props=\"{&quot;335559731&quot;:708}\">\u00a0<\/span><\/p>\n<p><span data-contrast=\"auto\">\u201cSer consejero no es una figura improvisada, se debe llevar un par de a\u00f1os en la Facultad y que voten por ti, conocer la Universidad y su legislaci\u00f3n; por ello<\/span><span data-contrast=\"auto\"> hay que<\/span><span data-contrast=\"auto\"> plantear propuestas m\u00e1s all\u00e1 de los estatutos de los estudiantes y es posible hacer un diagn\u00f3stico de las necesidades inmediatas o de la propia instituci\u00f3n. Debemos ser conscientes y perspicaces para notar cu\u00e1les son las necesidades y generar proyectos y propuestas\u201d, detall\u00f3.<\/span><span data-ccp-props=\"{&quot;335559731&quot;:708}\">\u00a0<\/span><\/p>\n<p><span data-contrast=\"auto\">En ese sentido, consider\u00f3 que \u201c<\/span><span data-contrast=\"auto\">como generaci\u00f3n <\/span><span data-contrast=\"auto\">nos ab<\/span><span data-contrast=\"auto\">ocamos a un objetivo com\u00fan<\/span><span data-contrast=\"auto\">:<\/span><span data-contrast=\"auto\"> mejorar las condiciones al interior de nuestras facultades, fomentando el sentido de pertenencia y la sensaci\u00f3n de bienestar de la comunidad<\/span><span data-contrast=\"auto\">;<\/span><span data-contrast=\"auto\"> siempre estuvimos abiertos al di\u00e1logo y a la colaboraci\u00f3n, ayudando a resolver dudas e informando sobre procedimientos<\/span><span data-contrast=\"auto\">\u201d.<\/span><span data-ccp-props=\"{&quot;335559731&quot;:708}\">\u00a0<\/span><\/p>\n<div id='gallery-1' class='gallery galleryid-73969 gallery-columns-5 gallery-size-full'><dl class='gallery-item'>\n\t\t\t<dt class='gallery-icon landscape'>\n\t\t\t\t<a href='https:\/\/www.uv.mx\/prensa\/files\/2019\/09\/270919-DAVID-Entrevista-a-consejeros-alumnos-2.jpg'><img width=\"722\" height=\"481\" src=\"https:\/\/www.uv.mx\/prensa\/files\/2019\/09\/270919-DAVID-Entrevista-a-consejeros-alumnos-2.jpg\" class=\"attachment-full size-full\" alt=\"\" decoding=\"async\" loading=\"lazy\" aria-describedby=\"gallery-1-73826\" srcset=\"https:\/\/www.uv.mx\/prensa\/files\/2019\/09\/270919-DAVID-Entrevista-a-consejeros-alumnos-2.jpg 722w, https:\/\/www.uv.mx\/prensa\/files\/2019\/09\/270919-DAVID-Entrevista-a-consejeros-alumnos-2-300x200.jpg 300w\" sizes=\"(max-width: 722px) 100vw, 722px\" \/><\/a>\n\t\t\t<\/dt>\n\t\t\t\t<dd class='wp-caption-text gallery-caption' id='gallery-1-73826'>\n\t\t\t\tXimena Montserrat Z\u00e1rate, ex consejera alumna de la FCA\n\t\t\t\t<\/dd><\/dl><dl class='gallery-item'>\n\t\t\t<dt class='gallery-icon landscape'>\n\t\t\t\t<a href='https:\/\/www.uv.mx\/prensa\/files\/2019\/09\/270919-DAVID-Entrevista-a-consejeros-alumnos-3.jpg'><img width=\"722\" height=\"481\" src=\"https:\/\/www.uv.mx\/prensa\/files\/2019\/09\/270919-DAVID-Entrevista-a-consejeros-alumnos-3.jpg\" class=\"attachment-full size-full\" alt=\"\" decoding=\"async\" loading=\"lazy\" aria-describedby=\"gallery-1-73827\" srcset=\"https:\/\/www.uv.mx\/prensa\/files\/2019\/09\/270919-DAVID-Entrevista-a-consejeros-alumnos-3.jpg 722w, https:\/\/www.uv.mx\/prensa\/files\/2019\/09\/270919-DAVID-Entrevista-a-consejeros-alumnos-3-300x200.jpg 300w\" sizes=\"(max-width: 722px) 100vw, 722px\" \/><\/a>\n\t\t\t<\/dt>\n\t\t\t\t<dd class='wp-caption-text gallery-caption' id='gallery-1-73827'>\n\t\t\t\tGamaliel Peralta, consejero alumno saliente de la Facultad de Danza\n\t\t\t\t<\/dd><\/dl><dl class='gallery-item'>\n\t\t\t<dt class='gallery-icon landscape'>\n\t\t\t\t<a href='https:\/\/www.uv.mx\/prensa\/files\/2019\/09\/270919-DAVID-Entrevista-a-consejeros-alumnos-4.jpg'><img width=\"722\" height=\"481\" src=\"https:\/\/www.uv.mx\/prensa\/files\/2019\/09\/270919-DAVID-Entrevista-a-consejeros-alumnos-4.jpg\" class=\"attachment-full size-full\" alt=\"\" decoding=\"async\" loading=\"lazy\" aria-describedby=\"gallery-1-73828\" srcset=\"https:\/\/www.uv.mx\/prensa\/files\/2019\/09\/270919-DAVID-Entrevista-a-consejeros-alumnos-4.jpg 722w, https:\/\/www.uv.mx\/prensa\/files\/2019\/09\/270919-DAVID-Entrevista-a-consejeros-alumnos-4-300x200.jpg 300w\" sizes=\"(max-width: 722px) 100vw, 722px\" \/><\/a>\n\t\t\t<\/dt>\n\t\t\t\t<dd class='wp-caption-text gallery-caption' id='gallery-1-73828'>\n\t\t\t\tPaulina Alejandro, ex consejera alumna de la Facultad de Ciencias Qu\u00edmicas\n\t\t\t\t<\/dd><\/dl><dl class='gallery-item'>\n\t\t\t<dt class='gallery-icon landscape'>\n\t\t\t\t<a href='https:\/\/www.uv.mx\/prensa\/files\/2019\/09\/270919-DAVID-Entrevista-a-consejeros-alumnos-5.jpg'><img width=\"722\" height=\"481\" src=\"https:\/\/www.uv.mx\/prensa\/files\/2019\/09\/270919-DAVID-Entrevista-a-consejeros-alumnos-5.jpg\" class=\"attachment-full size-full\" alt=\"\" decoding=\"async\" loading=\"lazy\" aria-describedby=\"gallery-1-73829\" srcset=\"https:\/\/www.uv.mx\/prensa\/files\/2019\/09\/270919-DAVID-Entrevista-a-consejeros-alumnos-5.jpg 722w, https:\/\/www.uv.mx\/prensa\/files\/2019\/09\/270919-DAVID-Entrevista-a-consejeros-alumnos-5-300x200.jpg 300w\" sizes=\"(max-width: 722px) 100vw, 722px\" \/><\/a>\n\t\t\t<\/dt>\n\t\t\t\t<dd class='wp-caption-text gallery-caption' id='gallery-1-73829'>\n\t\t\t\tMarco Antonio L\u00f3pez, consejero alumno saliente de la Facultad de Letras Espa\u00f1olas\n\t\t\t\t<\/dd><\/dl><dl class='gallery-item'>\n\t\t\t<dt class='gallery-icon landscape'>\n\t\t\t\t<a href='https:\/\/www.uv.mx\/prensa\/files\/2019\/09\/270919-DAVID-Entrevista-a-consejeros-alumnos-6.jpg'><img width=\"722\" height=\"481\" src=\"https:\/\/www.uv.mx\/prensa\/files\/2019\/09\/270919-DAVID-Entrevista-a-consejeros-alumnos-6.jpg\" class=\"attachment-full size-full\" alt=\"\" decoding=\"async\" loading=\"lazy\" aria-describedby=\"gallery-1-73830\" srcset=\"https:\/\/www.uv.mx\/prensa\/files\/2019\/09\/270919-DAVID-Entrevista-a-consejeros-alumnos-6.jpg 722w, https:\/\/www.uv.mx\/prensa\/files\/2019\/09\/270919-DAVID-Entrevista-a-consejeros-alumnos-6-300x200.jpg 300w\" sizes=\"(max-width: 722px) 100vw, 722px\" \/><\/a>\n\t\t\t<\/dt>\n\t\t\t\t<dd class='wp-caption-text gallery-caption' id='gallery-1-73830'>\n\t\t\t\tAlejandro Leyva, ex consejero alumno de FIME\n\t\t\t\t<\/dd><\/dl><br style=\"clear: both\" \/>\n\t\t<\/div>\n\n<p><span data-contrast=\"auto\">Paulina Lisset Alejandro Trujillo, consejera alumna de Ciencias Qu\u00edmicas<\/span><span data-contrast=\"auto\">, explic\u00f3 <\/span><span data-contrast=\"auto\">que <\/span><span data-contrast=\"auto\">e<\/span><span data-contrast=\"auto\">l papel del consejero alumno implica una representatividad en \u00f3rganos colegiados como el Consejo Universitario General <\/span><span data-contrast=\"auto\">(CUG)<\/span><span data-contrast=\"auto\">,<\/span><span data-contrast=\"auto\"> al igual que <\/span><span data-contrast=\"auto\">en la propia F<\/span><span data-contrast=\"auto\">acultad.<\/span><span data-ccp-props=\"{&quot;335559731&quot;:708}\">\u00a0<\/span><\/p>\n<p><span data-contrast=\"auto\">\u201c<\/span><span data-contrast=\"auto\">Es muy importante que un consejero conozca la legislaci\u00f3n universitaria para ejercer un buen papel co<\/span><span data-contrast=\"auto\">mo<\/span><span data-contrast=\"auto\"> representante de su comunidad.\u201d<\/span><span data-ccp-props=\"{&quot;335559731&quot;:708}\">\u00a0<\/span><\/p>\n<p><span data-contrast=\"auto\">Consider\u00f3 importante mencionar que las atribuciones de un consejero son limitadas en la legislaci\u00f3n universitaria, ya que s\u00f3lo implica ser representante ante el CUG y \u00f3rganos colegiados<\/span><span data-contrast=\"auto\">;<\/span><span data-contrast=\"auto\"> no obstante<\/span><span data-contrast=\"auto\">,<\/span><span data-contrast=\"auto\"> \u201cl<\/span><span data-contrast=\"auto\">a labor de un consejero alumno va m\u00e1s all\u00e1 p<\/span><span data-contrast=\"auto\">ues <\/span><span data-contrast=\"auto\">es un cargo honor\u00edfico<\/span><span data-contrast=\"auto\">,<\/span><span data-contrast=\"auto\"> significa apoyar a tu comunidad, generar un cambio, hacer cosas por tus colegas, trabajar en conjunto en tu <\/span><span data-contrast=\"auto\">F<\/span><span data-contrast=\"auto\">acultad <\/span><span data-contrast=\"auto\">y con <\/span><span data-contrast=\"auto\">todas las facultades<\/span><span data-contrast=\"auto\">,<\/span> <span data-contrast=\"auto\">trabajar como regi\u00f3n a favor de la instituci\u00f3n<\/span><span data-contrast=\"auto\">\u201d<\/span><span data-contrast=\"auto\">.<\/span><span data-ccp-props=\"{&quot;335559731&quot;:708}\">\u00a0<\/span><\/p>\n<p><span data-contrast=\"auto\">La joven recalc\u00f3 que \u201ce<\/span><span data-contrast=\"auto\">s muy importante querer generar un cambio y asumir esa responsabilidad por ser honor\u00edfico y la demanda de tiempo que implica\u201d<\/span><span data-contrast=\"auto\">.<\/span><span data-ccp-props=\"{&quot;335559731&quot;:708}\">\u00a0<\/span><\/p>\n<p><span data-contrast=\"auto\">Refiri\u00f3 tambi\u00e9n su experiencia como integrante de <\/span><span data-contrast=\"auto\">la <\/span><span data-contrast=\"auto\">Comisi\u00f3n Transitoria para la Integraci\u00f3n del Anteproyecto de Ley Org\u00e1nica de la <\/span><span data-contrast=\"auto\">UV<\/span><span data-contrast=\"auto\">, lo que le permiti\u00f3 conocer c\u00f3mo est\u00e1 constituida<\/span><span data-contrast=\"auto\"> la Universidad<\/span><span data-contrast=\"auto\"> y la importancia de impulsar esta iniciativa para su aprobaci\u00f3n en el Congreso del Estado.<\/span><span data-ccp-props=\"{&quot;335559731&quot;:708}\">\u00a0<\/span><\/p>\n<p><span data-contrast=\"auto\">\u201cLa importancia que se le dio a la pr<\/span><span data-contrast=\"auto\">esencia de los alumnos en esta <\/span><span data-contrast=\"auto\">c<\/span><span data-contrast=\"auto\">omisi\u00f3n fue clave porque se trataron puntos muy importantes como el hecho de que <\/span><span data-contrast=\"auto\">el<\/span><span data-contrast=\"auto\">los son la <\/span><span data-contrast=\"auto\">raz\u00f3n de ser de la instituci\u00f3n.\u201d<\/span><span data-ccp-props=\"{&quot;335559731&quot;:708}\">\u00a0<\/span><\/p>\n<p><span data-contrast=\"auto\">Como resultado de su participaci\u00f3n s<\/span><span data-contrast=\"auto\">e acept\u00f3 la propuesta de extender el periodo de consejero a dos a\u00f1os para estandarizar periodos <\/span><span data-contrast=\"auto\">con la gesti\u00f3n universitaria.<\/span><span data-ccp-props=\"{&quot;335559731&quot;:708}\">\u00a0<\/span><\/p>\n<p><span data-contrast=\"auto\">Por su parte, <\/span><span data-contrast=\"auto\">Marco Antonio L\u00f3pez Aguilar, consejero alumno de Letras Espa\u00f1olas<\/span><span data-contrast=\"auto\">, manifest\u00f3<\/span><span data-contrast=\"auto\">:<\/span><span data-contrast=\"auto\"> \u201c<\/span><span data-contrast=\"auto\">En<\/span><span data-contrast=\"auto\"> la figura del consejero debe haber un sentido <\/span><span data-contrast=\"auto\">de pertenencia a la Universidad;<\/span><span data-contrast=\"auto\"> desde que uno ingresa a este cargo existe un sentido de pertinencia interno e<\/span><span data-contrast=\"auto\">n cada F<\/span><span data-contrast=\"auto\">acultad y lo que <\/span><span data-contrast=\"auto\">como <\/span><span data-contrast=\"auto\">generaci\u00f3n <\/span><span data-contrast=\"auto\">hemos logrado <\/span><span data-contrast=\"auto\">\u2013<\/span><span data-contrast=\"auto\">mediante nuestra vinculaci\u00f3n<\/span><span data-contrast=\"auto\">\u2013<\/span><span data-contrast=\"auto\"> es generar un sentido de pertenencia <\/span><span data-contrast=\"auto\">tanto<\/span><span data-contrast=\"auto\"> a<\/span><span data-contrast=\"auto\"> la regi\u00f3n <\/span><span data-contrast=\"auto\">como <\/span><span data-contrast=\"auto\">a la UV\u201d.<\/span><span data-ccp-props=\"{&quot;335559731&quot;:708}\">\u00a0<\/span><\/p>\n<p><span data-contrast=\"auto\">Entre <\/span><span data-contrast=\"auto\">las labores adicionales a sus atribuciones mencion\u00f3 la importancia de no involucrar asuntos personales, \u201c<\/span><span data-contrast=\"auto\">en<\/span><span data-contrast=\"auto\"> mi <\/span><span data-contrast=\"auto\">F<\/span><span data-contrast=\"auto\">acultad hemos tratado de lograr una integraci\u00f3n <\/span><span data-contrast=\"auto\">individual y como grupo<\/span><span data-contrast=\"auto\">, que se genere un v\u00ednculo de confianza con el consejero<\/span><span data-contrast=\"auto\">;<\/span><span data-contrast=\"auto\"> es decir, generar eventos acad\u00e9micos y culturales, incluso l\u00fadicos y sociales<\/span><span data-contrast=\"auto\">,<\/span><span data-contrast=\"auto\"> para que nos sintamos como una comunidad aunque eso no est\u00e1 legislado<\/span><span data-contrast=\"auto\">,<\/span><span data-contrast=\"auto\"> pero <\/span><span data-contrast=\"auto\">creo<\/span><span data-contrast=\"auto\"> que es<\/span><span data-contrast=\"auto\"> importante generar ese v\u00ednculo\u201d.<\/span><span data-ccp-props=\"{&quot;335559731&quot;:708}\">\u00a0<\/span><\/p>\n<p><span data-contrast=\"auto\">Consider\u00f3 que esta generaci\u00f3n de consejeros \u201c<\/span><span data-contrast=\"auto\">trascendimos en un sentido social porque primero nos preocupamos por<\/span><span data-contrast=\"auto\"> el <\/span><span data-contrast=\"auto\">tema<\/span><span data-contrast=\"auto\"> de<\/span><span data-contrast=\"auto\"> la violencia y luego sobre <\/span><span data-contrast=\"auto\">el incremento en la tarifa del<\/span><span data-contrast=\"auto\"> transporte, que tambi\u00e9n afectaba a personas de la tercera edad<\/span><span data-contrast=\"auto\">\u201d<\/span><span data-contrast=\"auto\">.<\/span><span data-ccp-props=\"{&quot;335559731&quot;:708}\">\u00a0<\/span><\/p>\n<p><span data-contrast=\"auto\">L\u00f3pez Aguilar <\/span><span data-contrast=\"auto\">e<\/span><span data-contrast=\"auto\">xtendi\u00f3 un reconocimiento a la <\/span><span data-contrast=\"auto\">Coordinaci\u00f3n Universitaria de Atenci\u00f3n Estudiantil<\/span><span data-contrast=\"auto\">, bajo la direcci\u00f3n de <\/span><span data-contrast=\"auto\">Juan <\/span><span data-contrast=\"auto\">Capetillo Hern\u00e1ndez<\/span><span data-contrast=\"auto\">,<\/span><span data-contrast=\"auto\"> por apoyarlos para cohesionar al grupo de consejeros alumnos por regiones<\/span><span data-contrast=\"auto\">.<\/span><span data-ccp-props=\"{&quot;335559731&quot;:708}\">\u00a0<\/span><\/p>\n<p><span data-contrast=\"auto\">Alejandro Leyva Barrientos, consejero alumno de Ingenier\u00eda Mec\u00e1nica y El\u00e9ctrica<\/span> <span data-contrast=\"auto\">(FIME)<\/span><span data-contrast=\"auto\">,<\/span> <span data-contrast=\"auto\">remarc\u00f3 que <\/span><span data-contrast=\"auto\">esta figura<\/span><span data-contrast=\"auto\"> es <\/span><span data-contrast=\"auto\">similar<\/span><span data-contrast=\"auto\"> a un hermano mayor de la comunidad estudiantil; <\/span><span data-contrast=\"auto\">\u201c<\/span><span data-contrast=\"auto\">significa que, m\u00e1s all\u00e1 de considerarnos como un jefe, debemos centrarnos en nuestro desempe\u00f1o, <\/span><span data-contrast=\"auto\">estar pendientes de <\/span><span data-contrast=\"auto\">nuestro avance crediticio <\/span><span data-contrast=\"auto\">y estar al tanto de mis compa\u00f1eros<\/span><span data-contrast=\"auto\">. E<\/span><span data-contrast=\"auto\">sto es un compromiso personal porque no est\u00e1 establecido en la legislaci\u00f3n<\/span><span data-contrast=\"auto\">\u201d<\/span><span data-contrast=\"auto\">.<\/span><span data-ccp-props=\"{&quot;335559731&quot;:708}\">\u00a0<\/span><\/p>\n<p><span data-contrast=\"auto\">Dicha responsabilidad, apunt\u00f3, \u201ct<\/span><span data-contrast=\"auto\">ambi\u00e9n implica no perder el piso, recordar que, aunque seas un representante estudiantil, sigues siendo un alumno y por eso lo remarco, es muy<\/span><span data-contrast=\"auto\"> similar a ser un hermano mayor\u201d.<\/span><span data-ccp-props=\"{&quot;335559731&quot;:708}\">\u00a0<\/span><\/p>\n<p><span data-contrast=\"auto\">Mencion\u00f3 que part<\/span><span data-contrast=\"auto\">e de la uni\u00f3n que se cre\u00f3 en esta generaci\u00f3n de consejeros <\/span><span data-contrast=\"auto\">fue resultado de la<\/span><span data-contrast=\"auto\"> respuesta ante el incremento de la violencia en la entidad, \u201cah\u00ed fue donde surgi\u00f3 la uni\u00f3n entre todos los consejeros\u201d<\/span><span data-contrast=\"auto\">.<\/span><span data-ccp-props=\"{&quot;335559731&quot;:708}\">\u00a0<\/span><\/p>\n<p><span data-contrast=\"auto\">Alejandro Leyva <\/span><span data-contrast=\"auto\">record\u00f3<\/span><span data-contrast=\"auto\">:<\/span> <span data-contrast=\"auto\">\u201c<\/span><span data-contrast=\"auto\">N<\/span><span data-contrast=\"auto\">os correspondi\u00f3 tomar medidas como solicitar un mejor alumbrado p\u00fablico, otros p<\/span><span data-contrast=\"auto\">idieron mayor patrullaje en la z<\/span><span data-contrast=\"auto\">ona <\/span><span data-contrast=\"auto\">universitaria; <\/span><span data-contrast=\"auto\">personalmente me propuse <\/span><span data-contrast=\"auto\">ofrecer cursos de defensa personal gratuitos y esta actividad se extendi\u00f3 a otras regiones universitarias\u201d.<\/span><span data-ccp-props=\"{&quot;335559731&quot;:708}\">\u00a0<\/span><\/p>\n<p><span data-contrast=\"auto\">Otro suceso que refrend\u00f3 su uni\u00f3n fue la suspensi\u00f3n de la tarifa de<\/span><span data-contrast=\"auto\"> transporte para<\/span><span data-contrast=\"auto\"> estudiantes que ocurri\u00f3 en el periodo vacacional de <\/span><span data-contrast=\"auto\">S<\/span><span data-contrast=\"auto\">emana <\/span><span data-contrast=\"auto\">S<\/span><span data-contrast=\"auto\">anta<\/span><span data-contrast=\"auto\">;<\/span><span data-contrast=\"auto\"> al organizarse y publicar un comunicado conjunto se revirti\u00f3 esta decisi\u00f3n unilateral.<\/span><span data-ccp-props=\"{&quot;335559731&quot;:708}\">\u00a0<\/span><\/p>\n<p><span data-contrast=\"auto\">Los estudiantes recomendaron a quienes est\u00e9n interesados en postularse para consejeros alumnos que acudan a la <\/span><span data-contrast=\"auto\">Coordinaci\u00f3n Universitaria de Atenci\u00f3n Estudiantil<\/span><span data-contrast=\"auto\">, ubicada en la Unidad Central.<\/span><span data-ccp-props=\"{&quot;335559731&quot;:708}\">\u00a0<\/span><\/p>\n","protected":false},"excerpt":{"rendered":"<p>Esta generaci\u00f3n se caracteriz\u00f3 por una constante colaboraci\u00f3n y que el consejero debe buscar esas v\u00edas de crecimiento, tanto para s\u00ed como para los dem\u00e1s estudiantes<\/p>\n","protected":false},"author":1508,"featured_media":73970,"comment_status":"closed","ping_status":"closed","sticky":false,"template":"","format":"standard","meta":[],"categories":[61],"tags":[],"_links":{"self":[{"href":"https:\/\/www.uv.mx\/prensa\/wp-json\/wp\/v2\/posts\/73969"}],"collection":[{"href":"https:\/\/www.uv.mx\/prensa\/wp-json\/wp\/v2\/posts"}],"about":[{"href":"https:\/\/www.uv.mx\/prensa\/wp-json\/wp\/v2\/types\/post"}],"author":[{"embeddable":true,"href":"https:\/\/www.uv.mx\/prensa\/wp-json\/wp\/v2\/users\/1508"}],"replies":[{"embeddable":true,"href":"https:\/\/www.uv.mx\/prensa\/wp-json\/wp\/v2\/comments?post=73969"}],"version-history":[{"count":0,"href":"https:\/\/www.uv.mx\/prensa\/wp-json\/wp\/v2\/posts\/73969\/revisions"}],"wp:featuredmedia":[{"embeddable":true,"href":"https:\/\/www.uv.mx\/prensa\/wp-json\/wp\/v2\/media\/73970"}],"wp:attachment":[{"href":"https:\/\/www.uv.mx\/prensa\/wp-json\/wp\/v2\/media?parent=73969"}],"wp:term":[{"taxonomy":"category","embeddable":true,"href":"https:\/\/www.uv.mx\/prensa\/wp-json\/wp\/v2\/categories?post=73969"},{"taxonomy":"post_tag","embeddable":true,"href":"https:\/\/www.uv.mx\/prensa\/wp-json\/wp\/v2\/tags?post=73969"}],"curies":[{"name":"wp","href":"https:\/\/api.w.org\/{rel}","templated":true}]}}