{"id":73999,"date":"2019-09-30T19:30:30","date_gmt":"2019-10-01T00:30:30","guid":{"rendered":"https:\/\/www.uv.mx\/prensa\/?p=73999"},"modified":"2019-10-01T11:18:35","modified_gmt":"2019-10-01T16:18:35","slug":"universidades-deben-fomentar-sociedades-incluyentes-elizabeth-martinez","status":"publish","type":"post","link":"https:\/\/www.uv.mx\/prensa\/general\/universidades-deben-fomentar-sociedades-incluyentes-elizabeth-martinez\/","title":{"rendered":"Universidades deben fomentar sociedades incluyentes: Elizabeth Mart\u00ednez"},"content":{"rendered":"<ul>\n<li data-leveltext=\"\uf0b7\" data-font=\"Symbol\" data-listid=\"5\" data-aria-posinset=\"1\" data-aria-level=\"1\"><i><span data-contrast=\"none\">Las instituciones de educaci\u00f3n superior<\/span><\/i> <i><span data-contrast=\"none\">son espacio<\/span><\/i><i><span data-contrast=\"none\">s privilegiados para abordarla<\/span><\/i><i><span data-contrast=\"none\">, por lo que deben jugar un rol imprescindible, protag\u00f3nico y vital en esa labor<\/span><\/i><span data-ccp-props=\"{}\">\u00a0<\/span><\/li>\n<\/ul>\n<div id='gallery-1' class='gallery galleryid-73999 gallery-columns-2 gallery-size-full'><dl class='gallery-item'>\n\t\t\t<dt class='gallery-icon landscape'>\n\t\t\t\t<a href='https:\/\/www.uv.mx\/prensa\/files\/2019\/09\/270919-Conferencia-Elizabeth-Martinez-2.jpg'><img width=\"722\" height=\"481\" src=\"https:\/\/www.uv.mx\/prensa\/files\/2019\/09\/270919-Conferencia-Elizabeth-Martinez-2.jpg\" class=\"attachment-full size-full\" alt=\"\" decoding=\"async\" loading=\"lazy\" aria-describedby=\"gallery-1-73824\" srcset=\"https:\/\/www.uv.mx\/prensa\/files\/2019\/09\/270919-Conferencia-Elizabeth-Martinez-2.jpg 722w, https:\/\/www.uv.mx\/prensa\/files\/2019\/09\/270919-Conferencia-Elizabeth-Martinez-2-300x200.jpg 300w\" sizes=\"(max-width: 722px) 100vw, 722px\" \/><\/a>\n\t\t\t<\/dt>\n\t\t\t\t<dd class='wp-caption-text gallery-caption' id='gallery-1-73824'>\n\t\t\t\tElizabeth Mart\u00ednez Buenabad\n\t\t\t\t<\/dd><\/dl><dl class='gallery-item'>\n\t\t\t<dt class='gallery-icon landscape'>\n\t\t\t\t<a href='https:\/\/www.uv.mx\/prensa\/files\/2019\/09\/270919-Conferencia-Elizabeth-Martinez-1.jpg'><img width=\"722\" height=\"481\" src=\"https:\/\/www.uv.mx\/prensa\/files\/2019\/09\/270919-Conferencia-Elizabeth-Martinez-1.jpg\" class=\"attachment-full size-full\" alt=\"\" decoding=\"async\" loading=\"lazy\" aria-describedby=\"gallery-1-73823\" srcset=\"https:\/\/www.uv.mx\/prensa\/files\/2019\/09\/270919-Conferencia-Elizabeth-Martinez-1.jpg 722w, https:\/\/www.uv.mx\/prensa\/files\/2019\/09\/270919-Conferencia-Elizabeth-Martinez-1-300x200.jpg 300w\" sizes=\"(max-width: 722px) 100vw, 722px\" \/><\/a>\n\t\t\t<\/dt>\n\t\t\t\t<dd class='wp-caption-text gallery-caption' id='gallery-1-73823'>\n\t\t\t\tEstudiantes y acad\u00e9micos abarrotaron la conferencia\n\t\t\t\t<\/dd><\/dl><br style=\"clear: both\" \/>\n\t\t<\/div>\n\n<p><b><i><span data-contrast=\"none\">Carlos Hugo Hermida Rosales<\/span><\/i><\/b><span data-ccp-props=\"{}\">\u00a0<\/span><\/p>\n<p><b><i><span data-contrast=\"none\">30<\/span><\/i><\/b><b><i><span data-contrast=\"none\">\/09\/<\/span><\/i><\/b><b><i><span data-contrast=\"none\">2019<\/span><\/i><\/b><b><i><span data-contrast=\"none\">.<\/span><\/i><\/b> <b><i><span data-contrast=\"none\">Xalapa, Ver.<\/span><\/i><\/b> <span data-contrast=\"none\">Elizabeth Mart\u00ednez <\/span><span data-contrast=\"none\">Buenabad<\/span><span data-contrast=\"none\">, investigadora del Instituto de <\/span><span data-contrast=\"none\">Ciencias Sociales y Humanidades \u201c<\/span><span data-contrast=\"none\">Alfonso V\u00e9lez Pliego<\/span><span data-contrast=\"none\">\u201d<\/span> <span data-contrast=\"none\">de la Benem\u00e9rita Universidad Aut\u00f3noma de Puebla (BUAP),<\/span> <span data-contrast=\"none\">declar\u00f3 que el tema de la diversidad tiene una gran relevancia en la \u00e9poca actual, y que ante esto las instituciones de educaci\u00f3n superior deben plante<\/span><span data-contrast=\"none\">ar una imagen positiva de <\/span><span data-contrast=\"none\">\u00e9<\/span><span data-contrast=\"none\">sta.<\/span><span data-ccp-props=\"{}\">\u00a0<\/span><\/p>\n<p><span data-contrast=\"none\">\u201cLas universidades son espacios privilegiados para abordar la diversidad, por lo que deben jugar un rol imprescindible, protag\u00f3nico y vital en esta labor\u201d, afirm\u00f3.<\/span><span data-ccp-props=\"{&quot;335559731&quot;:708}\">\u00a0<\/span><\/p>\n<p><span data-contrast=\"none\">La investigadora imparti\u00f3 <\/span><span data-contrast=\"none\">el 27 de septiembre en la<a href=\"https:\/\/www.uv.mx\/pedagogia\/\"> Facultad de Pedagog\u00eda <\/a><\/span><span data-contrast=\"none\">da la Universidad Veracruzana (UV), <\/span><span data-contrast=\"none\">la <\/span><span data-contrast=\"none\">conferencia \u201cFormar profesionistas para atender la diversidad sociocultural en M\u00e9xico: retos y propuestas<\/span><span data-contrast=\"none\">\u201d, en el marco del II Congreso de Pol\u00edtica P\u00fablica e<\/span><span data-contrast=\"none\"> Interculturalidad \u201cEscenarios e<\/span><span data-contrast=\"none\">mergentes\u201d y el V <\/span><span data-contrast=\"none\">C<\/span><span data-contrast=\"none\">oloquio de Interculturalidad<\/span><span data-contrast=\"none\">, realizados por esta entidad acad\u00e9m<\/span><span data-contrast=\"none\">ica del 25 al 27 de septiembre.<\/span><span data-ccp-props=\"{&quot;335559731&quot;:708}\">\u00a0<\/span><\/p>\n<p><span data-contrast=\"none\">Mart\u00ednez <\/span><span data-contrast=\"none\">Buenabad<\/span><span data-contrast=\"none\"> relat\u00f3 que <\/span><span data-contrast=\"none\">M\u00e9xico es un pa\u00eds multi\u00e9tnico, pluricultural y pluriling\u00fce, <\/span><span data-contrast=\"none\">que cuenta con una poblaci\u00f3n ind\u00edgena de <\/span><span data-contrast=\"none\">15<\/span><span data-contrast=\"none\"> millones de habitantes, de los que solamente siete millone<\/span><span data-contrast=\"none\">s hablan una lengua originaria.<\/span><span data-ccp-props=\"{&quot;335559731&quot;:708}\">\u00a0<\/span><\/p>\n<p><span data-contrast=\"none\">Explic\u00f3 que e<\/span><span data-contrast=\"none\">sto indica que<\/span><span data-contrast=\"none\"> la identidad ind\u00edgena no necesariamente se <\/span><span data-contrast=\"none\">vincula<\/span><span data-contrast=\"none\"> a una lengua, sino a los procesos sociales e hist\u00f3ricos de un pueblo<\/span><span data-contrast=\"none\">.<\/span><span data-ccp-props=\"{&quot;335559731&quot;:708}\">\u00a0<\/span><\/p>\n<p><span data-contrast=\"none\">Cit\u00f3 a la investigadora Cristina <\/span><span data-contrast=\"none\">Oehmichen<\/span><span data-contrast=\"none\"> al mencionar que los pobladores ind\u00edgenas muchas veces \u201cs<\/span><span data-contrast=\"none\">on reconocidos como miembros de la naci\u00f3n<\/span><span data-contrast=\"none\">,<\/span><span data-contrast=\"none\"> pero carecen de derechos espec\u00edficos<\/span><span data-contrast=\"none\">;<\/span><span data-contrast=\"none\"> son residentes en las ciudades<\/span><span data-contrast=\"none\">,<\/span><span data-contrast=\"none\"> pero se les <\/span><span data-contrast=\"none\">conmina<\/span><span data-contrast=\"none\"> a que regrese<\/span><span data-contrast=\"none\">n<\/span><span data-contrast=\"none\"> a sus <\/span><span data-contrast=\"none\">pueblos<\/span><span data-contrast=\"none\">;<\/span><span data-contrast=\"none\"> tienen derecho al libre <\/span><span data-contrast=\"none\">tr\u00e1nsito<\/span><span data-contrast=\"none\">, <\/span><span data-contrast=\"none\">pero su presencia en las <\/span><span data-contrast=\"none\">ciudades<\/span><span data-contrast=\"none\"> es motivo de conflicto<\/span><span data-contrast=\"none\">\u201d.<\/span><span data-ccp-props=\"{&quot;335559731&quot;:708}\">\u00a0<\/span><\/p>\n<p><span data-contrast=\"none\">Enunci\u00f3 que ante esto las instituciones de educaci\u00f3n superior deben aborda<\/span><span data-contrast=\"none\">r el tema de la diversidad no s\u00f3<\/span><span data-contrast=\"none\">lo desde un punto de vista te\u00f3rico, sino tambi\u00e9n desde la implicaci\u00f3n que tiene en la vida cotidiana de los estudiantes, acad\u00e9micos, y en general de todos los que construyen espacios de aprendizaje para constituirse en sujetos con la posibilidad de transformar su espacio y tiempo.<\/span><span data-ccp-props=\"{&quot;335559731&quot;:708}\">\u00a0<\/span><\/p>\n<p><span data-contrast=\"none\">Enfatiz\u00f3 que lo importante ahora es que las uni<\/span><span data-contrast=\"none\">versidades reorienten el camino, construyan alternativas y aprendan de las experiencias de aquellos que se han atrevido a modificar sus pol\u00edticas educativas y sus saberes escolares.<\/span><span data-ccp-props=\"{&quot;335559731&quot;:708}\">\u00a0<\/span><\/p>\n<p><span data-contrast=\"none\">\u201cLas universidades deben encaminarse al ejercicio pleno de una sustentabilidad sociocultural y pluriling\u00fce, y a modelos encaminados a construir sociedades incluyentes y ciudadan\u00eda intercultural\u201d, concluy\u00f3.<\/span><span data-ccp-props=\"{&quot;335559731&quot;:708}\">\u00a0<\/span><\/p>\n","protected":false},"excerpt":{"rendered":"<p>La identidad ind\u00edgena no necesariamente se vincula a una lengua, sino a los procesos sociales e hist\u00f3ricos de un pueblo<\/p>\n","protected":false},"author":1508,"featured_media":73824,"comment_status":"closed","ping_status":"closed","sticky":false,"template":"","format":"standard","meta":[],"categories":[1],"tags":[],"_links":{"self":[{"href":"https:\/\/www.uv.mx\/prensa\/wp-json\/wp\/v2\/posts\/73999"}],"collection":[{"href":"https:\/\/www.uv.mx\/prensa\/wp-json\/wp\/v2\/posts"}],"about":[{"href":"https:\/\/www.uv.mx\/prensa\/wp-json\/wp\/v2\/types\/post"}],"author":[{"embeddable":true,"href":"https:\/\/www.uv.mx\/prensa\/wp-json\/wp\/v2\/users\/1508"}],"replies":[{"embeddable":true,"href":"https:\/\/www.uv.mx\/prensa\/wp-json\/wp\/v2\/comments?post=73999"}],"version-history":[{"count":0,"href":"https:\/\/www.uv.mx\/prensa\/wp-json\/wp\/v2\/posts\/73999\/revisions"}],"wp:featuredmedia":[{"embeddable":true,"href":"https:\/\/www.uv.mx\/prensa\/wp-json\/wp\/v2\/media\/73824"}],"wp:attachment":[{"href":"https:\/\/www.uv.mx\/prensa\/wp-json\/wp\/v2\/media?parent=73999"}],"wp:term":[{"taxonomy":"category","embeddable":true,"href":"https:\/\/www.uv.mx\/prensa\/wp-json\/wp\/v2\/categories?post=73999"},{"taxonomy":"post_tag","embeddable":true,"href":"https:\/\/www.uv.mx\/prensa\/wp-json\/wp\/v2\/tags?post=73999"}],"curies":[{"name":"wp","href":"https:\/\/api.w.org\/{rel}","templated":true}]}}