{"id":74055,"date":"2019-10-01T15:44:02","date_gmt":"2019-10-01T20:44:02","guid":{"rendered":"https:\/\/www.uv.mx\/prensa\/?p=74055"},"modified":"2019-10-03T12:03:36","modified_gmt":"2019-10-03T17:03:36","slug":"uv-y-registro-agrario-nacional-fortalecen-vinculacion-a-traves-de-convenio","status":"publish","type":"post","link":"https:\/\/www.uv.mx\/prensa\/banner\/uv-y-registro-agrario-nacional-fortalecen-vinculacion-a-traves-de-convenio\/","title":{"rendered":"UV y Registro Agrario Nacional fortalecen vinculaci\u00f3n a trav\u00e9s de convenio"},"content":{"rendered":"<p>&nbsp;<\/p>\n<ul>\n<li data-leveltext=\"\uf0b7\" data-font=\"Symbol\" data-listid=\"1\" data-aria-posinset=\"1\" data-aria-level=\"1\"><i><span data-contrast=\"auto\">La Universidad Veracruzana y la dependencia gubernamental impulsar\u00e1n acciones que redundar\u00e1n en beneficio de las comunidades agrarias<\/span><\/i><span data-ccp-props=\"{&quot;134233279&quot;:true}\">\u00a0<\/span><\/li>\n<li data-leveltext=\"\uf0b7\" data-font=\"Symbol\" data-listid=\"1\" data-aria-posinset=\"2\" data-aria-level=\"1\"><i><span data-contrast=\"auto\">Se realizar\u00e1n<\/span><\/i><i><span data-contrast=\"auto\">\u00a0acciones relacionadas con el desarrollo acad\u00e9mico, cient\u00edfico, tecnol\u00f3gico y de vinculaci\u00f3n<\/span><\/i><span data-ccp-props=\"{&quot;134233279&quot;:true}\">\u00a0<\/span><\/li>\n<\/ul>\n<div id=\"attachment_74024\" style=\"width: 732px\" class=\"wp-caption aligncenter\"><a href=\"https:\/\/www.uv.mx\/prensa\/files\/2019\/10\/011019-UV-y-RAN-firmaron-convenio-1.jpg\"><img aria-describedby=\"caption-attachment-74024\" decoding=\"async\" loading=\"lazy\" class=\"size-full wp-image-74024\" src=\"https:\/\/www.uv.mx\/prensa\/files\/2019\/10\/011019-UV-y-RAN-firmaron-convenio-1.jpg\" alt=\"\" width=\"722\" height=\"482\" srcset=\"https:\/\/www.uv.mx\/prensa\/files\/2019\/10\/011019-UV-y-RAN-firmaron-convenio-1.jpg 722w, https:\/\/www.uv.mx\/prensa\/files\/2019\/10\/011019-UV-y-RAN-firmaron-convenio-1-300x200.jpg 300w\" sizes=\"(max-width: 722px) 100vw, 722px\" \/><\/a><p id=\"caption-attachment-74024\" class=\"wp-caption-text\">La rectora Sara Ladr\u00f3n de Guevara y Aurelia Ortiz, encargada de despacho del RAN, signaron el documento<\/p><\/div>\n<p><b><i><span data-contrast=\"auto\">David Sandoval Rodr\u00edguez<\/span><\/i><\/b><span data-ccp-props=\"{}\">\u00a0<\/span><\/p>\n<p><b><i><span data-contrast=\"auto\">01\/10\/2019, Xalapa, <\/span><\/i><\/b><b><i><span data-contrast=\"auto\">Ver.-<\/span><\/i><\/b><span data-contrast=\"auto\"> La <a href=\"https:\/\/www.uv.mx\/\" target=\"_blank\" rel=\"noopener noreferrer\">Universidad Veracruzana<\/a> (UV) y el Registro Agrario Nacional (RAN) firmaron e<\/span><span data-contrast=\"auto\">ste<\/span><span data-contrast=\"auto\"> martes un convenio general de colaboraci\u00f3n que formaliza distintas acciones de vinculaci\u00f3n acad\u00e9mica, desarrollo cient\u00edfico y tecnol\u00f3gico, as\u00ed como la actualizaci\u00f3n, profesionalizaci\u00f3n y capacitaci\u00f3n.<\/span><span data-ccp-props=\"{}\">\u00a0<\/span><\/p>\n<p><span data-contrast=\"auto\">En<\/span><span data-contrast=\"auto\"> representaci\u00f3n de la m\u00e1xima cas<\/span><span data-contrast=\"auto\">a de estudio<\/span><span data-contrast=\"auto\">s<\/span><span data-contrast=\"auto\"> firm\u00f3<\/span> <span data-contrast=\"auto\">la <\/span><span data-contrast=\"auto\">rectora <\/span><span data-contrast=\"auto\">Sara Ladr\u00f3n de Gue<\/span><span data-contrast=\"auto\">vara<\/span><span data-contrast=\"auto\"> y <\/span><span data-contrast=\"auto\">por el RAN hizo lo propio <\/span><span data-contrast=\"auto\">Aurelia Ortiz Ortega<\/span><span data-contrast=\"auto\">,<\/span> <span data-contrast=\"auto\">encargada de despacho, quien acudi\u00f3 como representante del comisionado Ulises Ch\u00e1vez Flores.<\/span><span data-ccp-props=\"{}\">\u00a0<\/span><\/p>\n<p><span data-contrast=\"auto\">\u201cCelebremos que estas dos instituciones hayamos llegado a este acuerdo que, sin lugar a dudas, redundar\u00e1 en beneficio de ambas instancias <\/span><span data-contrast=\"auto\">y,<\/span><span data-contrast=\"auto\"> sobre todo, directamente en beneficio del campo mexicano, el mismo que est\u00e1 llamado a responder a las crecientes necesidades alimentarias de nuestra poblaci\u00f3n\u201d, declar\u00f3 la Rectora.<\/span><span data-ccp-props=\"{&quot;335559731&quot;:708}\">\u00a0<\/span><\/p>\n<p><span data-contrast=\"auto\">De igual forma, detall\u00f3 que e<\/span><span data-contrast=\"auto\">l objet<\/span><span data-contrast=\"auto\">iv<\/span><span data-contrast=\"auto\">o del convenio es <\/span><span data-contrast=\"auto\">\u201c<\/span><span data-contrast=\"auto\">conjuntar acciones de colaboraci\u00f3n tendientes a fomentar la vinculaci\u00f3n acad\u00e9mica entre ambas entidades<\/span><span data-contrast=\"auto\">, <\/span><span data-contrast=\"auto\">para realiza<\/span><span data-contrast=\"auto\">r <\/span><span data-contrast=\"auto\">acciones de inter\u00e9s en beneficio mutuo relacionadas con el desarrollo acad\u00e9mico, cient\u00edfico, tecnol\u00f3gico y de vinculaci\u00f3n<\/span><span data-contrast=\"auto\">, las cuales<\/span><span data-contrast=\"auto\"> ser\u00e1n acordadas mediante convenios espec\u00edficos que deriven del presente convenio y de conformidad con la normatividad aplicable<\/span><span data-contrast=\"auto\">\u201d<\/span><span data-contrast=\"auto\">.<\/span><span data-ccp-props=\"{&quot;335559731&quot;:708}\">\u00a0<\/span><\/p>\n<p><span data-contrast=\"auto\">Alberto Islas Reyes, <\/span><span data-contrast=\"auto\">a<\/span><span data-contrast=\"auto\">bogado general de la UV, <\/span><span data-contrast=\"auto\">puntualiz\u00f3 que la m\u00e1xim<\/span><span data-contrast=\"auto\">a casa de estudio<\/span><span data-contrast=\"auto\">s<\/span><span data-contrast=\"auto\"> se compromete a fomentar en la poblaci\u00f3n estudiantil la realizaci\u00f3n de su servicio social para reforzar <\/span><span data-contrast=\"auto\">los<\/span><span data-contrast=\"auto\"> conocimientos adquiridos y gener<\/span><span data-contrast=\"auto\">ar <\/span><span data-contrast=\"auto\">experiencias para su desarrollo profesional<\/span><span data-contrast=\"auto\">; asimismo,<\/span><span data-contrast=\"auto\"> en dar al RAN los apoyos necesarios para impulsar y fomentar entre sus trabajadores la constante actualizaci\u00f3n y <\/span><span data-contrast=\"auto\">formaci\u00f3n acad\u00e9mica a trav\u00e9s de licenciaturas, maestr\u00edas, cursos, seminarios y talleres.<\/span><span data-ccp-props=\"{&quot;335559731&quot;:708}\">\u00a0<\/span><\/p>\n<div id=\"attachment_74023\" style=\"width: 732px\" class=\"wp-caption aligncenter\"><a href=\"https:\/\/www.uv.mx\/prensa\/files\/2019\/10\/011019-UV-y-RAN-firmaron-convenio-2.jpg\"><img aria-describedby=\"caption-attachment-74023\" decoding=\"async\" loading=\"lazy\" class=\"size-full wp-image-74023\" src=\"https:\/\/www.uv.mx\/prensa\/files\/2019\/10\/011019-UV-y-RAN-firmaron-convenio-2.jpg\" alt=\"\" width=\"722\" height=\"378\" srcset=\"https:\/\/www.uv.mx\/prensa\/files\/2019\/10\/011019-UV-y-RAN-firmaron-convenio-2.jpg 722w, https:\/\/www.uv.mx\/prensa\/files\/2019\/10\/011019-UV-y-RAN-firmaron-convenio-2-300x157.jpg 300w\" sizes=\"(max-width: 722px) 100vw, 722px\" \/><\/a><p id=\"caption-attachment-74023\" class=\"wp-caption-text\">La firma del convenio cont\u00f3 con la presencia de los respectivos cuerpos directivos de ambas instancias<\/p><\/div>\n<p><span data-contrast=\"auto\">Tambi\u00e9n <\/span><span data-contrast=\"auto\">se compromete <\/span><span data-contrast=\"auto\">a efectuar actividades de asesor\u00eda y capacitaci\u00f3n para el intercambio y manejo de informaci\u00f3n en el \u00e1mbito de su competencia.<\/span><span data-ccp-props=\"{&quot;335559731&quot;:708}\">\u00a0<\/span><\/p>\n<p><span data-contrast=\"auto\">Por su parte, el RAN se compromete <\/span><span data-contrast=\"auto\">a brindar las facilidades para <\/span><span data-contrast=\"auto\">que los universitarios <\/span><span data-contrast=\"auto\">reali<\/span><span data-contrast=\"auto\">cen el servicio social;<\/span><span data-contrast=\"auto\"> fomentar la constante formaci\u00f3n acad\u00e9mica entre sus trabajadores y brindar las facilidades para su desarrollo profesional.<\/span><span data-ccp-props=\"{&quot;335559731&quot;:708}\">\u00a0<\/span><\/p>\n<p><span data-contrast=\"auto\">Felipe de la Cruz Antonio, revisor registral del RAN, manifest\u00f3 la importancia de combinar el inter\u00e9s de las personas que saben con <\/span><span data-contrast=\"auto\">el inter\u00e9s de <\/span><span data-contrast=\"auto\">aquellas que sienten, como plante\u00f3 Antonio <\/span><span data-contrast=\"auto\">Gramsci<\/span><span data-contrast=\"auto\">.<\/span><span data-ccp-props=\"{&quot;335559731&quot;:708}\">\u00a0<\/span><\/p>\n<p><span data-contrast=\"auto\">\u201cNuestra intenci\u00f3n es que combinemos esas dos partes para que <\/span><span data-contrast=\"auto\">quienes<\/span><span data-contrast=\"auto\"> sepan sientan los problemas que vive el pa\u00eds<\/span><span data-contrast=\"auto\">,<\/span><span data-contrast=\"auto\"> y <\/span><span data-contrast=\"auto\">quienes<\/span><span data-contrast=\"auto\"> no saben aprendan y est\u00e9n protegidos\u201d<\/span><span data-contrast=\"auto\">, dijo el funcionario y<\/span><span data-contrast=\"auto\"> record\u00f3 que tambi\u00e9n es egresado de la UV en la regi\u00f3n Poza Rica-Tuxpan.<\/span><span data-ccp-props=\"{&quot;335559731&quot;:708}\">\u00a0<\/span><\/p>\n<p><span data-contrast=\"auto\">\u201cReconozco el papel de la UV, <\/span><span data-contrast=\"auto\">conozco <\/span><span data-contrast=\"auto\">el trabajo que hacen en muchas regiones; nosotros tenemos que estar convencidos de que el campo es una opci\u00f3n viable<\/span><span data-contrast=\"auto\"> y<\/span><span data-contrast=\"auto\"> con futuro<\/span><span data-contrast=\"auto\">,<\/span><span data-contrast=\"auto\"> de eso nos podemos encargar juntos, por ello agradecemos la atenci\u00f3n de la Universidad\u201d, destac\u00f3.<\/span><span data-ccp-props=\"{&quot;335559731&quot;:708}\">\u00a0<\/span><\/p>\n<p><span data-contrast=\"auto\">En la firma del convenio estuvieron presentes Magdalena Hern\u00e1ndez Alarc\u00f3n, secretaria Acad\u00e9mica; Salvador Tapia Spinoso, secretario de Administraci\u00f3n y Finanzas; Octavio Ochoa Contreras, secretario de Desarrollo Institucional<\/span><span data-contrast=\"auto\">; as\u00ed<\/span><span data-contrast=\"auto\"> como los directores generales de las cinco \u00e1reas acad\u00e9micas y de las direcciones generales de Vinculaci\u00f3n, Administraci\u00f3n Escolar, Desarrollo Acad\u00e9mico e Inno<\/span><span data-contrast=\"auto\">vaci\u00f3n Educativa.<\/span><span data-ccp-props=\"{&quot;335559731&quot;:708}\">\u00a0<\/span><\/p>\n<p><span data-contrast=\"auto\">Por parte del RAN acudieron<\/span><span data-contrast=\"auto\">:<\/span><span data-contrast=\"auto\"> Martiniano Garc\u00eda Alvarado, t\u00e9cnico superior; Monserrat Paniagua S\u00e1nchez<\/span><span data-contrast=\"auto\">,<\/span><span data-contrast=\"auto\"> del <\/span><span data-contrast=\"auto\">\u00c1<\/span><span data-contrast=\"auto\">rea <\/span><span data-contrast=\"auto\">J<\/span><span data-contrast=\"auto\">ur\u00eddica<\/span><span data-contrast=\"auto\">,<\/span><span data-contrast=\"auto\"> y \u00d3scar Mart\u00ednez Merino.<\/span><span data-ccp-props=\"{&quot;335559731&quot;:708}\">\u00a0<\/span><\/p>\n","protected":false},"excerpt":{"rendered":"<p>\u201cTenemos que estar convencidos de que el campo es una opci\u00f3n viable y con futuro, de eso nos podemos encargar juntos\u201d: Felipe de la Cruz <\/p>\n","protected":false},"author":1508,"featured_media":74022,"comment_status":"closed","ping_status":"closed","sticky":false,"template":"","format":"standard","meta":[],"categories":[61],"tags":[],"_links":{"self":[{"href":"https:\/\/www.uv.mx\/prensa\/wp-json\/wp\/v2\/posts\/74055"}],"collection":[{"href":"https:\/\/www.uv.mx\/prensa\/wp-json\/wp\/v2\/posts"}],"about":[{"href":"https:\/\/www.uv.mx\/prensa\/wp-json\/wp\/v2\/types\/post"}],"author":[{"embeddable":true,"href":"https:\/\/www.uv.mx\/prensa\/wp-json\/wp\/v2\/users\/1508"}],"replies":[{"embeddable":true,"href":"https:\/\/www.uv.mx\/prensa\/wp-json\/wp\/v2\/comments?post=74055"}],"version-history":[{"count":0,"href":"https:\/\/www.uv.mx\/prensa\/wp-json\/wp\/v2\/posts\/74055\/revisions"}],"wp:featuredmedia":[{"embeddable":true,"href":"https:\/\/www.uv.mx\/prensa\/wp-json\/wp\/v2\/media\/74022"}],"wp:attachment":[{"href":"https:\/\/www.uv.mx\/prensa\/wp-json\/wp\/v2\/media?parent=74055"}],"wp:term":[{"taxonomy":"category","embeddable":true,"href":"https:\/\/www.uv.mx\/prensa\/wp-json\/wp\/v2\/categories?post=74055"},{"taxonomy":"post_tag","embeddable":true,"href":"https:\/\/www.uv.mx\/prensa\/wp-json\/wp\/v2\/tags?post=74055"}],"curies":[{"name":"wp","href":"https:\/\/api.w.org\/{rel}","templated":true}]}}