{"id":74070,"date":"2019-10-02T08:00:59","date_gmt":"2019-10-02T13:00:59","guid":{"rendered":"https:\/\/www.uv.mx\/prensa\/?p=74070"},"modified":"2019-10-02T11:58:00","modified_gmt":"2019-10-02T16:58:00","slug":"la-investigacion-artistica-invita-a-la-reflexion","status":"publish","type":"post","link":"https:\/\/www.uv.mx\/prensa\/cultura\/la-investigacion-artistica-invita-a-la-reflexion\/","title":{"rendered":"<em>La investigaci\u00f3n art\u00edstica<\/em> invita a la reflexi\u00f3n"},"content":{"rendered":"<ul>\n<li data-leveltext=\"\uf0b7\" data-font=\"Symbol\" data-listid=\"1\" data-aria-posinset=\"1\" data-aria-level=\"1\"><i><span data-contrast=\"auto\">Antonio Prieto coment\u00f3 que el texto cuestiona<\/span><\/i><i><span data-contrast=\"auto\"> lo que implica este ejercicio<\/span><\/i><\/li>\n<li data-leveltext=\"\uf0b7\" data-font=\"Symbol\" data-listid=\"1\" data-aria-posinset=\"2\" data-aria-level=\"1\"><i><span data-contrast=\"auto\">Brenda Caro Cocotle dijo que llena un vac\u00edo en la bibliograf\u00eda en espa\u00f1ol en esta tem\u00e1tica<\/span><\/i><span data-ccp-props=\"{&quot;134233279&quot;:true,&quot;201341983&quot;:0,&quot;335559739&quot;:160,&quot;335559740&quot;:240}\">\u00a0<\/span><\/li>\n<\/ul>\n<div id=\"attachment_73834\" style=\"width: 732px\" class=\"wp-caption aligncenter\"><a href=\"https:\/\/www.uv.mx\/prensa\/files\/2019\/09\/270919-PAOLA-Investigacion-artistica-2.jpg\"><img aria-describedby=\"caption-attachment-73834\" decoding=\"async\" loading=\"lazy\" class=\"wp-image-73834 size-full\" src=\"https:\/\/www.uv.mx\/prensa\/files\/2019\/09\/270919-PAOLA-Investigacion-artistica-2.jpg\" alt=\"\" width=\"722\" height=\"481\" srcset=\"https:\/\/www.uv.mx\/prensa\/files\/2019\/09\/270919-PAOLA-Investigacion-artistica-2.jpg 722w, https:\/\/www.uv.mx\/prensa\/files\/2019\/09\/270919-PAOLA-Investigacion-artistica-2-300x200.jpg 300w\" sizes=\"(max-width: 722px) 100vw, 722px\" \/><\/a><p id=\"caption-attachment-73834\" class=\"wp-caption-text\">El libro es resultado de una investigaci\u00f3n realizada durante cuatro a\u00f1os<\/p><\/div>\n<p><b><i><span data-contrast=\"auto\">Paola Cort\u00e9s P\u00e9rez<\/span><\/i><\/b><span data-ccp-props=\"{&quot;201341983&quot;:0,&quot;335559739&quot;:160,&quot;335559740&quot;:240}\">\u00a0<\/span><\/p>\n<p><b><i><span data-contrast=\"auto\">02<\/span><\/i><\/b><b><i><span data-contrast=\"auto\">\/10\/2019, Xalapa, Ver.-<\/span><\/i><\/b><span data-contrast=\"auto\"> El libro <\/span><i><span data-contrast=\"auto\">La investigaci\u00f3n art\u00edstica. Un espacio de conocimiento disruptivo en las artes y la universidad<\/span><\/i><span data-contrast=\"auto\">, de <\/span><span data-contrast=\"auto\">Natalia Calder\u00f3n<\/span><span data-contrast=\"auto\">, <\/span><span data-contrast=\"auto\">llena un vac\u00edo importante <\/span><span data-contrast=\"auto\">en la bibliograf\u00eda en espa\u00f1ol sobre la investigaci\u00f3n art\u00edstica, expres\u00f3 <\/span><span data-contrast=\"auto\">Br<\/span><span data-contrast=\"auto\">enda Caro Cocotle, <\/span><span data-contrast=\"auto\">acad\u00e9mica de la <a href=\"https:\/\/www.uv.mx\/historia\/\">Facultad de Historia<\/a> de la Universidad Veracruzana (UV).<\/span><span data-ccp-props=\"{&quot;201341983&quot;:0,&quot;335559739&quot;:160,&quot;335559740&quot;:240}\">\u00a0<\/span><\/p>\n<p><span data-contrast=\"auto\">En la charla, <\/span><span data-contrast=\"auto\">efectuada<\/span><span data-contrast=\"auto\"> la noche del jueves 26 de septiembre en la Galer\u00eda de Arte \u201cFlavia\u201d, tambi\u00e9n participaron Antonio Prieto Stambaugh, profesor-investigador de la Facultad de Teatro y el Centro de Estudios, Creaci\u00f3n y Documentaci\u00f3n de las Artes (CECDA), as\u00ed como la autora.<\/span><span data-ccp-props=\"{&quot;201341983&quot;:0,&quot;335559731&quot;:708,&quot;335559739&quot;:160,&quot;335559740&quot;:240}\">\u00a0<\/span><\/p>\n<p><span data-contrast=\"auto\">Brenda Caro reiter\u00f3 que este libro es relevante por la tem\u00e1tica que aborda y porque hay poca informaci\u00f3n en espa\u00f1ol sobre este campo del saber: la investigaci\u00f3n art\u00edstica.<\/span><span data-ccp-props=\"{&quot;201341983&quot;:0,&quot;335559731&quot;:708,&quot;335559739&quot;:160,&quot;335559740&quot;:240}\">\u00a0<\/span><\/p>\n<p><span data-contrast=\"auto\">Coment\u00f3 que puede ser le\u00eddo desde dos perspectivas: desde el lector especializado, pues puede ayudarle a plant<\/span><span data-contrast=\"auto\">e<\/span><span data-contrast=\"auto\">ar muchas preguntas para futuras investigaciones; y para el lector interesado en los conocimientos que surgen desde el arte.<\/span><span data-ccp-props=\"{&quot;201341983&quot;:0,&quot;335559731&quot;:708,&quot;335559739&quot;:160,&quot;335559740&quot;:240}\">\u00a0<\/span><\/p>\n<p><span data-contrast=\"auto\">En tanto, Antonio Prieto<\/span><span data-contrast=\"auto\"> dijo que <\/span><span data-contrast=\"auto\">el libro invita a los lectores a reflexionar y trabajar el pensamiento cr\u00edtico, sobre todo a cuestionar lo que implica el ejercici<\/span><span data-contrast=\"auto\">o de la investigaci\u00f3n art\u00edstica, \u00bfinvestigamos s\u00f3lo el arte o hacemos una investigaci\u00f3n art\u00edstica?<\/span><span data-ccp-props=\"{&quot;201341983&quot;:0,&quot;335559731&quot;:708,&quot;335559739&quot;:160,&quot;335559740&quot;:240}\">\u00a0<\/span><\/p>\n<p><span data-contrast=\"auto\">\u201cEs un peque\u00f1o gran libro, porque aporta una reflexi\u00f3n <\/span><span data-contrast=\"auto\">fundamental<\/span><span data-contrast=\"auto\"> a quienes nos dedicamos a investigar los fen\u00f3men<\/span><span data-contrast=\"auto\">os art\u00edsticos, no es un manual sino<\/span><span data-contrast=\"auto\"> que<\/span><span data-contrast=\"auto\"> lanza preguntas muy interesantes: \u00bfqu\u00e9 sentido tiene lo que hacemos?, \u00bfcon qui\u00e9n o para qu\u00e9 investigamos?, \u00bfse trata de un ejercicio meramente te\u00f3rico o se vincula con pr\u00e1cticas vivas, cuerpos o subjetividades varias?, \u00bfel artista puede ser investigador de sus propios procesos creativos?, entre otras.\u201d<\/span><span data-ccp-props=\"{&quot;201341983&quot;:0,&quot;335559731&quot;:708,&quot;335559739&quot;:160,&quot;335559740&quot;:240}\">\u00a0<\/span><\/p>\n<p><span data-contrast=\"auto\">Por <\/span><span data-contrast=\"auto\">\u00faltimo, Natalia Calder\u00f3n dijo que <\/span><span data-contrast=\"auto\">este libro cuestiona las estructuras normalizantes de la investigaci\u00f3n art\u00edstica, y agreg\u00f3 que es resultado de su tesis doctoral elaborad<\/span><span data-contrast=\"auto\">a<\/span><span data-contrast=\"auto\"> durante cuatro a\u00f1os.<\/span><span data-ccp-props=\"{&quot;201341983&quot;:0,&quot;335559731&quot;:708,&quot;335559739&quot;:160,&quot;335559740&quot;:240}\">\u00a0<\/span><\/p>\n<div id=\"attachment_73833\" style=\"width: 732px\" class=\"wp-caption aligncenter\"><a href=\"https:\/\/www.uv.mx\/prensa\/files\/2019\/09\/270919-PAOLA-Investigacion-artistica-1.jpg\"><img aria-describedby=\"caption-attachment-73833\" decoding=\"async\" loading=\"lazy\" class=\"wp-image-73833 size-full\" src=\"https:\/\/www.uv.mx\/prensa\/files\/2019\/09\/270919-PAOLA-Investigacion-artistica-1.jpg\" alt=\"\" width=\"722\" height=\"481\" srcset=\"https:\/\/www.uv.mx\/prensa\/files\/2019\/09\/270919-PAOLA-Investigacion-artistica-1.jpg 722w, https:\/\/www.uv.mx\/prensa\/files\/2019\/09\/270919-PAOLA-Investigacion-artistica-1-300x200.jpg 300w\" sizes=\"(max-width: 722px) 100vw, 722px\" \/><\/a><p id=\"caption-attachment-73833\" class=\"wp-caption-text\">Natalia Calder\u00f3n, Antonio Prieto y Brenda Caro Cocotle presentaron y comentaron la publicaci\u00f3n<\/p><\/div>\n","protected":false},"excerpt":{"rendered":"<p>\u201cEs un peque\u00f1o gran libro, porque aporta una reflexi\u00f3n fundamental a quienes nos dedicamos a investigar los fen\u00f3menos art\u00edsticos\u201d: Antonio Prieto <\/p>\n","protected":false},"author":1508,"featured_media":73834,"comment_status":"closed","ping_status":"closed","sticky":false,"template":"","format":"standard","meta":[],"categories":[11],"tags":[],"_links":{"self":[{"href":"https:\/\/www.uv.mx\/prensa\/wp-json\/wp\/v2\/posts\/74070"}],"collection":[{"href":"https:\/\/www.uv.mx\/prensa\/wp-json\/wp\/v2\/posts"}],"about":[{"href":"https:\/\/www.uv.mx\/prensa\/wp-json\/wp\/v2\/types\/post"}],"author":[{"embeddable":true,"href":"https:\/\/www.uv.mx\/prensa\/wp-json\/wp\/v2\/users\/1508"}],"replies":[{"embeddable":true,"href":"https:\/\/www.uv.mx\/prensa\/wp-json\/wp\/v2\/comments?post=74070"}],"version-history":[{"count":0,"href":"https:\/\/www.uv.mx\/prensa\/wp-json\/wp\/v2\/posts\/74070\/revisions"}],"wp:featuredmedia":[{"embeddable":true,"href":"https:\/\/www.uv.mx\/prensa\/wp-json\/wp\/v2\/media\/73834"}],"wp:attachment":[{"href":"https:\/\/www.uv.mx\/prensa\/wp-json\/wp\/v2\/media?parent=74070"}],"wp:term":[{"taxonomy":"category","embeddable":true,"href":"https:\/\/www.uv.mx\/prensa\/wp-json\/wp\/v2\/categories?post=74070"},{"taxonomy":"post_tag","embeddable":true,"href":"https:\/\/www.uv.mx\/prensa\/wp-json\/wp\/v2\/tags?post=74070"}],"curies":[{"name":"wp","href":"https:\/\/api.w.org\/{rel}","templated":true}]}}