{"id":74093,"date":"2019-10-01T21:00:06","date_gmt":"2019-10-02T02:00:06","guid":{"rendered":"https:\/\/www.uv.mx\/prensa\/?p=74093"},"modified":"2019-10-03T11:25:46","modified_gmt":"2019-10-03T16:25:46","slug":"uv-es-constructora-de-suenos-rectora","status":"publish","type":"post","link":"https:\/\/www.uv.mx\/prensa\/banner\/uv-es-constructora-de-suenos-rectora\/","title":{"rendered":"UV es constructora de sue\u00f1os: Rectora"},"content":{"rendered":"<ul>\n<li data-leveltext=\"\uf0b7\" data-font=\"Symbol\" data-listid=\"1\" data-aria-posinset=\"1\" data-aria-level=\"1\"><i><span data-contrast=\"auto\">La Universidad realiz\u00f3 la toma de fotograf\u00eda oficial con los cuatro mil 210 egresados del periodo febrero-julio 2019<\/span><\/i><span data-ccp-props=\"{&quot;134233279&quot;:true}\">\u00a0<\/span><\/li>\n<li data-leveltext=\"\uf0b7\" data-font=\"Symbol\" data-listid=\"1\" data-aria-posinset=\"2\" data-aria-level=\"1\"><i><span data-contrast=\"auto\">Edieli<\/span><\/i><i><span data-contrast=\"auto\"> Berenice Ortigoza Barradas, <\/span><\/i><i><span data-contrast=\"auto\">egresada <\/span><\/i><i><span data-contrast=\"auto\">de la Facultad de M\u00fasica<\/span><\/i><i><span data-contrast=\"auto\">, recibi\u00f3 l<\/span><\/i><i><span data-contrast=\"auto\">a Medalla al M\u00e9rito Estudiantil <\/span><\/i><i><span data-contrast=\"auto\">\u201cDr. Manuel Su\u00e1rez Trujillo\u201d<\/span><\/i><span data-ccp-props=\"{&quot;134233279&quot;:true}\">\u00a0<\/span><\/li>\n<\/ul>\n<div id=\"attachment_74090\" style=\"width: 1034px\" class=\"wp-caption aligncenter\"><a href=\"https:\/\/www.uv.mx\/prensa\/files\/2019\/10\/011019-Egreso-1.jpg\"><img aria-describedby=\"caption-attachment-74090\" decoding=\"async\" loading=\"lazy\" class=\"wp-image-74090 size-full\" src=\"https:\/\/www.uv.mx\/prensa\/files\/2019\/10\/011019-Egreso-1.jpg\" alt=\"\" width=\"1024\" height=\"279\" srcset=\"https:\/\/www.uv.mx\/prensa\/files\/2019\/10\/011019-Egreso-1.jpg 1024w, https:\/\/www.uv.mx\/prensa\/files\/2019\/10\/011019-Egreso-1-300x82.jpg 300w, https:\/\/www.uv.mx\/prensa\/files\/2019\/10\/011019-Egreso-1-768x209.jpg 768w\" sizes=\"(max-width: 1024px) 100vw, 1024px\" \/><\/a><p id=\"caption-attachment-74090\" class=\"wp-caption-text\">Foto oficial de autoridades universitarias con egresados del periodo febrero-julio 2019<\/p><\/div>\n<p><b><i><span data-contrast=\"auto\">01\/10\/2019, Xalapa, Ver.-<\/span><\/i><\/b> <span data-contrast=\"auto\">La<\/span><a href=\"https:\/\/www.uv.mx\/\"><span data-contrast=\"auto\"> Universidad Veracruzana <\/span><\/a><span data-contrast=\"auto\">(UV) <\/span><span data-contrast=\"auto\">realiz\u00f3 la toma de fotograf\u00eda <\/span><span data-contrast=\"auto\">con<\/span><span data-contrast=\"auto\"> los <\/span><span data-contrast=\"auto\">cuatro mil 210 <\/span><span data-contrast=\"auto\">egresados del periodo febrero-julio de 2019, <\/span><span data-contrast=\"auto\">y entreg\u00f3 la Medalla al M\u00e9rito Estudiantil \u201cDr. Manuel Su\u00e1rez Trujillo\u201d a <\/span><span data-contrast=\"auto\">Edieli<\/span><span data-contrast=\"auto\"> Berenice <\/span><span data-contrast=\"auto\">Ortigoza Barradas, <\/span><span data-contrast=\"auto\">egresada <\/span><span data-contrast=\"auto\">de la Facultad de M\u00fasica.<\/span><span data-ccp-props=\"{}\">\u00a0<\/span><\/p>\n<p><span data-contrast=\"auto\">La ceremonia y toma de fotograf\u00eda se realiz\u00f3 en <\/span><span data-contrast=\"auto\">Tlaqn\u00e1<\/span><span data-contrast=\"auto\">, Centro Cultural, <\/span><span data-contrast=\"auto\">y <\/span><span data-contrast=\"auto\">fue encabezada por la rectora de la UV, Sara Ladr\u00f3n de Guevara, acompa\u00f1ada de la secretaria acad\u00e9mica, Magdalena Hern\u00e1ndez Alarc\u00f3n; el secretario de Administraci\u00f3n y Finanzas, Salvador Tapia <\/span><span data-contrast=\"auto\">Spinoso<\/span><span data-contrast=\"auto\">, y los directores generales de las \u00e1reas acad\u00e9micas.<\/span><span data-ccp-props=\"{&quot;335559731&quot;:708}\">\u00a0<\/span><\/p>\n<p><span data-contrast=\"auto\">Durante este periodo febrero-julio egresaron cuatro mil 210<\/span><span data-contrast=\"auto\">\u00a0de T\u00e9cnico Superior Universitario (TSU), licenciatura y posgrado<\/span><span data-contrast=\"auto\">: mil 652 de la regi\u00f3n Xalapa; mil 14 de la regi\u00f3n Veracruz; 589 de la regi\u00f3n Poza Rica-Tuxpan; 519 de la regi\u00f3n Orizaba-C\u00f3rdoba, y 436 de la regi\u00f3n Coatzacoalcos-Minatitl\u00e1n. Cabe mencionar que la toma de fotograf\u00eda se realiz\u00f3 de <\/span><span data-contrast=\"auto\">forma<\/span><span data-contrast=\"auto\"> simult\u00e1nea en cada una de las regiones de la UV.<\/span><span data-ccp-props=\"{&quot;335559731&quot;:708}\">\u00a0<\/span><\/p>\n<p><span data-contrast=\"auto\">Edieli<\/span><span data-contrast=\"auto\"> Berenice Ortigoza, egresada de la Lic<\/span><span data-contrast=\"auto\">enciatura en Educaci\u00f3n Musical y galardonada<\/span><span data-contrast=\"auto\"> con la Medalla al M\u00e9rito Estudiantil<\/span><span data-contrast=\"auto\">, habl\u00f3 a nombre de los egresados<\/span> <span data-contrast=\"auto\">y expres\u00f3 que <\/span><span data-contrast=\"auto\">el concluir sus estudios representa un momento de orgullo, ya que durante su paso por la Universidad afirm\u00f3 su pasi\u00f3n y vocaci\u00f3n por la educaci\u00f3n musical, gracias a la calidad y pertinencia de sus programas educativos y a la excelencia de sus acad\u00e9micos.<\/span><span data-ccp-props=\"{&quot;335559731&quot;:708}\">\u00a0<\/span><\/p>\n<p><span data-contrast=\"auto\">Es cierto, dijo, que la formaci\u00f3n universitaria puede llegar a ser complicada por diversas razones, que en su caso fueron los m\u00faltiples <\/span><span data-contrast=\"auto\">roles que <\/span><span data-contrast=\"auto\">enfrent\u00f3: <\/span><span data-contrast=\"auto\">ser madre, trabajar, ser estudiante<\/span><span data-contrast=\"auto\"> y viajar cada semana, fueron las mismas que la alentaron y motivaron a seguir adelante.<\/span><span data-ccp-props=\"{&quot;335559731&quot;:708}\">\u00a0<\/span><\/p>\n<p><span data-contrast=\"auto\">\u201cEs verdad que hubo mucho esfuerzo y sacrificio, no s\u00f3lo de mi parte, pues pienso que este momento y esta medalla, son la hermosa fachada de una construcci\u00f3n, que atrae miradas y elogios, pero que n<\/span><span data-contrast=\"auto\">o podr\u00eda existir, si no tuviera<\/span><span data-contrast=\"auto\">, debajo de ella, fuertes cimientos. As\u00ed como compartimos el sacrificio, hoy compartimos el fruto que \u00e9se esfuerzo ha rendido: el \u00e9xito.\u201d<\/span><span data-ccp-props=\"{&quot;335559731&quot;:708}\">\u00a0<\/span><\/p>\n<p><span data-contrast=\"auto\">Invit\u00f3 a sus compa\u00f1eros a reflexionar, as\u00ed como lo hicieron en d\u00edas que tuvieron que hacer sacrificios, <\/span><span data-contrast=\"auto\">porque encontraran m\u00e1s razones para valorar el \u00e9xito que hoy disfrutan as\u00ed como para agradecer a quienes los han acompa\u00f1ado y apoyado.<\/span><span data-ccp-props=\"{&quot;335559731&quot;:708}\">\u00a0<\/span><\/p>\n<div id='gallery-1' class='gallery galleryid-74093 gallery-columns-2 gallery-size-full'><dl class='gallery-item'>\n\t\t\t<dt class='gallery-icon landscape'>\n\t\t\t\t<a href='https:\/\/www.uv.mx\/prensa\/files\/2019\/10\/011019-Egreso-2.jpg'><img width=\"722\" height=\"482\" src=\"https:\/\/www.uv.mx\/prensa\/files\/2019\/10\/011019-Egreso-2.jpg\" class=\"attachment-full size-full\" alt=\"\" decoding=\"async\" loading=\"lazy\" aria-describedby=\"gallery-1-74089\" srcset=\"https:\/\/www.uv.mx\/prensa\/files\/2019\/10\/011019-Egreso-2.jpg 722w, https:\/\/www.uv.mx\/prensa\/files\/2019\/10\/011019-Egreso-2-300x200.jpg 300w\" sizes=\"(max-width: 722px) 100vw, 722px\" \/><\/a>\n\t\t\t<\/dt>\n\t\t\t\t<dd class='wp-caption-text gallery-caption' id='gallery-1-74089'>\n\t\t\t\tSara Ladr\u00f3n de Guevara exhort\u00f3 a los egresados a desempe\u00f1arse con \u00e9tica durante su desarrollo profesional\n\t\t\t\t<\/dd><\/dl><dl class='gallery-item'>\n\t\t\t<dt class='gallery-icon landscape'>\n\t\t\t\t<a href='https:\/\/www.uv.mx\/prensa\/files\/2019\/10\/011019-Egreso-3.jpg'><img width=\"722\" height=\"482\" src=\"https:\/\/www.uv.mx\/prensa\/files\/2019\/10\/011019-Egreso-3.jpg\" class=\"attachment-full size-full\" alt=\"\" decoding=\"async\" loading=\"lazy\" aria-describedby=\"gallery-1-74087\" srcset=\"https:\/\/www.uv.mx\/prensa\/files\/2019\/10\/011019-Egreso-3.jpg 722w, https:\/\/www.uv.mx\/prensa\/files\/2019\/10\/011019-Egreso-3-300x200.jpg 300w\" sizes=\"(max-width: 722px) 100vw, 722px\" \/><\/a>\n\t\t\t<\/dt>\n\t\t\t\t<dd class='wp-caption-text gallery-caption' id='gallery-1-74087'>\n\t\t\t\tEdieli Ortigoza, acompa\u00f1ada de su hijo, fue galardonada con la Medalla al M\u00e9rito Estudiantil \u201cDr. Manuel Su\u00e1rez Trujillo\u201d\n\t\t\t\t<\/dd><\/dl><br style=\"clear: both\" \/>\n\t\t<\/div>\n\n<p><span data-contrast=\"auto\">La Medalla al M\u00e9rito Estudiantil \u201cDr. Manuel Su\u00e1rez Trujillo\u201d <\/span><span data-contrast=\"auto\">es el m\u00e1s<\/span><span data-contrast=\"auto\"> alto reconocimiento q<\/span><span data-contrast=\"auto\">ue la UV entrega a sus alumnos que concluyeron sus estudios con un promedio genera<\/span><span data-contrast=\"auto\">l de 10<\/span><span data-contrast=\"auto\"> en Licenciatura<\/span><span data-contrast=\"auto\"> o 100<\/span><span data-contrast=\"auto\"> a nivel posgrado.<\/span><span data-ccp-props=\"{&quot;335559731&quot;:708}\">\u00a0<\/span><\/p>\n<p><span data-contrast=\"auto\">En tanto, la rectora Sara Ladr\u00f3n de Guevara <\/span><span data-contrast=\"auto\">mencion\u00f3 que la fotograf\u00eda tomada les recordar\u00e1 el momento \u00fanico e irrepetible en sus vidas: reflejar\u00e1 con veracidad su vida y los acontecimientos que han vivido a lo largo de todos estos a\u00f1os en que han sido distinguidos y orgullosos alumnos de esta casa de estudios.<\/span><span data-ccp-props=\"{&quot;335559731&quot;:708}\">\u00a0<\/span><\/p>\n<p><span data-contrast=\"auto\">\u201c<\/span><span data-contrast=\"auto\">Me queda claro que cuando hablamos del derecho a so\u00f1ar que defendemos en la Universidad Veracruzana, nos habla de que esta Universidad es constructora de sue\u00f1os y muchos de ellos se pueden cumplir con la obtenci\u00f3n de una visi\u00f3n del mundo y en la posibilidad de desarrollarse profesionalmente con calidad.\u201d<\/span><span data-ccp-props=\"{&quot;335559731&quot;:708}\">\u00a0<\/span><\/p>\n<p><span data-contrast=\"auto\">Mencion\u00f3 que por primera vez los egresados de la Universidad Veracruzana Intercultural (UVI) comparten la emoci\u00f3n de este acto en la regi\u00f3n Xalapa, \u201clos felicito por la constancia, la perseverancia y la capacidad mostradas a lo largo de sus estudios profesionales, me congratulo y enorgullezco\u201d.<\/span><span data-ccp-props=\"{&quot;335559731&quot;:708}\">\u00a0<\/span><\/p>\n<p><span data-contrast=\"auto\">Por \u00faltimo, les dese\u00f3 el mejor de los \u00e9xitos en su futura vida profesional y laboral; asimismo, los exhort\u00f3 a desempe\u00f1arse con la misma altura de miras y la misa \u00e9tica que caracterizaron su vida como estudiantes de<\/span> <span data-contrast=\"auto\">la UV, ser buenos profesionales y ciudadanos al servicio de la sociedad.<\/span><span data-ccp-props=\"{&quot;335559731&quot;:708}\">\u00a0<\/span><\/p>\n<p><span data-contrast=\"auto\">En la parte art\u00edstica se cont\u00f3 con la presentaci\u00f3n del dueto de piano y voz a cargo de destacados estudiantes de la Licenciatura en Estudios de Jazz que imparte el Centro de Estudios de Jazz UV <\/span><span data-contrast=\"auto\">(<\/span><i><span data-contrast=\"auto\">Jazzuv<\/span><\/i><span data-contrast=\"auto\">)<\/span><span data-contrast=\"auto\"> y el Coro de la UV enton\u00f3 el Himno de la Universidad Veracruzana,<\/span><span data-ccp-props=\"{&quot;335559731&quot;:708}\">\u00a0<\/span><\/p>\n<p><span data-contrast=\"auto\">Despu\u00e9s de la toma de la fotograf\u00eda general, la ceremonia de egresados concluy\u00f3 con la presentaci\u00f3n del Ballet Folkl\u00f3rico de la UV, acompa\u00f1ado del Mariachi Universitario.<\/span><span data-ccp-props=\"{&quot;335559731&quot;:708}\">\u00a0<\/span><\/p>\n<p><span data-contrast=\"auto\">Tambi\u00e9n estuvieron presentes <\/span><span data-contrast=\"auto\">m\u00f3dulos de informaci\u00f3n, que corresponden a los servicios y beneficios de ser Egresado UV<\/span><span data-contrast=\"auto\">.<\/span> <span data-contrast=\"auto\">L<\/span><span data-contrast=\"auto\">a <\/span><span data-contrast=\"auto\">Universidad, <\/span><span data-contrast=\"auto\">a trav\u00e9s de la Secretar\u00eda Acad\u00e9mica y la Direcci\u00f3n General de Desarrollo Acad\u00e9mico e Innovaci\u00f3n Educativa, en el marco de su Programa Institucional de Seguimiento de Egresados, promueve acciones y estrategias tendientes a evidenciar este reconocimiento y fortalecer el sentido de pertenencia e identidad con su instituci\u00f3n, facilit\u00e1ndoles el acceso a los servicios y beneficios institucionales, la participaci\u00f3n en los procesos acad\u00e9micos, la ubicaci\u00f3n en el campo ocupacional, la actualizaci\u00f3n acad\u00e9mica y la formaci\u00f3n permanente, el aprecio por la cultura y las artes, para su bienestar como profesionales comprometidos con su responsabilidad social como universitarios egresados de esta noble instituci\u00f3n.<\/span><span data-ccp-props=\"{&quot;335559731&quot;:708}\">\u00a0<\/span><\/p>\n<div id='gallery-2' class='gallery galleryid-74093 gallery-columns-2 gallery-size-full'><dl class='gallery-item'>\n\t\t\t<dt class='gallery-icon landscape'>\n\t\t\t\t<a href='https:\/\/www.uv.mx\/prensa\/files\/2019\/10\/011019-Egreso-4.jpg'><img width=\"722\" height=\"481\" src=\"https:\/\/www.uv.mx\/prensa\/files\/2019\/10\/011019-Egreso-4.jpg\" class=\"attachment-full size-full\" alt=\"\" decoding=\"async\" loading=\"lazy\" aria-describedby=\"gallery-2-74091\" srcset=\"https:\/\/www.uv.mx\/prensa\/files\/2019\/10\/011019-Egreso-4.jpg 722w, https:\/\/www.uv.mx\/prensa\/files\/2019\/10\/011019-Egreso-4-300x200.jpg 300w\" sizes=\"(max-width: 722px) 100vw, 722px\" \/><\/a>\n\t\t\t<\/dt>\n\t\t\t\t<dd class='wp-caption-text gallery-caption' id='gallery-2-74091'>\n\t\t\t\tEstudiantes del \u00c1rea Acad\u00e9mica de Artes abrieron la ceremonia \n\t\t\t\t<\/dd><\/dl><dl class='gallery-item'>\n\t\t\t<dt class='gallery-icon landscape'>\n\t\t\t\t<a href='https:\/\/www.uv.mx\/prensa\/files\/2019\/10\/011019-Egreso-5.jpg'><img width=\"722\" height=\"481\" src=\"https:\/\/www.uv.mx\/prensa\/files\/2019\/10\/011019-Egreso-5.jpg\" class=\"attachment-full size-full\" alt=\"\" decoding=\"async\" loading=\"lazy\" aria-describedby=\"gallery-2-74092\" srcset=\"https:\/\/www.uv.mx\/prensa\/files\/2019\/10\/011019-Egreso-5.jpg 722w, https:\/\/www.uv.mx\/prensa\/files\/2019\/10\/011019-Egreso-5-300x200.jpg 300w\" sizes=\"(max-width: 722px) 100vw, 722px\" \/><\/a>\n\t\t\t<\/dt>\n\t\t\t\t<dd class='wp-caption-text gallery-caption' id='gallery-2-74092'>\n\t\t\t\tEl Mariachi Universitario y el Ballet Folkl\u00f3rico de la UV ofrecieron un espect\u00e1culo\n\t\t\t\t<\/dd><\/dl><br style=\"clear: both\" \/>\n\t\t<\/div>\n\n","protected":false},"excerpt":{"rendered":"<p>La rectora Sara Ladr\u00f3n de Guevara mencion\u00f3 que la fotograf\u00eda reflejar\u00e1 con veracidad su vida y los acontecimientos que han vivido a lo largo de todos estos a\u00f1os<\/p>\n","protected":false},"author":1508,"featured_media":74088,"comment_status":"closed","ping_status":"closed","sticky":false,"template":"","format":"standard","meta":[],"categories":[61],"tags":[],"_links":{"self":[{"href":"https:\/\/www.uv.mx\/prensa\/wp-json\/wp\/v2\/posts\/74093"}],"collection":[{"href":"https:\/\/www.uv.mx\/prensa\/wp-json\/wp\/v2\/posts"}],"about":[{"href":"https:\/\/www.uv.mx\/prensa\/wp-json\/wp\/v2\/types\/post"}],"author":[{"embeddable":true,"href":"https:\/\/www.uv.mx\/prensa\/wp-json\/wp\/v2\/users\/1508"}],"replies":[{"embeddable":true,"href":"https:\/\/www.uv.mx\/prensa\/wp-json\/wp\/v2\/comments?post=74093"}],"version-history":[{"count":0,"href":"https:\/\/www.uv.mx\/prensa\/wp-json\/wp\/v2\/posts\/74093\/revisions"}],"wp:featuredmedia":[{"embeddable":true,"href":"https:\/\/www.uv.mx\/prensa\/wp-json\/wp\/v2\/media\/74088"}],"wp:attachment":[{"href":"https:\/\/www.uv.mx\/prensa\/wp-json\/wp\/v2\/media?parent=74093"}],"wp:term":[{"taxonomy":"category","embeddable":true,"href":"https:\/\/www.uv.mx\/prensa\/wp-json\/wp\/v2\/categories?post=74093"},{"taxonomy":"post_tag","embeddable":true,"href":"https:\/\/www.uv.mx\/prensa\/wp-json\/wp\/v2\/tags?post=74093"}],"curies":[{"name":"wp","href":"https:\/\/api.w.org\/{rel}","templated":true}]}}