{"id":74514,"date":"2019-10-09T17:07:29","date_gmt":"2019-10-09T22:07:29","guid":{"rendered":"https:\/\/www.uv.mx\/prensa\/?p=74514"},"modified":"2019-10-10T12:01:59","modified_gmt":"2019-10-10T17:01:59","slug":"educadores-deben-ayudar-a-la-sociedad-a-conservar-su-lado-humanista","status":"publish","type":"post","link":"https:\/\/www.uv.mx\/prensa\/general\/educadores-deben-ayudar-a-la-sociedad-a-conservar-su-lado-humanista\/","title":{"rendered":"Educadores deben ayudar a la sociedad a conservar su lado humanista"},"content":{"rendered":"<ul>\n<li data-leveltext=\"\uf0b7\" data-font=\"Symbol\" data-listid=\"5\" data-aria-posinset=\"1\" data-aria-level=\"1\"><i><span data-contrast=\"auto\">\u201c<\/span><\/i><i><span data-contrast=\"auto\">Necesario<\/span><\/i><i><span data-contrast=\"auto\"> incorporar las visiones de otros mundos\u201d: <\/span><\/i><i><span data-contrast=\"auto\">Jorge Alberto <\/span><\/i><i><span data-contrast=\"auto\">Garc\u00eda Atilano<\/span><\/i><span data-ccp-props=\"{}\">\u00a0<\/span><\/li>\n<\/ul>\n<div id=\"attachment_74051\" style=\"width: 732px\" class=\"wp-caption aligncenter\"><a href=\"https:\/\/www.uv.mx\/prensa\/files\/2019\/10\/300919-Helice-Cuadruple.jpg\"><img aria-describedby=\"caption-attachment-74051\" decoding=\"async\" loading=\"lazy\" class=\"size-full wp-image-74051\" src=\"https:\/\/www.uv.mx\/prensa\/files\/2019\/10\/300919-Helice-Cuadruple.jpg\" alt=\"\" width=\"722\" height=\"481\" srcset=\"https:\/\/www.uv.mx\/prensa\/files\/2019\/10\/300919-Helice-Cuadruple.jpg 722w, https:\/\/www.uv.mx\/prensa\/files\/2019\/10\/300919-Helice-Cuadruple-300x200.jpg 300w\" sizes=\"(max-width: 722px) 100vw, 722px\" \/><\/a><p id=\"caption-attachment-74051\" class=\"wp-caption-text\">Jorge Alberto Garc\u00eda Atilano<\/p><\/div>\n<p><b><i><span data-contrast=\"auto\">Carlos Hugo Hermida Rosales<\/span><\/i><\/b><span data-ccp-props=\"{}\">\u00a0<\/span><\/p>\n<p><b><i><span data-contrast=\"auto\">0<\/span><\/i><\/b><b><i><span data-contrast=\"auto\">9<\/span><\/i><\/b><b><i><span data-contrast=\"auto\">\/<\/span><\/i><\/b><b><i><span data-contrast=\"auto\">1<\/span><\/i><\/b><b><i><span data-contrast=\"auto\">0\/<\/span><\/i><\/b><b><i><span data-contrast=\"auto\">2019<\/span><\/i><\/b><b><i><span data-contrast=\"auto\">,<\/span><\/i><\/b> <b><i><span data-contrast=\"auto\">Xalapa, Ver.<\/span><\/i><\/b><b><i><span data-contrast=\"auto\">&#8211;<\/span><\/i><\/b> <span data-contrast=\"auto\">Jorge Alberto Garc\u00eda Atilano, investigador y director de programas del Centro la Raza de la Universidad de Nuevo M\u00e9xico, <\/span><span data-contrast=\"auto\">declar\u00f3 que actualmente uno de los<\/span> <span data-contrast=\"auto\">principales retos de los educadores es crear una visi\u00f3n que brinde la posibilidad de formar una sociedad centrada en el humanismo.\u00a0<\/span><span data-ccp-props=\"{}\">\u00a0<\/span><\/p>\n<p><span data-contrast=\"auto\">\u201cPor muy avanzada que se encuentre en adelantos tecnol\u00f3gicos, la sociedad debe conservar su lado humanista e incorporar las visiones de otros mundos\u201d, mencion\u00f3.<\/span><span data-ccp-props=\"{&quot;335559731&quot;:708}\">\u00a0<\/span><\/p>\n<p><span data-contrast=\"auto\">El investigador imparti\u00f3 el 26 d<\/span><span data-contrast=\"auto\">e septiembre en la <a href=\"https:\/\/www.uv.mx\/pedagogia\/\" target=\"_blank\" rel=\"noopener noreferrer\">Facultad de Pedagog\u00eda <\/a><\/span><span data-contrast=\"auto\">la conferencia<\/span> <span data-contrast=\"auto\">\u201cIdentidad, i<\/span><span data-contrast=\"auto\">nterculturalidad y la h\u00e9lice cu\u00e1<\/span><span data-contrast=\"auto\">druple para el desarrollo sostenible\u201d<\/span><span data-contrast=\"auto\"> dentro <\/span><span data-contrast=\"none\">del II Congreso de Pol\u00edtica P\u00fablica e<\/span><span data-contrast=\"none\"> Interculturalidad \u201cEscenarios e<\/span><span data-contrast=\"none\">mergentes\u201d y el V Coloquio de Interculturalidad, realizados por esta entidad acad\u00e9mica del 25 al 27 de septiembre.\u00a0<\/span><span data-ccp-props=\"{&quot;335559731&quot;:708}\">\u00a0<\/span><\/p>\n<p><span data-contrast=\"auto\">Garc\u00eda Atilano afirm\u00f3 que el t\u00e9rmino de la h\u00e9lice cu\u00e1druple \u2013<\/span><span data-contrast=\"none\"> modelo que promueve el trabajo en equipo, la colaboraci\u00f3n y el intercambio de ideas por medio de la interacci\u00f3n entre la academia, la administraci\u00f3n p\u00fablica, empresas y la sociedad<\/span><span data-contrast=\"none\">\u2013<\/span><span data-contrast=\"none\"> se interrelaciona con la <\/span><span data-contrast=\"none\">i<\/span><span data-contrast=\"none\">dentidad y la interculturalidad.<\/span><span data-ccp-props=\"{&quot;335559731&quot;:708}\">\u00a0<\/span><\/p>\n<p><span data-contrast=\"none\">\u201cLa h\u00e9lice cu\u00e1druple es un modelo de vida que nos ayuda a entendernos dentro de la sociedad de la informaci\u00f3n y el conocimiento<\/span><span data-contrast=\"none\">, de una forma macro a nivel sociedad y micro a nivel individuo<\/span><span data-contrast=\"none\">\u201d, explic\u00f3.\u00a0<\/span><span data-ccp-props=\"{&quot;335559731&quot;:708}\">\u00a0<\/span><\/p>\n<p><span data-contrast=\"auto\">El investigador coment\u00f3 <\/span><span data-contrast=\"auto\">que <\/span><span data-contrast=\"auto\">mientras la interculturalidad es<\/span> <span data-contrast=\"auto\">un proceso que ayuda a que los miembros de la sociedad se conozcan entre s\u00ed, la h\u00e9lice cu\u00e1druple obliga a cada uno a conocerse a partir de ellos, de su ment<\/span><span data-contrast=\"auto\">e, esp\u00edritu, cuerpo y emociones<\/span><span data-contrast=\"auto\">, bases que conforman el bienestar del ser.<\/span><span data-ccp-props=\"{&quot;335559731&quot;:708}\">\u00a0<\/span><\/p>\n<p><span data-contrast=\"auto\">\u201cAyuda a formar una nueva sociedad dentro de la sociedad de la informaci\u00f3n\u201d, enunci\u00f3.<\/span><span data-ccp-props=\"{&quot;335559731&quot;:708}\">\u00a0<\/span><\/p>\n<p><span data-contrast=\"auto\">Enfatiz\u00f3 que la falta de inclusi\u00f3n y la igualdad no<\/span><span data-contrast=\"auto\"> se arreglan con el acceso a la<\/span><span data-contrast=\"auto\"> tecnolog\u00eda, sino con sistemas de sociedad que desarrollen conciencias de cambio que nos motiven a mejorar la vida humana.<\/span><\/p>\n","protected":false},"excerpt":{"rendered":"<p>\u201cNecesario incorporar las visiones de otros mundos\u201d: Jorge Alberto Garc\u00eda Atilano <\/p>\n","protected":false},"author":1508,"featured_media":74051,"comment_status":"closed","ping_status":"closed","sticky":false,"template":"","format":"standard","meta":[],"categories":[1],"tags":[],"_links":{"self":[{"href":"https:\/\/www.uv.mx\/prensa\/wp-json\/wp\/v2\/posts\/74514"}],"collection":[{"href":"https:\/\/www.uv.mx\/prensa\/wp-json\/wp\/v2\/posts"}],"about":[{"href":"https:\/\/www.uv.mx\/prensa\/wp-json\/wp\/v2\/types\/post"}],"author":[{"embeddable":true,"href":"https:\/\/www.uv.mx\/prensa\/wp-json\/wp\/v2\/users\/1508"}],"replies":[{"embeddable":true,"href":"https:\/\/www.uv.mx\/prensa\/wp-json\/wp\/v2\/comments?post=74514"}],"version-history":[{"count":0,"href":"https:\/\/www.uv.mx\/prensa\/wp-json\/wp\/v2\/posts\/74514\/revisions"}],"wp:featuredmedia":[{"embeddable":true,"href":"https:\/\/www.uv.mx\/prensa\/wp-json\/wp\/v2\/media\/74051"}],"wp:attachment":[{"href":"https:\/\/www.uv.mx\/prensa\/wp-json\/wp\/v2\/media?parent=74514"}],"wp:term":[{"taxonomy":"category","embeddable":true,"href":"https:\/\/www.uv.mx\/prensa\/wp-json\/wp\/v2\/categories?post=74514"},{"taxonomy":"post_tag","embeddable":true,"href":"https:\/\/www.uv.mx\/prensa\/wp-json\/wp\/v2\/tags?post=74514"}],"curies":[{"name":"wp","href":"https:\/\/api.w.org\/{rel}","templated":true}]}}