{"id":74533,"date":"2019-10-09T17:09:21","date_gmt":"2019-10-09T22:09:21","guid":{"rendered":"https:\/\/www.uv.mx\/prensa\/?p=74533"},"modified":"2019-10-10T11:55:35","modified_gmt":"2019-10-10T16:55:35","slug":"colaboracion-entre-autoridades-academia-y-ciudadania-previene-desastres","status":"publish","type":"post","link":"https:\/\/www.uv.mx\/prensa\/ciencia\/colaboracion-entre-autoridades-academia-y-ciudadania-previene-desastres\/","title":{"rendered":"Colaboraci\u00f3n entre autoridades, academia y ciudadan\u00eda previene desastres"},"content":{"rendered":"<ul>\n<li data-leveltext=\"\uf0b7\" data-font=\"Symbol\" data-listid=\"1\" data-aria-posinset=\"1\" data-aria-level=\"1\"><i><span data-contrast=\"auto\">El crecimiento demogr\u00e1fico desmedido y sin control pone en riesgo a las personas, coment\u00f3 el arquitecto<\/span><\/i> <i><span data-contrast=\"auto\">Pablo Jos\u00e9 Az\u00f3car <\/span><\/i><i><span data-contrast=\"auto\">Az\u00f3car<\/span><\/i><span data-ccp-props=\"{&quot;134233279&quot;:true}\">\u00a0<\/span><\/li>\n<\/ul>\n<div id=\"attachment_74378\" style=\"width: 732px\" class=\"wp-caption aligncenter\"><a href=\"https:\/\/www.uv.mx\/prensa\/files\/2019\/10\/041019-PAOLA-Conferencia-sismo-100k.jpg\"><img loading=\"lazy\" decoding=\"async\" aria-describedby=\"caption-attachment-74378\" class=\"size-full wp-image-74378\" src=\"https:\/\/www.uv.mx\/prensa\/files\/2019\/10\/041019-PAOLA-Conferencia-sismo-100k.jpg\" alt=\"\" width=\"722\" height=\"482\" srcset=\"https:\/\/www.uv.mx\/prensa\/files\/2019\/10\/041019-PAOLA-Conferencia-sismo-100k.jpg 722w, https:\/\/www.uv.mx\/prensa\/files\/2019\/10\/041019-PAOLA-Conferencia-sismo-100k-300x200.jpg 300w\" sizes=\"auto, (max-width: 722px) 100vw, 722px\" \/><\/a><p id=\"caption-attachment-74378\" class=\"wp-caption-text\">Pablo Jos\u00e9 Az\u00f3car Az\u00f3car dict\u00f3 videoconferencia a estudiantes de la UV, en el marco del <em>Fodicyt<\/em> 2019<\/p><\/div>\n<p><b><i><span data-contrast=\"auto\">Paola Cort\u00e9s P\u00e9rez<\/span><\/i><\/b><span data-ccp-props=\"{}\">\u00a0<\/span><\/p>\n<p><b><i><span data-contrast=\"auto\">09\/10\/2019, Xalapa, Ver.-<\/span><\/i><\/b><span data-contrast=\"auto\"> El arquitecto chileno <\/span><span data-contrast=\"auto\">Pablo Jos\u00e9 Az\u00f3car Az\u00f3car<\/span><span data-contrast=\"auto\"> opin\u00f3 que para generar medidas preventivas ante desastres naturales, como los sismos, es necesaria la colaboraci\u00f3n e intercambio de experiencias no s\u00f3lo entre autoridades, academia y ciudadan\u00eda, tambi\u00e9n entre los acad\u00e9micos de diferentes universidades y pa\u00edses.<\/span><span data-ccp-props=\"{}\">\u00a0<\/span><\/p>\n<p><span data-contrast=\"auto\">Lo anterior durante<\/span><span data-contrast=\"auto\"> la conferencia magistral \u201cVulnerabilidad s\u00edsmica de la arquitectura: <\/span><span data-contrast=\"auto\">c<\/span><span data-contrast=\"auto\">aso Chile\u201d, la tarde del jueves 3 de octubre en el audiovisual de la Facultad de Ingenier\u00eda Civil, en el marco del 9\u00ba Foro Internacional de Divulgaci\u00f3n Cient\u00edfica y Tecnol\u00f3gica<\/span><span data-contrast=\"auto\"> (<\/span><i><span data-contrast=\"auto\">F<\/span><\/i><i><span data-contrast=\"auto\">odicyt<\/span><\/i><span data-contrast=\"auto\">)<\/span><span data-contrast=\"auto\"> que tuvo como sede la <a href=\"https:\/\/www.uv.mx\/fime\/\" target=\"_blank\" rel=\"noopener noreferrer\">Facultad de Ingenier\u00eda Mec\u00e1nica y El\u00e9ctrica<\/a> (FIME) de la Universidad Veracruzana (UV).<\/span><span data-ccp-props=\"{&quot;335559731&quot;:708}\">\u00a0<\/span><\/p>\n<p><span data-contrast=\"auto\">Despu\u00e9s del terremoto registrado el 27 de febrero de 2010<\/span><span data-contrast=\"auto\">, que <\/span><span data-contrast=\"auto\">alcanz\u00f3 una <\/span><span data-contrast=\"auto\">escala sismol\u00f3gica de <\/span><span data-contrast=\"auto\">magnitud <\/span><span data-contrast=\"auto\">de momento (<\/span><span data-contrast=\"auto\">MW<\/span><span data-contrast=\"auto\">) <\/span><span data-contrast=\"auto\">de <\/span><span data-contrast=\"auto\">8.<\/span><span data-contrast=\"auto\">8, se le conoce con el <\/span><span data-contrast=\"auto\">numer\u00f3nimo<\/span><span data-contrast=\"auto\"> 27F, <\/span><span data-contrast=\"auto\">en Chile <\/span><span data-contrast=\"auto\">se trabaj\u00f3 para desarrollar estrategias y acciones preventivas<\/span><span data-contrast=\"auto\">,<\/span><span data-contrast=\"auto\"> as\u00ed como normas para el dise\u00f1o <\/span><span data-contrast=\"auto\">s\u00edsmico de edificios industriales, an\u00e1lisis de edificios con aislaci\u00f3n s\u00edsmica, carret<\/span><span data-contrast=\"auto\">er<\/span><span data-contrast=\"auto\">as y dise\u00f1o de obras civiles, entre otras.<\/span><span data-ccp-props=\"{&quot;335559731&quot;:708}\">\u00a0<\/span><\/p>\n<p><span data-contrast=\"auto\">\u201cDebemos hacer caso a los emplazamientos que se dan sobre los cambios clim\u00e1ticos <\/span><span data-contrast=\"auto\">e informar a la ciudadan\u00eda sobre los riesgos existentes.\u201d<\/span><span data-ccp-props=\"{&quot;335559731&quot;:708}\">\u00a0<\/span><\/p>\n<p><span data-contrast=\"auto\">Advirti\u00f3 que el crecimiento<\/span><span data-contrast=\"auto\"> demogr\u00e1fico<\/span><span data-contrast=\"auto\"> desmedido y sin control <\/span><span data-contrast=\"auto\">es un problema en todo el mundo, <\/span><span data-contrast=\"auto\">resultado de la especulaci\u00f3n en la construcci\u00f3n y venta de viviendas, lo que genera grandes peligros para la poblaci\u00f3n, toda vez que se establecen en lugares riesgosos.<\/span><span data-ccp-props=\"{&quot;335559731&quot;:708}\">\u00a0<\/span><\/p>\n<p><span data-contrast=\"auto\">\u201cChile es uno de los malos ejemplos en lo relacionado al tema de la planeaci\u00f3n urbana, ya que el crecimiento desmedido y sin control <\/span><span data-contrast=\"auto\">pone en riesgo a mucha gente y principalmente destruye el suelo de donde obtenemos nuestra comida\u201d, finaliz\u00f3.<\/span><span data-ccp-props=\"{&quot;335559731&quot;:708}\">\u00a0<\/span><\/p>\n","protected":false},"excerpt":{"rendered":"<p>El crecimiento demogr\u00e1fico desmedido y sin control pone en riesgo a las personas, coment\u00f3 el arquitecto Pablo Jos\u00e9 Az\u00f3car Az\u00f3car <\/p>\n","protected":false},"author":1508,"featured_media":74378,"comment_status":"closed","ping_status":"closed","sticky":false,"template":"","format":"standard","meta":{"footnotes":""},"categories":[45],"tags":[],"class_list":["post-74533","post","type-post","status-publish","format-standard","has-post-thumbnail","hentry","category-ciencia"],"_links":{"self":[{"href":"https:\/\/www.uv.mx\/prensa\/wp-json\/wp\/v2\/posts\/74533","targetHints":{"allow":["GET"]}}],"collection":[{"href":"https:\/\/www.uv.mx\/prensa\/wp-json\/wp\/v2\/posts"}],"about":[{"href":"https:\/\/www.uv.mx\/prensa\/wp-json\/wp\/v2\/types\/post"}],"author":[{"embeddable":true,"href":"https:\/\/www.uv.mx\/prensa\/wp-json\/wp\/v2\/users\/1508"}],"replies":[{"embeddable":true,"href":"https:\/\/www.uv.mx\/prensa\/wp-json\/wp\/v2\/comments?post=74533"}],"version-history":[{"count":0,"href":"https:\/\/www.uv.mx\/prensa\/wp-json\/wp\/v2\/posts\/74533\/revisions"}],"wp:featuredmedia":[{"embeddable":true,"href":"https:\/\/www.uv.mx\/prensa\/wp-json\/wp\/v2\/media\/74378"}],"wp:attachment":[{"href":"https:\/\/www.uv.mx\/prensa\/wp-json\/wp\/v2\/media?parent=74533"}],"wp:term":[{"taxonomy":"category","embeddable":true,"href":"https:\/\/www.uv.mx\/prensa\/wp-json\/wp\/v2\/categories?post=74533"},{"taxonomy":"post_tag","embeddable":true,"href":"https:\/\/www.uv.mx\/prensa\/wp-json\/wp\/v2\/tags?post=74533"}],"curies":[{"name":"wp","href":"https:\/\/api.w.org\/{rel}","templated":true}]}}