{"id":74626,"date":"2019-10-10T14:34:24","date_gmt":"2019-10-10T19:34:24","guid":{"rendered":"https:\/\/www.uv.mx\/prensa\/?p=74626"},"modified":"2019-10-10T20:13:05","modified_gmt":"2019-10-11T01:13:05","slug":"lucrecia-primer-borrador-ofrecera-sus-tres-ultimas-funciones","status":"publish","type":"post","link":"https:\/\/www.uv.mx\/prensa\/eventos\/lucrecia-primer-borrador-ofrecera-sus-tres-ultimas-funciones\/","title":{"rendered":"<em>Lucrecia, primer borrador<\/em> ofrecer\u00e1 sus tres \u00faltimas funciones"},"content":{"rendered":"<ul>\n<li><em>Del 11 al 13 de octubre, en el Teatro La Caja<\/em><\/li>\n<\/ul>\n<p><strong>\u00a0<\/strong><\/p>\n<div id=\"attachment_74627\" style=\"width: 732px\" class=\"wp-caption aligncenter\"><a href=\"https:\/\/www.uv.mx\/prensa\/files\/2019\/10\/101019_Lucrecia-ultimas-funciones.jpg\"><img aria-describedby=\"caption-attachment-74627\" decoding=\"async\" loading=\"lazy\" class=\"size-full wp-image-74627\" src=\"https:\/\/www.uv.mx\/prensa\/files\/2019\/10\/101019_Lucrecia-ultimas-funciones.jpg\" alt=\"\" width=\"722\" height=\"481\" srcset=\"https:\/\/www.uv.mx\/prensa\/files\/2019\/10\/101019_Lucrecia-ultimas-funciones.jpg 722w, https:\/\/www.uv.mx\/prensa\/files\/2019\/10\/101019_Lucrecia-ultimas-funciones-300x200.jpg 300w\" sizes=\"(max-width: 722px) 100vw, 722px\" \/><\/a><p id=\"caption-attachment-74627\" class=\"wp-caption-text\">La puesta en escena contiene una fuerte cr\u00edtica al antiguo poema de William Shakespeare (Fotograf\u00eda: Jorge Castillo)<\/p><\/div>\n<p><strong>\u00a0<\/strong><\/p>\n<p>&nbsp;<\/p>\n<p><strong><em>10\/10\/19, Xalapa, Ver.-<\/em><\/strong> S\u00f3lo quedan tres funciones de la puesta en escena <em>Lucrecia, primer borrador, <\/em>escrita por William Shakespeare, traducida por Jos\u00e9 Luis Rivas, dirigida por Luis Mario Moncada y presentada por la Compa\u00f1\u00eda Titular de Teatro de la Universidad Veracruzana (UV).<\/p>\n<p>\u00c9stas se ofrecer\u00e1n del 11 al 13 de octubre, en el Teatro La Caja en distintos horarios: el viernes a las 20:00 horas, el s\u00e1bado a las 19:00 y el domingo a las 18:00.<\/p>\n<p>La obra narra la violaci\u00f3n a Lucrecia \u2013personaje perteneciente a la antigua Roma, hija de Espurio Lucrecio y esposa de Colatino\u2013, sufrida a manos del hijo del rey de Roma, Sexto Tarquino, evento de gran trascendencia hist\u00f3rica pues marca la transici\u00f3n del imperio a la Rep\u00fablica en la antigua Roma.<\/p>\n<p>La violaci\u00f3n de Lucrecia, estridente poema proveniente del genio brit\u00e1nico, expone la historia de una mujer presa de la insaciable e incontrolable tempestad de un hombre arrojado a su deseo sin control ni freno. Relato antiguo, horror actual, representado en este primer borrador. \u00bfCu\u00e1nto m\u00e1s podr\u00e1 obsequiarnos aquella mujer?, \u00bfcu\u00e1nto m\u00e1s hace falta de ella en estos tiempos?<\/p>\n<p><em>Lucrecia, primer borrador <\/em>permanecer\u00e1 en cartelera del 11 al 13 de octubre, en el Teatro La Caja, calle La P\u00e9rgola s\/n, en la Zona Universitaria. La entrada es libre. Reservaciones con Laura Andrade al 228 818-38-16. Mayores informes en: <a href=\"http:\/\/www.promocion@organizacionteatral.com.mx\">www.promocion@organizacionteatral.com.mx<\/a>.<\/p>\n","protected":false},"excerpt":{"rendered":"<p>Del 11 al 13 de octubre en el Teatro La Caja. La entrada es libre<\/p>\n","protected":false},"author":1869,"featured_media":74627,"comment_status":"closed","ping_status":"closed","sticky":false,"template":"","format":"standard","meta":[],"categories":[47],"tags":[],"_links":{"self":[{"href":"https:\/\/www.uv.mx\/prensa\/wp-json\/wp\/v2\/posts\/74626"}],"collection":[{"href":"https:\/\/www.uv.mx\/prensa\/wp-json\/wp\/v2\/posts"}],"about":[{"href":"https:\/\/www.uv.mx\/prensa\/wp-json\/wp\/v2\/types\/post"}],"author":[{"embeddable":true,"href":"https:\/\/www.uv.mx\/prensa\/wp-json\/wp\/v2\/users\/1869"}],"replies":[{"embeddable":true,"href":"https:\/\/www.uv.mx\/prensa\/wp-json\/wp\/v2\/comments?post=74626"}],"version-history":[{"count":0,"href":"https:\/\/www.uv.mx\/prensa\/wp-json\/wp\/v2\/posts\/74626\/revisions"}],"wp:featuredmedia":[{"embeddable":true,"href":"https:\/\/www.uv.mx\/prensa\/wp-json\/wp\/v2\/media\/74627"}],"wp:attachment":[{"href":"https:\/\/www.uv.mx\/prensa\/wp-json\/wp\/v2\/media?parent=74626"}],"wp:term":[{"taxonomy":"category","embeddable":true,"href":"https:\/\/www.uv.mx\/prensa\/wp-json\/wp\/v2\/categories?post=74626"},{"taxonomy":"post_tag","embeddable":true,"href":"https:\/\/www.uv.mx\/prensa\/wp-json\/wp\/v2\/tags?post=74626"}],"curies":[{"name":"wp","href":"https:\/\/api.w.org\/{rel}","templated":true}]}}