{"id":74912,"date":"2019-10-15T19:21:47","date_gmt":"2019-10-16T00:21:47","guid":{"rendered":"https:\/\/www.uv.mx\/prensa\/?p=74912"},"modified":"2019-10-16T12:58:41","modified_gmt":"2019-10-16T17:58:41","slug":"matematicas-aplicables-a-la-seguridad-publica","status":"publish","type":"post","link":"https:\/\/www.uv.mx\/prensa\/ciencia\/matematicas-aplicables-a-la-seguridad-publica\/","title":{"rendered":"Matem\u00e1ticas, aplicables a la seguridad p\u00fablica"},"content":{"rendered":"<ul>\n<li data-leveltext=\"\uf0b7\" data-font=\"Symbol\" data-listid=\"1\" data-aria-posinset=\"1\" data-aria-level=\"1\"><i><span data-contrast=\"auto\">Jos\u00e9 Alfonso C<\/span><\/i><i><span data-contrast=\"auto\">abrera S\u00e1nchez <\/span><\/i><i><span data-contrast=\"auto\">imparti\u00f3 conferencia <\/span><\/i><i><span data-contrast=\"auto\">sobre la <\/span><\/i><i><span data-contrast=\"auto\">utilizaci\u00f3n de c\u00e1maras matem\u00e1ticas <\/span><\/i><i><span data-contrast=\"auto\">en la Ciudad de M\u00e9xico<\/span><\/i><\/li>\n<\/ul>\n<div id=\"attachment_74913\" style=\"width: 732px\" class=\"wp-caption aligncenter\"><a href=\"https:\/\/www.uv.mx\/prensa\/files\/2019\/10\/141019-Aquelarre-matematico-100k.jpg\"><img aria-describedby=\"caption-attachment-74913\" decoding=\"async\" loading=\"lazy\" class=\"size-full wp-image-74913\" src=\"https:\/\/www.uv.mx\/prensa\/files\/2019\/10\/141019-Aquelarre-matematico-100k.jpg\" alt=\"Jos\u00e9 Alfonso Cabrera S\u00e1nchez, egresado de la Facultad de Matem\u00e1ticas UV \" width=\"722\" height=\"586\" srcset=\"https:\/\/www.uv.mx\/prensa\/files\/2019\/10\/141019-Aquelarre-matematico-100k.jpg 722w, https:\/\/www.uv.mx\/prensa\/files\/2019\/10\/141019-Aquelarre-matematico-100k-300x243.jpg 300w, https:\/\/www.uv.mx\/prensa\/files\/2019\/10\/141019-Aquelarre-matematico-100k-100x80.jpg 100w\" sizes=\"(max-width: 722px) 100vw, 722px\" \/><\/a><p id=\"caption-attachment-74913\" class=\"wp-caption-text\">Jos\u00e9 Alfonso Cabrera S\u00e1nchez, egresado de la Facultad de Matem\u00e1ticas UV<\/p><\/div>\n<p><b><i><span data-contrast=\"auto\">Jorge V\u00e1zquez Pacheco<\/span><\/i><\/b><span data-ccp-props=\"{}\">\u00a0<\/span><\/p>\n<p><b><i><span data-contrast=\"auto\">1<\/span><\/i><\/b><b><i><span data-contrast=\"auto\">5<\/span><\/i><\/b><b><i><span data-contrast=\"auto\">\/10\/2019, <\/span><\/i><\/b><b><i><span data-contrast=\"auto\">Xalapa, <\/span><\/i><\/b><b><i><span data-contrast=\"auto\">Ver<\/span><\/i><\/b><b><i><span data-contrast=\"auto\">.-<\/span><\/i><\/b> <span data-contrast=\"auto\">Jos\u00e9 Alfonso Cabrera S\u00e1nchez<\/span><span data-contrast=\"auto\">, egresado de la <a href=\"https:\/\/www.uv.mx\/matematicas\/\" target=\"_blank\" rel=\"noopener noreferrer\">Facultad de Matem\u00e1ticas<\/a> <\/span><span data-contrast=\"auto\">de la Universidad Veracruzana (UV) <\/span><span data-contrast=\"auto\">y actualmente adscrito a la Direcci\u00f3n de Seguridad P\u00fablica en la Ciudad de M\u00e9xico, dict\u00f3 <\/span><span data-contrast=\"auto\">la<\/span><span data-contrast=\"auto\"> conferencia \u201c<\/span><span data-contrast=\"auto\">C\u00e1maras matem\u00e1ticas: v<\/span><span data-contrast=\"auto\">igilancia y seguridad p\u00fablica\u201d, <\/span><span data-contrast=\"auto\">el 11 de octubre en <\/span><span data-contrast=\"auto\">la Facultad<\/span><span data-contrast=\"auto\"> de Instrumentaci\u00f3n Electr\u00f3nica<\/span><span data-contrast=\"auto\"> de esta casa de estudios, <\/span><span data-contrast=\"auto\">como parte de<\/span><span data-contrast=\"auto\">l<\/span> <span data-contrast=\"auto\">evento <\/span><span data-contrast=\"auto\">\u201cAquelarre matem\u00e1tico\u201d<\/span><span data-contrast=\"auto\">.<\/span><span data-ccp-props=\"{}\">\u00a0<\/span><\/p>\n<p><span data-contrast=\"auto\">El expositor <\/span><span data-contrast=\"auto\">inici\u00f3 con la alusi\u00f3n al sistema de vigilancia establecido con la intenci\u00f3n de prevenir el delito en la <\/span><span data-contrast=\"auto\">g<\/span><span data-contrast=\"auto\">ran <\/span><span data-contrast=\"auto\">u<\/span><span data-contrast=\"auto\">rbe: el Centro de Atenci\u00f3n de Emergencias y Protecci\u00f3n Ciudadana de la Ciudad de M\u00e9xico (CEPPCM), mismo que cuenta con <\/span><span data-contrast=\"auto\">el<\/span> <span data-contrast=\"auto\">Centro de Comando, Comunicaciones, C\u00f3mputo, Inteligencia, Integraci\u00f3n<\/span><span data-contrast=\"auto\">, Inform<\/span><span data-contrast=\"auto\">aci\u00f3n e Investigaci\u00f3n.<\/span><span data-ccp-props=\"{}\">\u00a0<\/span><\/p>\n<p><span data-contrast=\"auto\">Explic\u00f3 que <\/span><span data-contrast=\"auto\">el C5 <\/span><span data-contrast=\"auto\">significa \u201cCentro de comando, comunicaciones, control, c\u00f3mputo y contacto ciudadano\u201d<\/span><span data-contrast=\"auto\">,<\/span><span data-contrast=\"auto\"> que cuenta con un total de 15 mil 310 c\u00e1maras instaladas cuyo almacenamiento <\/span><span data-contrast=\"auto\">de filmaci\u00f3n es de siete d\u00edas. <\/span><span data-contrast=\"auto\">Su <\/span><span data-contrast=\"auto\">organigrama <\/span><span data-contrast=\"auto\">incluye C<\/span><span data-contrast=\"auto\">oordinaci\u00f3n <\/span><span data-contrast=\"auto\">G<\/span><span data-contrast=\"auto\">eneral y <\/span><span data-contrast=\"auto\">la<\/span><span data-contrast=\"auto\"> Direcci\u00f3n <\/span><span data-contrast=\"auto\">G<\/span><span data-contrast=\"auto\">eneral de <\/span><span data-contrast=\"auto\">G<\/span><span data-contrast=\"auto\">esti\u00f3n <\/span><span data-contrast=\"auto\">E<\/span><span data-contrast=\"auto\">strat\u00e9gica<\/span><span data-contrast=\"auto\">,<\/span><span data-contrast=\"auto\"> de la que se derivan las direcciones de Informaci\u00f3n Estad\u00edstica, Cartogr\u00e1<\/span><span data-contrast=\"auto\">fica y de An\u00e1lisis E<\/span><span data-contrast=\"auto\">strat\u00e9gico.<\/span><span data-ccp-props=\"{&quot;335559731&quot;:708}\">\u00a0<\/span><\/p>\n<p><span data-contrast=\"auto\">Para la interpretaci\u00f3n de datos se recurre a <\/span><span data-contrast=\"auto\">los <\/span><span data-contrast=\"auto\">programas SQL, <\/span><span data-contrast=\"auto\">RStudio<\/span><span data-contrast=\"auto\">, <\/span><span data-contrast=\"auto\">QlikView<\/span><span data-contrast=\"auto\"> y <\/span><span data-contrast=\"auto\">Ph<\/span><span data-contrast=\"auto\">y<\/span><span data-contrast=\"auto\">ton<\/span><span data-contrast=\"auto\">, <\/span><span data-contrast=\"auto\">que permiten examinar la<\/span> <span data-contrast=\"auto\">recurrencia de reportes tan variantes que se organizan en 42 categor\u00edas que incluyen desde urgencias m\u00e9dicas y asalto a transe\u00fantes<\/span><span data-contrast=\"auto\">,<\/span><span data-contrast=\"auto\"> hasta linchamientos. En las urgencias m\u00e9dicas, la<\/span><span data-contrast=\"auto\">s<\/span><span data-contrast=\"auto\"> delegaci<\/span><span data-contrast=\"auto\">ones <\/span><span data-contrast=\"auto\">con m\u00e1s incidencia <\/span><span data-contrast=\"auto\">son <\/span><span data-contrast=\"auto\">Iztapalapa, Cuauht\u00e9moc y Gustavo A. Madero, mientras que las de menor registro son Tl<\/span><span data-contrast=\"auto\">\u00e1huac, Cuajimalpa y Milpa Alta.<\/span><span data-ccp-props=\"{}\">\u00a0<\/span><\/p>\n<p><span data-contrast=\"auto\">L<\/span><span data-contrast=\"auto\">os linchamientos ocurren con m\u00e1s frecuencia en la zona de la Magdalena Contreras, Tl\u00e1huac<\/span><span data-contrast=\"auto\"> y<\/span><span data-contrast=\"auto\"> Milpa Alta. <\/span><span data-contrast=\"auto\">El especialista indic\u00f3<\/span><span data-contrast=\"auto\"> que se trata de zonas altamente rurales y escasa urbanizaci\u00f3n, donde los accesos son complicados y la incidencia de justicia por cuenta propia se ha vuelto costumbre extendida.<\/span><span data-ccp-props=\"{&quot;335559731&quot;:708}\">\u00a0<\/span><\/p>\n<p><span data-contrast=\"auto\">La modernizaci\u00f3n en vigilancia exigi\u00f3 la instalaci\u00f3n de c\u00e1maras con mayor cobertura, ya que era frecuente la incidencia de delitos en la cercan\u00eda de las mismas<\/span><span data-contrast=\"auto\">,<\/span><span data-contrast=\"auto\"> aunque no pose\u00edan \u00e9stas la capacidad para capturar escenas dadas en determinados puntos.<\/span><span data-contrast=\"auto\">\u00a0<\/span><span data-ccp-props=\"{}\">\u00a0<\/span><\/p>\n<p><span data-contrast=\"auto\">La conclusi\u00f3n es que la tecnolog\u00eda de exactitud matem\u00e1tica debe ser aplicada en t\u00e9rminos de garant\u00eda de mayor seguridad hacia los ciudadanos. Muchos de los recursos tecnol\u00f3gicos empleados para tal fin contienen especificaciones en ingl\u00e9s, por lo que aconsej\u00f3 a los alumnos de la Facultad de Matem\u00e1ticas no hacer a un lado el aprendizaje y perfeccionamiento en el idioma.<\/span><span data-ccp-props=\"{}\">\u00a0<\/span><\/p>\n","protected":false},"excerpt":{"rendered":"<p>Jos\u00e9 Alfonso Cabrera S\u00e1nchez imparti\u00f3 conferencia sobre la utilizaci\u00f3n de c\u00e1maras matem\u00e1ticas en la Ciudad de M\u00e9xico<\/p>\n","protected":false},"author":1775,"featured_media":74913,"comment_status":"closed","ping_status":"closed","sticky":false,"template":"","format":"standard","meta":[],"categories":[45,51],"tags":[],"_links":{"self":[{"href":"https:\/\/www.uv.mx\/prensa\/wp-json\/wp\/v2\/posts\/74912"}],"collection":[{"href":"https:\/\/www.uv.mx\/prensa\/wp-json\/wp\/v2\/posts"}],"about":[{"href":"https:\/\/www.uv.mx\/prensa\/wp-json\/wp\/v2\/types\/post"}],"author":[{"embeddable":true,"href":"https:\/\/www.uv.mx\/prensa\/wp-json\/wp\/v2\/users\/1775"}],"replies":[{"embeddable":true,"href":"https:\/\/www.uv.mx\/prensa\/wp-json\/wp\/v2\/comments?post=74912"}],"version-history":[{"count":0,"href":"https:\/\/www.uv.mx\/prensa\/wp-json\/wp\/v2\/posts\/74912\/revisions"}],"wp:featuredmedia":[{"embeddable":true,"href":"https:\/\/www.uv.mx\/prensa\/wp-json\/wp\/v2\/media\/74913"}],"wp:attachment":[{"href":"https:\/\/www.uv.mx\/prensa\/wp-json\/wp\/v2\/media?parent=74912"}],"wp:term":[{"taxonomy":"category","embeddable":true,"href":"https:\/\/www.uv.mx\/prensa\/wp-json\/wp\/v2\/categories?post=74912"},{"taxonomy":"post_tag","embeddable":true,"href":"https:\/\/www.uv.mx\/prensa\/wp-json\/wp\/v2\/tags?post=74912"}],"curies":[{"name":"wp","href":"https:\/\/api.w.org\/{rel}","templated":true}]}}