{"id":74915,"date":"2019-10-15T19:27:44","date_gmt":"2019-10-16T00:27:44","guid":{"rendered":"https:\/\/www.uv.mx\/prensa\/?p=74915"},"modified":"2019-10-15T21:03:53","modified_gmt":"2019-10-16T02:03:53","slug":"red-5g-implica-rediseno-completo-del-internet","status":"publish","type":"post","link":"https:\/\/www.uv.mx\/prensa\/ciencia\/red-5g-implica-rediseno-completo-del-internet\/","title":{"rendered":"Red 5G implica redise\u00f1o completo del Internet"},"content":{"rendered":"<ul>\n<li data-leveltext=\"\uf0b7\" data-font=\"Symbol\" data-listid=\"5\" data-aria-posinset=\"1\" data-aria-level=\"1\"><i><span data-contrast=\"auto\">Uno de los retos de esta red ser\u00e1 tener la capacidad de conectar has<\/span><\/i><i><span data-contrast=\"auto\">ta un mill\u00f3n de dispositivos a I<\/span><\/i><i><span data-contrast=\"auto\">nternet por kil\u00f3metro cuadrado<\/span><\/i><\/li>\n<\/ul>\n<div id=\"attachment_74916\" style=\"width: 732px\" class=\"wp-caption aligncenter\"><a href=\"https:\/\/www.uv.mx\/prensa\/files\/2019\/10\/141019-Jordi-Domingo-Pascual-1-100k.jpg\"><img aria-describedby=\"caption-attachment-74916\" decoding=\"async\" loading=\"lazy\" class=\"size-full wp-image-74916\" src=\"https:\/\/www.uv.mx\/prensa\/files\/2019\/10\/141019-Jordi-Domingo-Pascual-1-100k.jpg\" alt=\"Jordi Domingo Pascual \" width=\"722\" height=\"484\" srcset=\"https:\/\/www.uv.mx\/prensa\/files\/2019\/10\/141019-Jordi-Domingo-Pascual-1-100k.jpg 722w, https:\/\/www.uv.mx\/prensa\/files\/2019\/10\/141019-Jordi-Domingo-Pascual-1-100k-300x201.jpg 300w\" sizes=\"(max-width: 722px) 100vw, 722px\" \/><\/a><p id=\"caption-attachment-74916\" class=\"wp-caption-text\">Jordi Domingo Pascual<\/p><\/div>\n<p><b><i><span data-contrast=\"auto\">Carlos Hugo Hermida Rosales<\/span><\/i><\/b><span data-ccp-props=\"{}\">\u00a0<\/span><\/p>\n<p><b><i><span data-contrast=\"auto\">15<\/span><\/i><\/b><b><i><span data-contrast=\"auto\">\/10\/<\/span><\/i><\/b><b><i><span data-contrast=\"auto\">2019<\/span><\/i><\/b><b><i><span data-contrast=\"auto\">,<\/span><\/i><\/b> <b><i><span data-contrast=\"auto\">Xalapa, <\/span><\/i><\/b><b><i><span data-contrast=\"auto\">Ver.<\/span><\/i><\/b><b><i><span data-contrast=\"auto\">&#8211;<\/span><\/i><\/b> <span data-contrast=\"auto\">Jordi Domingo Pascual, acad\u00e9mico de la Univer<\/span><span data-contrast=\"auto\">sidad Polit\u00e9cnica de Catalu\u00f1a, <\/span><span data-contrast=\"auto\">mencion\u00f3<\/span><span data-contrast=\"auto\"> que la red 5G no se refiere simplemente a una nueva generaci\u00f3n de tecnolog\u00ed<\/span><span data-contrast=\"auto\">a de telefon\u00eda m\u00f3vil, sino que \u00e9<\/span><span data-contrast=\"auto\">sta abarca un redise\u00f1o completo del <\/span><span data-contrast=\"auto\">I<\/span><span data-contrast=\"auto\">nternet como lo conocemos hoy en d\u00eda.<\/span><span data-ccp-props=\"{}\">\u00a0<\/span><\/p>\n<p><span data-contrast=\"auto\">\u201c<\/span><span data-contrast=\"auto\">Este redise\u00f1o abarca rubros como la virtualizaci\u00f3n de recursos tecnol\u00f3gicos, el <\/span><i><span data-contrast=\"auto\">big<\/span><\/i><i><span data-contrast=\"auto\"> data<\/span><\/i><span data-contrast=\"auto\"> y la inteligencia artificial\u201d, explic\u00f3.<\/span><span data-ccp-props=\"{&quot;335559731&quot;:708}\">\u00a0<\/span><\/p>\n<p><span data-contrast=\"auto\">El acad\u00e9mico imparti\u00f3 el 14 de octubre en las instalaciones del Consejo Veracruzano de Investigaci\u00f3n Cient\u00edfica y Desarrollo Tecnol\u00f3gico (<\/span><i><span data-contrast=\"auto\">Coveicydet<\/span><\/i><span data-contrast=\"auto\">) la <\/span><span data-contrast=\"auto\">pon<\/span><span data-contrast=\"auto\">encia \u201c<\/span><span data-contrast=\"auto\">The<\/span><span data-contrast=\"auto\"> Internet: a <\/span><span data-contrast=\"auto\">lot<\/span><span data-contrast=\"auto\"> more <\/span><span data-contrast=\"auto\">than<\/span><span data-contrast=\"auto\"> a <\/span><span data-contrast=\"auto\">network<\/span> <span data-contrast=\"auto\">of<\/span> <span data-contrast=\"auto\">networks<\/span><span data-contrast=\"auto\">\u201d, dentro de la Conferencia Internacional de Ingenier\u00edas\u202fVeracruz 2019, realizada por la UV <\/span><span data-contrast=\"auto\">y otras instituciones de educaci\u00f3n superior <\/span><span data-contrast=\"auto\">del 14 al 17 de octubre.\u00a0<\/span><span data-ccp-props=\"{&quot;335559731&quot;:708}\">\u00a0<\/span><\/p>\n<p><span data-contrast=\"auto\">Jordi Domingo coment\u00f3 que los dise\u00f1adores de la red 5G trabajan a marchas<\/span><span data-contrast=\"auto\"> forzadas para que a finales de<\/span><span data-contrast=\"auto\"> 2020 se realicen<\/span><span data-contrast=\"auto\"> las primeras instalaciones de \u00e9<\/span><span data-contrast=\"auto\">sta, y cumplan <\/span><span data-contrast=\"auto\">con <\/span><span data-contrast=\"auto\">las expectativas de las personas como rapidez y eficacia.\u00a0<\/span><span data-ccp-props=\"{&quot;335559731&quot;:708}\">\u00a0<\/span><\/p>\n<p><span data-contrast=\"auto\">Relat\u00f3 que el usuario final de <\/span><span data-contrast=\"auto\">I<\/span><span data-contrast=\"auto\">nternet experimentar\u00e1 las mejoras en los diferen<\/span><span data-contrast=\"auto\">tes servicios que hacen uso de \u00e9<\/span><span data-contrast=\"auto\">ste, pero que no ver\u00e1 la complejidad que hay detr\u00e1s de ello.\u00a0<\/span><span data-ccp-props=\"{&quot;335559731&quot;:708}\">\u00a0<\/span><\/p>\n<p><span data-contrast=\"auto\">Declar\u00f3 que uno de los retos de la red 5G ser\u00e1 tener la capacidad de conectar hasta un mill\u00f3n de dispositivos a <\/span><span data-contrast=\"auto\">I<\/span><span data-contrast=\"auto\">nternet por kil\u00f3metro cuadrado, y que aunque <\/span><span data-contrast=\"auto\">\u00e9<\/span><span data-contrast=\"auto\">stos <\/span><span data-contrast=\"auto\">se encuentren en movimiento su calidad de conectividad no disminuya.<\/span><span data-ccp-props=\"{&quot;335559731&quot;:708}\">\u00a0<\/span><\/p>\n<p><span data-contrast=\"auto\">A\u00f1adi\u00f3 que otros retos de esta red son proporcionar una cobertura universal, para lo que necesitar\u00e1 apoyarse en los sat\u00e9lites para no aislar a las zonas rurales; tambi\u00e9n se encuentra la cuesti\u00f3n de modificar el consumo de energ\u00eda, ya que para que la red 5G sea sostenible las t\u00e9cnicas de uso de energ\u00eda deben cambiar <\/span><span data-contrast=\"auto\">radicalmente<\/span><span data-contrast=\"auto\">.<\/span><span data-ccp-props=\"{&quot;335559731&quot;:708}\">\u00a0<\/span><\/p>\n<p><span data-contrast=\"auto\">El catedr\u00e1tico enfatiz\u00f3 que la academia tiene un papel fundamental en la difusi\u00f3n del uso y alcance de la red 5G,<\/span><span data-contrast=\"auto\"> y que los estudiantes de carreras universitarias enfocadas<\/span> <span data-contrast=\"auto\">al uso de I<\/span><span data-contrast=\"auto\">nternet <\/span><span data-contrast=\"auto\">deben estar a la vanguardia ya que el egresar<\/span><span data-contrast=\"auto\"> se <\/span><span data-contrast=\"auto\">topar\u00e1<\/span><span data-contrast=\"auto\">n<\/span><span data-contrast=\"auto\"> con esta nueva red en su \u00e1mbito profesional.<\/span><\/p>\n<div id=\"attachment_74917\" style=\"width: 732px\" class=\"wp-caption aligncenter\"><a href=\"https:\/\/www.uv.mx\/prensa\/files\/2019\/10\/141019-Jordi-Domingo-Pascual-2-100k.jpg\"><img aria-describedby=\"caption-attachment-74917\" decoding=\"async\" loading=\"lazy\" class=\"size-full wp-image-74917\" src=\"https:\/\/www.uv.mx\/prensa\/files\/2019\/10\/141019-Jordi-Domingo-Pascual-2-100k.jpg\" alt=\"Estudiantes escucharon al expositor \" width=\"722\" height=\"400\" srcset=\"https:\/\/www.uv.mx\/prensa\/files\/2019\/10\/141019-Jordi-Domingo-Pascual-2-100k.jpg 722w, https:\/\/www.uv.mx\/prensa\/files\/2019\/10\/141019-Jordi-Domingo-Pascual-2-100k-300x166.jpg 300w\" sizes=\"(max-width: 722px) 100vw, 722px\" \/><\/a><p id=\"caption-attachment-74917\" class=\"wp-caption-text\">Estudiantes escucharon al expositor<\/p><\/div>\n","protected":false},"excerpt":{"rendered":"<p>Jordi Domingo Pacual, de la Universidad Polit\u00e9cnica de Catalu\u00f1a, imparti\u00f3 charla sobre el tema en la Conferencia Internacional de Ingenier\u00edas\u202fVeracruz 2019 <\/p>\n","protected":false},"author":1775,"featured_media":74917,"comment_status":"closed","ping_status":"closed","sticky":false,"template":"","format":"standard","meta":[],"categories":[45,51],"tags":[],"_links":{"self":[{"href":"https:\/\/www.uv.mx\/prensa\/wp-json\/wp\/v2\/posts\/74915"}],"collection":[{"href":"https:\/\/www.uv.mx\/prensa\/wp-json\/wp\/v2\/posts"}],"about":[{"href":"https:\/\/www.uv.mx\/prensa\/wp-json\/wp\/v2\/types\/post"}],"author":[{"embeddable":true,"href":"https:\/\/www.uv.mx\/prensa\/wp-json\/wp\/v2\/users\/1775"}],"replies":[{"embeddable":true,"href":"https:\/\/www.uv.mx\/prensa\/wp-json\/wp\/v2\/comments?post=74915"}],"version-history":[{"count":0,"href":"https:\/\/www.uv.mx\/prensa\/wp-json\/wp\/v2\/posts\/74915\/revisions"}],"wp:featuredmedia":[{"embeddable":true,"href":"https:\/\/www.uv.mx\/prensa\/wp-json\/wp\/v2\/media\/74917"}],"wp:attachment":[{"href":"https:\/\/www.uv.mx\/prensa\/wp-json\/wp\/v2\/media?parent=74915"}],"wp:term":[{"taxonomy":"category","embeddable":true,"href":"https:\/\/www.uv.mx\/prensa\/wp-json\/wp\/v2\/categories?post=74915"},{"taxonomy":"post_tag","embeddable":true,"href":"https:\/\/www.uv.mx\/prensa\/wp-json\/wp\/v2\/tags?post=74915"}],"curies":[{"name":"wp","href":"https:\/\/api.w.org\/{rel}","templated":true}]}}