{"id":75023,"date":"2019-10-16T20:41:42","date_gmt":"2019-10-17T01:41:42","guid":{"rendered":"https:\/\/www.uv.mx\/prensa\/?p=75023"},"modified":"2019-10-17T11:03:55","modified_gmt":"2019-10-17T16:03:55","slug":"trabajo-transdisciplinario-y-en-equipo-clave-para-los-biologos","status":"publish","type":"post","link":"https:\/\/www.uv.mx\/prensa\/general\/trabajo-transdisciplinario-y-en-equipo-clave-para-los-biologos\/","title":{"rendered":"Trabajo transdisciplinario y en equipo, clave para los bi\u00f3logos"},"content":{"rendered":"<ul>\n<li data-leveltext=\"\uf0b7\" data-font=\"Symbol\" data-listid=\"3\" data-aria-posinset=\"1\" data-aria-level=\"1\"><i><span data-contrast=\"auto\">Juan Carlos Andrade Guevara <\/span><\/i><i><span data-contrast=\"auto\">abord\u00f3 en conferencia magistral el deber profesional y \u00e9tico de quienes ejercen esta disciplina<\/span><\/i><span data-ccp-props=\"{&quot;134233279&quot;:true,&quot;335551550&quot;:1,&quot;335551620&quot;:1,&quot;335559685&quot;:720,&quot;335559737&quot;:0,&quot;335559740&quot;:259,&quot;335559991&quot;:360}\">\u00a0<\/span><\/li>\n<\/ul>\n<div id=\"attachment_75024\" style=\"width: 732px\" class=\"wp-caption aligncenter\"><a href=\"https:\/\/www.uv.mx\/prensa\/files\/2019\/10\/151019-etica-Biologia-2.jpg\"><img aria-describedby=\"caption-attachment-75024\" decoding=\"async\" loading=\"lazy\" class=\"size-full wp-image-75024\" src=\"https:\/\/www.uv.mx\/prensa\/files\/2019\/10\/151019-etica-Biologia-2.jpg\" alt=\"\" width=\"722\" height=\"481\" srcset=\"https:\/\/www.uv.mx\/prensa\/files\/2019\/10\/151019-etica-Biologia-2.jpg 722w, https:\/\/www.uv.mx\/prensa\/files\/2019\/10\/151019-etica-Biologia-2-300x200.jpg 300w\" sizes=\"(max-width: 722px) 100vw, 722px\" \/><\/a><p id=\"caption-attachment-75024\" class=\"wp-caption-text\">Juan Carlos Andrade Guevara habl\u00f3 de las habilidades que se requieren en esta disciplina<\/p><\/div>\n<p><b><i><span data-contrast=\"auto\">Jorge V\u00e1zquez Pacheco<\/span><\/i><\/b><span data-ccp-props=\"{&quot;134233279&quot;:true,&quot;335559685&quot;:720}\">\u00a0<\/span><\/p>\n<p><b><i><span data-contrast=\"auto\">16\/10\/2019, Xalapa, Ver.-<\/span><\/i><\/b> <span data-contrast=\"auto\">El trabajo transdiciplinario y en equipo es fundamental en el quehacer de los bi\u00f3logos, asegur\u00f3 el especialista <\/span><span data-contrast=\"auto\">Juan Carlos Andrade Guevara<\/span><span data-contrast=\"auto\">\u00a0 durante la <\/span><span data-contrast=\"auto\">conferencia magistral \u201cEl deber profesional y \u00e9tico de los bi\u00f3logos en el siglo XXI\u201d<\/span><span data-contrast=\"auto\">,<\/span> <span data-contrast=\"auto\">realizada <\/span><span data-contrast=\"auto\">en el auditorio de la <a href=\"https:\/\/www.uv.mx\/biologia\/\" target=\"_blank\" rel=\"noopener noreferrer\">Facultad de Biolog\u00eda<\/a> de la Universidad Veracruzana (UV)<\/span> <span data-contrast=\"auto\">el lunes 14 de octubre.<\/span><span data-ccp-props=\"{}\">\u00a0<\/span><\/p>\n<p><span data-contrast=\"auto\">Egresado de <\/span><span data-contrast=\"auto\">dicha entidad acad\u00e9mica <\/span><span data-contrast=\"auto\">y adscrito actualmente a la asociaci\u00f3n civil Fundaci\u00f3n M\u00e9xico-Estados Unidos para la Ciencia, <\/span><span data-contrast=\"auto\">enlaz\u00f3 el tema <\/span><span data-contrast=\"auto\">de la profesi\u00f3n <\/span><span data-contrast=\"auto\">con <\/span><span data-contrast=\"auto\">la f\u00edsica<\/span><span data-contrast=\"auto\">,<\/span> <span data-contrast=\"auto\">\u201c<\/span><span data-contrast=\"auto\">l<\/span><span data-contrast=\"auto\">o <\/span><span data-contrast=\"auto\">que nos permiti\u00f3 la comprensi\u00f3n de la estructura y comportamiento de la materia, <\/span><span data-contrast=\"auto\">de la misma forma como la biolog\u00eda devela los mecanismos que hacen posible la vida y su continuidad<\/span><span data-contrast=\"auto\">\u201d<\/span><span data-contrast=\"auto\">.<\/span><span data-ccp-props=\"{&quot;335559731&quot;:708}\">\u00a0<\/span><\/p>\n<p><span data-contrast=\"auto\">Andrade tambi\u00e9n habl\u00f3 de<\/span><span data-contrast=\"auto\"> los eventos sist\u00e9micos que se retroalimentan positiva o negativamente y los contextos profesionales de la biolog\u00eda actual en investigaci\u00f3n cient\u00edfica, servicios p\u00fablicos y privados, emprendimientos de consultor\u00eda o asesor\u00eda t\u00e9cnica y en la educaci\u00f3n. \u201cEl bi\u00f3logo aplica sus saberes y competencias en situaciones que requieren soluciones pr\u00e1cticas y m\u00e1s o menos inmediatas\u201d, asever\u00f3.<\/span><span data-ccp-props=\"{&quot;335559731&quot;:708}\">\u00a0<\/span><\/p>\n<p><span data-contrast=\"auto\">Agreg\u00f3 que es<\/span><span data-contrast=\"auto\"> capaz de participar en pol\u00edticas p\u00fablicas y planes de negocios, conoce la legislaci\u00f3n y es parte de un equipo de trabajo <\/span><span data-contrast=\"auto\">transdisciplinario<\/span><span data-contrast=\"auto\">; asimismo<\/span><span data-contrast=\"auto\">, remarc\u00f3 el hecho de que <\/span><span data-contrast=\"auto\">a nivel global<\/span><span data-contrast=\"auto\"> muchas iniciativas de educaci\u00f3n en ciencias son dirigidas o impulsadas por bi\u00f3logos<\/span><span data-contrast=\"auto\">.<\/span><span data-ccp-props=\"{&quot;335559731&quot;:708}\">\u00a0<\/span><\/p>\n<p><span data-contrast=\"auto\">Por lo mismo, es importante desarrollar habilidades para la ense\u00f1anza y el dominio de la did\u00e1ctica. \u201cLa educaci\u00f3n no es s\u00f3lo divulgaci\u00f3n; requiere la comprensi\u00f3n de los procesos cognitivos involucrados en la ense\u00f1<\/span><span data-contrast=\"auto\">anza y el aprendizaje\u201d, subray\u00f3.<\/span><span data-ccp-props=\"{&quot;335559731&quot;:708}\">\u00a0<\/span><\/p>\n<p><span data-contrast=\"auto\">A<\/span><span data-contrast=\"auto\">ludi\u00f3 a su origen humilde <\/span><span data-contrast=\"auto\">desde <\/span><span data-contrast=\"auto\">la <\/span><span data-contrast=\"auto\">culturalmente desprotegida <\/span><span data-contrast=\"auto\">zona de Plan de Arroyos, <\/span><span data-contrast=\"auto\">municipio de Atzalan, <\/span><span data-contrast=\"auto\">su traslado a la ciudad <\/span><span data-contrast=\"auto\">de Xalapa<\/span><span data-contrast=\"auto\"> para estudiar en la U<\/span><span data-contrast=\"auto\">V <\/span><span data-contrast=\"auto\">y la obtenci\u00f3n de una beca que le permiti\u00f3 radicar durante dos meses en Washington, Estados Unidos<\/span><span data-contrast=\"auto\">.<\/span><span data-ccp-props=\"{&quot;335559731&quot;:708}\">\u00a0<\/span><\/p>\n<p><span data-contrast=\"auto\">C<\/span><span data-contrast=\"auto\">onsider\u00f3 <\/span><span data-contrast=\"auto\">que <\/span><span data-contrast=\"auto\">las competencias transversales del bi\u00f3logo en el siglo XXI<\/span><span data-contrast=\"auto\"> son<\/span><span data-contrast=\"auto\">: habilidades socioemocionales para el trabajo colaborativo, manejo fluido de herramientas inform\u00e1ticas y de informaci\u00f3n, adaptabilidad al cambio, actualizaci\u00f3n permanente y, de manera muy especial, el dominio de idiomas complementarios, ingl\u00e9s principalmente.<\/span><span data-ccp-props=\"{&quot;335559731&quot;:708}\">\u00a0<\/span><\/p>\n<p><span data-contrast=\"auto\">\u201cCuando me fui becado a Washington, experiment\u00e9 que mi dominio del idioma para nada me funcionaba; no comprend\u00eda los t\u00e9rm<\/span><span data-contrast=\"auto\">inos t\u00e9cnicos ni la informaci\u00f3n<\/span><span data-contrast=\"auto\"> especializada.\u201d<\/span><span data-ccp-props=\"{&quot;335559731&quot;:708}\">\u00a0<\/span><\/p>\n<p><span data-contrast=\"auto\">Sugiri\u00f3 el trabajo en grupo como una necesidad insoslayable, incluso en la pr\u00e1ctica del ingl\u00e9s, y no <\/span><span data-contrast=\"auto\">concretarse <\/span><span data-contrast=\"auto\">en el trabajo individual. \u201cUn estudiante solo <\/span><span data-contrast=\"auto\">y sin equipo, <\/span><span data-contrast=\"auto\">ser\u00e1 muy poco lo que pued<\/span><span data-contrast=\"auto\">a<\/span><span data-contrast=\"auto\"> lograr\u201d.<\/span><span data-ccp-props=\"{&quot;335559731&quot;:708}\">\u00a0<\/span><\/p>\n","protected":false},"excerpt":{"rendered":"<p>Juan Carlos Andrade Guevara abord\u00f3 en conferencia magistral el deber profesional y \u00e9tico de quienes ejercen esta disciplina\u00a0<\/p>\n","protected":false},"author":1508,"featured_media":75024,"comment_status":"closed","ping_status":"closed","sticky":false,"template":"","format":"standard","meta":[],"categories":[1],"tags":[],"_links":{"self":[{"href":"https:\/\/www.uv.mx\/prensa\/wp-json\/wp\/v2\/posts\/75023"}],"collection":[{"href":"https:\/\/www.uv.mx\/prensa\/wp-json\/wp\/v2\/posts"}],"about":[{"href":"https:\/\/www.uv.mx\/prensa\/wp-json\/wp\/v2\/types\/post"}],"author":[{"embeddable":true,"href":"https:\/\/www.uv.mx\/prensa\/wp-json\/wp\/v2\/users\/1508"}],"replies":[{"embeddable":true,"href":"https:\/\/www.uv.mx\/prensa\/wp-json\/wp\/v2\/comments?post=75023"}],"version-history":[{"count":0,"href":"https:\/\/www.uv.mx\/prensa\/wp-json\/wp\/v2\/posts\/75023\/revisions"}],"wp:featuredmedia":[{"embeddable":true,"href":"https:\/\/www.uv.mx\/prensa\/wp-json\/wp\/v2\/media\/75024"}],"wp:attachment":[{"href":"https:\/\/www.uv.mx\/prensa\/wp-json\/wp\/v2\/media?parent=75023"}],"wp:term":[{"taxonomy":"category","embeddable":true,"href":"https:\/\/www.uv.mx\/prensa\/wp-json\/wp\/v2\/categories?post=75023"},{"taxonomy":"post_tag","embeddable":true,"href":"https:\/\/www.uv.mx\/prensa\/wp-json\/wp\/v2\/tags?post=75023"}],"curies":[{"name":"wp","href":"https:\/\/api.w.org\/{rel}","templated":true}]}}