{"id":75034,"date":"2019-10-16T20:52:55","date_gmt":"2019-10-17T01:52:55","guid":{"rendered":"https:\/\/www.uv.mx\/prensa\/?p=75034"},"modified":"2019-10-16T20:52:55","modified_gmt":"2019-10-17T01:52:55","slug":"los-archivos-forjan-historia-e-identidad-monica-mayer","status":"publish","type":"post","link":"https:\/\/www.uv.mx\/prensa\/cultura\/los-archivos-forjan-historia-e-identidad-monica-mayer\/","title":{"rendered":"Los archivos forjan historia e identidad: M\u00f3nica Mayer"},"content":{"rendered":"<ul>\n<li data-leveltext=\"\uf0b7\" data-font=\"Symbol\" data-listid=\"5\" data-aria-posinset=\"1\" data-aria-level=\"1\"><i><span data-contrast=\"auto\">Ocuparse de ellos ha sido una labor muy divertida, destac\u00f3 <\/span><\/i><i><span data-contrast=\"auto\">la artista visual y cr\u00edtica de arte<\/span><\/i><span data-ccp-props=\"{}\">\u00a0<\/span><\/li>\n<\/ul>\n<div id=\"attachment_75035\" style=\"width: 732px\" class=\"wp-caption aligncenter\"><a href=\"https:\/\/www.uv.mx\/prensa\/files\/2019\/10\/151019-Monica-Mayer.jpg\"><img aria-describedby=\"caption-attachment-75035\" decoding=\"async\" loading=\"lazy\" class=\"size-full wp-image-75035\" src=\"https:\/\/www.uv.mx\/prensa\/files\/2019\/10\/151019-Monica-Mayer.jpg\" alt=\"\" width=\"722\" height=\"480\" srcset=\"https:\/\/www.uv.mx\/prensa\/files\/2019\/10\/151019-Monica-Mayer.jpg 722w, https:\/\/www.uv.mx\/prensa\/files\/2019\/10\/151019-Monica-Mayer-300x199.jpg 300w\" sizes=\"(max-width: 722px) 100vw, 722px\" \/><\/a><p id=\"caption-attachment-75035\" class=\"wp-caption-text\">M\u00f3nica Mayer<\/p><\/div>\n<p><b><i><span data-contrast=\"auto\">Carlos Hugo Hermida Rosales<\/span><\/i><\/b><span data-ccp-props=\"{}\">\u00a0<\/span><\/p>\n<p><b><i><span data-contrast=\"auto\">16\/10\/2019, Xalapa, <\/span><\/i><\/b><b><i><span data-contrast=\"auto\">Ver.-<\/span><\/i><\/b> <span data-contrast=\"auto\">Para <\/span><span data-contrast=\"auto\">M\u00f3nica Mayer, artista visual y cr\u00edtica de arte, crear archivos, hacer obra de arte a partir de visitarlos y cuestionar lo que <\/span><span data-contrast=\"auto\">en \u00e9stos <\/span><span data-contrast=\"auto\">sucede, ha sido una labor muy divertida<\/span><span data-contrast=\"auto\"> pues <\/span><span data-contrast=\"auto\">\u201ctienen que ver con la historia y la identidad, cosas que son b\u00e1sicamente importantes para los seres humanos\u201d.\u00a0<\/span><span data-contrast=\"auto\">\u00a0<\/span><span data-ccp-props=\"{}\">\u00a0<\/span><\/p>\n<p><span data-contrast=\"auto\">La artista present\u00f3 el 11 de octubre en la Casa del Lago de la Universidad Veracruzana (UV) la conferencia magistral \u201cDe arte, archivos y otras complicaciones\u201d, <\/span><span data-contrast=\"auto\">como parte <\/span><span data-contrast=\"auto\">del VIII Coloquio de Investigaci\u00f3n en Artes, realizado del 9 al 11 de octubre por el Centro de Estudios, Creaci\u00f3n y Documentaci\u00f3n de las Artes.\u00a0<\/span><span data-ccp-props=\"{&quot;335559731&quot;:708}\">\u00a0<\/span><\/p>\n<p><span data-contrast=\"auto\">M\u00f3nica Mayer mencion\u00f3 <\/span><span data-contrast=\"auto\">que <\/span><span data-contrast=\"auto\">ha creado archivos bajo diversas circunstancias, en ocasiones por su trabajo como artista, otras veces por labores de investigaci\u00f3n, e incluso por compromiso pol\u00edtico por el tipo de temas que trabaja.\u00a0<\/span><span data-ccp-props=\"{&quot;335559731&quot;:708}\">\u00a0<\/span><\/p>\n<p><span data-contrast=\"auto\">\u201cCrear archivos me ha permitido vivir la vida como me interesa, ya que me ha dado la oportunidad de investigar y participar en cosas de mi comunidad y trabajar con distintas personas muy valiosas\u201d,<\/span> <span data-contrast=\"auto\">expres\u00f3.<\/span><span data-contrast=\"auto\">\u00a0<\/span><span data-ccp-props=\"{&quot;335559731&quot;:708}\">\u00a0<\/span><\/p>\n<p><span data-contrast=\"auto\">Enfatiz\u00f3 que los artistas deben <\/span><span data-contrast=\"auto\">desenvolverse <\/span><span data-contrast=\"auto\">en aqu<\/span><span data-contrast=\"auto\">ello que desean y aman, porque \u00e9<\/span><span data-contrast=\"auto\">sa es la libertad que el arte les brinda, <\/span><span data-contrast=\"auto\">y la <\/span><span data-contrast=\"auto\">deben asumir como un compromiso.\u00a0<\/span><span data-ccp-props=\"{&quot;335559731&quot;:708}\">\u00a0<\/span><\/p>\n<p><span data-contrast=\"auto\">\u201cLos profesionales del arte no deben seguir c\u00e1nones, <\/span><span data-contrast=\"auto\">sino redefinirla para que sea aquello que necesitan\u201d, asegur\u00f3.\u00a0<\/span><span data-ccp-props=\"{&quot;335559731&quot;:708}\">\u00a0<\/span><\/p>\n<p><span data-contrast=\"auto\">Declar\u00f3 que encuentros como el VIII Coloquio de Investigaci\u00f3n en Artes<\/span><span data-contrast=\"auto\"> acercan a las personas a los archivos, <\/span><span data-contrast=\"auto\">ya que logran conjuntar a muchas voces que hablan de las distintas problem\u00e1ticas que enfrentan.\u00a0<\/span><span data-ccp-props=\"{&quot;335559731&quot;:708}\">\u00a0<\/span><\/p>\n","protected":false},"excerpt":{"rendered":"<p>Ocuparse de ellos ha sido una labor muy divertida, destac\u00f3 la artista visual y cr\u00edtica de arte <\/p>\n","protected":false},"author":1508,"featured_media":75035,"comment_status":"closed","ping_status":"closed","sticky":false,"template":"","format":"standard","meta":[],"categories":[11],"tags":[],"_links":{"self":[{"href":"https:\/\/www.uv.mx\/prensa\/wp-json\/wp\/v2\/posts\/75034"}],"collection":[{"href":"https:\/\/www.uv.mx\/prensa\/wp-json\/wp\/v2\/posts"}],"about":[{"href":"https:\/\/www.uv.mx\/prensa\/wp-json\/wp\/v2\/types\/post"}],"author":[{"embeddable":true,"href":"https:\/\/www.uv.mx\/prensa\/wp-json\/wp\/v2\/users\/1508"}],"replies":[{"embeddable":true,"href":"https:\/\/www.uv.mx\/prensa\/wp-json\/wp\/v2\/comments?post=75034"}],"version-history":[{"count":0,"href":"https:\/\/www.uv.mx\/prensa\/wp-json\/wp\/v2\/posts\/75034\/revisions"}],"wp:featuredmedia":[{"embeddable":true,"href":"https:\/\/www.uv.mx\/prensa\/wp-json\/wp\/v2\/media\/75035"}],"wp:attachment":[{"href":"https:\/\/www.uv.mx\/prensa\/wp-json\/wp\/v2\/media?parent=75034"}],"wp:term":[{"taxonomy":"category","embeddable":true,"href":"https:\/\/www.uv.mx\/prensa\/wp-json\/wp\/v2\/categories?post=75034"},{"taxonomy":"post_tag","embeddable":true,"href":"https:\/\/www.uv.mx\/prensa\/wp-json\/wp\/v2\/tags?post=75034"}],"curies":[{"name":"wp","href":"https:\/\/api.w.org\/{rel}","templated":true}]}}