{"id":75066,"date":"2019-10-17T13:44:48","date_gmt":"2019-10-17T18:44:48","guid":{"rendered":"https:\/\/www.uv.mx\/prensa\/?p=75066"},"modified":"2019-10-18T13:40:09","modified_gmt":"2019-10-18T18:40:09","slug":"uv-celebra-y-reconoce-aportaciones-del-cix","status":"publish","type":"post","link":"https:\/\/www.uv.mx\/prensa\/banner\/uv-celebra-y-reconoce-aportaciones-del-cix\/","title":{"rendered":"UV celebra y reconoce aportaciones del CIX"},"content":{"rendered":"<ul>\n<li><em>La rectora Sara Ladr\u00f3n de Guevara inaugur\u00f3 los festejos por el 40 aniversario de este espacio<\/em><\/li>\n<li><em>Destac\u00f3 las contribuciones de este espacio al desarrollo acad\u00e9mico y humano de la comunidad universitaria y la sociedad<\/em><\/li>\n<li><em>Entreg\u00f3 reconocimiento a sus fundadoras as\u00ed como al personal acad\u00e9mico y administrativo con m\u00e1s de 30 a\u00f1os de servicio<\/em><\/li>\n<\/ul>\n<p><em>\u00a0<\/em><\/p>\n<div id=\"attachment_75067\" style=\"width: 732px\" class=\"wp-caption aligncenter\"><a href=\"https:\/\/www.uv.mx\/prensa\/files\/2019\/10\/171019-ANIVERSARIO-CIX-1.jpg\"><img aria-describedby=\"caption-attachment-75067\" decoding=\"async\" loading=\"lazy\" class=\"size-full wp-image-75067\" src=\"https:\/\/www.uv.mx\/prensa\/files\/2019\/10\/171019-ANIVERSARIO-CIX-1.jpg\" alt=\"\" width=\"722\" height=\"482\" srcset=\"https:\/\/www.uv.mx\/prensa\/files\/2019\/10\/171019-ANIVERSARIO-CIX-1.jpg 722w, https:\/\/www.uv.mx\/prensa\/files\/2019\/10\/171019-ANIVERSARIO-CIX-1-300x200.jpg 300w\" sizes=\"(max-width: 722px) 100vw, 722px\" \/><\/a><p id=\"caption-attachment-75067\" class=\"wp-caption-text\">Sara Ladr\u00f3n de Guevara encabez\u00f3 los festejos alusivos al 40 aniversario del Centro de Idiomas de Xalapa<\/p><\/div>\n<p>&nbsp;<\/p>\n<p><strong><em>Claudia Peralta V\u00e1zquez<\/em><\/strong><\/p>\n<p><strong><em>17\/10\/19, Xalapa, Ver.- <\/em><\/strong>El <a href=\"https:\/\/www.uv.mx\/cix\/\" target=\"_blank\" rel=\"noopener noreferrer\">Centro de Idiomas de Xalapa<\/a> (CIX) de la Universidad Veracruzana (UV), fundado el 6 de octubre de 1979, inici\u00f3 los festejos por su 40 aniversario con un reconocimiento institucional por sus contribuciones al desarrollo acad\u00e9mico y humano de la comunidad universitaria y la sociedad en general.<\/p>\n<p>En el marco de este evento, la rectora Sara Ladr\u00f3n de Guevara devel\u00f3 una placa conmemorativa y entreg\u00f3 reconocimientos a fundadoras de esta entidad, as\u00ed como a personal acad\u00e9mico y administrativo con m\u00e1s de 25 a\u00f1os de servicio, en ceremonia realizada este jueves 17 de octubre en la sala de usos m\u00faltiples del CIX, a la que asistieron autoridades, acad\u00e9micos y estudiantes.<\/p>\n<p>La Rectora de la UV hizo una remembranza de la creaci\u00f3n del centro, impulsado por la maestra Gloria Esper\u00f3n Villavicencio, y aprobada por el ex rector Roberto Bravo Garz\u00f3n. Record\u00f3 que fue fundado con el objetivo de impartir clases de los idiomas ingl\u00e9s, franc\u00e9s e italiano, a estudiantes y poblaci\u00f3n en general, en una \u00e9poca en la que la importancia de la ense\u00f1anza de las lenguas extranjeras no estaba, como hoy, en la agenda de todas las universidades p\u00fablicas.<\/p>\n<p>Desde entonces, el CIX ha tenido varias sedes, pues originalmente se ubic\u00f3 en la calle Bremont; posteriormente, en 1980, se cambi\u00f3 a Nicol\u00e1s Bravo, y 10 a\u00f1os despu\u00e9s al domicilio actual sobre Galeana esquina 7 de Noviembre.<\/p>\n<p>&nbsp;<\/p>\n<div id=\"attachment_75068\" style=\"width: 732px\" class=\"wp-caption aligncenter\"><a href=\"https:\/\/www.uv.mx\/prensa\/files\/2019\/10\/171019-ANIVERSARIO-CIX-2.jpg\"><img aria-describedby=\"caption-attachment-75068\" decoding=\"async\" loading=\"lazy\" class=\"size-full wp-image-75068\" src=\"https:\/\/www.uv.mx\/prensa\/files\/2019\/10\/171019-ANIVERSARIO-CIX-2.jpg\" alt=\"\" width=\"722\" height=\"481\" srcset=\"https:\/\/www.uv.mx\/prensa\/files\/2019\/10\/171019-ANIVERSARIO-CIX-2.jpg 722w, https:\/\/www.uv.mx\/prensa\/files\/2019\/10\/171019-ANIVERSARIO-CIX-2-300x200.jpg 300w\" sizes=\"(max-width: 722px) 100vw, 722px\" \/><\/a><p id=\"caption-attachment-75068\" class=\"wp-caption-text\">Fundadoras del CIX recibieron reconocimientos<\/p><\/div>\n<p>&nbsp;<\/p>\n<p>Coment\u00f3 que los primeros idiomas que se impartieron fue el ingl\u00e9s, franc\u00e9s e italiano y despu\u00e9s el alem\u00e1n. Hoy en d\u00eda se oferta el portugu\u00e9s, chino, japon\u00e9s, y en algunos periodos se han ofrecido clases de n\u00e1huatl, lat\u00edn y noruego.<\/p>\n<p>En 1981, el CIX brind\u00f3 un curso especial para ni\u00f1os, el primero autofinanciable. En 1989, en respuesta a la gran demanda de la poblaci\u00f3n en general por aprender un idioma, se ech\u00f3 a andar este esquema. Un a\u00f1o despu\u00e9s, los Centro de Idiomas pasaron a formar parte de la Direcci\u00f3n General del \u00c1rea Acad\u00e9mica de Humanidades (DGAAH), y desde 2012 de la Direcci\u00f3n General de Relaciones Internacionales (DGRI).<\/p>\n<p>Tambi\u00e9n, en 1999, este espacio se incorpor\u00f3 al Modelo Educativo Integral y Flexible (MEIF), con cursos de Ingl\u00e9s 1 y 2, dirigidos b\u00e1sicamente a estudiantes universitarios.<\/p>\n<p>Es as\u00ed que desde hace cuatro d\u00e9cadas, el CIX atiende la demanda de un gran n\u00famero de carreras de la UV; presta servicios como los ex\u00e1menes de acreditaci\u00f3n de lengua solicitados por los diferentes posgrados, y certificaciones nacionales como los Ex\u00e1menes de Certificaci\u00f3n de Lengua Inglesa (EXAVER), e internacionales como la \u00d6SD de alem\u00e1n.<\/p>\n<p>La Rectora, quien tambi\u00e9n comparti\u00f3 experiencias personales de su paso por este centro, expres\u00f3 que el prestigio del CIX se ha consolidado en el estado de Veracruz y entidades circunvecinas, debido a una ense\u00f1anza din\u00e1mica y profesional, guiada por catedr\u00e1ticos actualizados y comprometidos.<\/p>\n<p>&nbsp;<\/p>\n<div id=\"attachment_75069\" style=\"width: 732px\" class=\"wp-caption aligncenter\"><a href=\"https:\/\/www.uv.mx\/prensa\/files\/2019\/10\/171019-ANIVERSARIO-CIX-3.jpg\"><img aria-describedby=\"caption-attachment-75069\" decoding=\"async\" loading=\"lazy\" class=\"size-full wp-image-75069\" src=\"https:\/\/www.uv.mx\/prensa\/files\/2019\/10\/171019-ANIVERSARIO-CIX-3.jpg\" alt=\"\" width=\"722\" height=\"359\" srcset=\"https:\/\/www.uv.mx\/prensa\/files\/2019\/10\/171019-ANIVERSARIO-CIX-3.jpg 722w, https:\/\/www.uv.mx\/prensa\/files\/2019\/10\/171019-ANIVERSARIO-CIX-3-300x149.jpg 300w\" sizes=\"(max-width: 722px) 100vw, 722px\" \/><\/a><p id=\"caption-attachment-75069\" class=\"wp-caption-text\">Autoridades universitarias, acad\u00e9micos y personal del CIX posaron para la foto del recuerdo<\/p><\/div>\n<p>&nbsp;<\/p>\n<p>\u201cLas autoridades nos unimos a esta celebraci\u00f3n y reconocemos la enorme aportaci\u00f3n hecha por esta instancia al desarrollo acad\u00e9mico y humano, tanto de la comunidad universitaria como de la sociedad veracruzana.\u201d<\/p>\n<p>En su mensaje, felicit\u00f3 a todo el personal del centro, quienes durante este tiempo han levantado una verdadera fortaleza institucional, que es lo que representan estos espacios de formaci\u00f3n en el campo de las lenguas.<\/p>\n<p>En su oportunidad, Luis M\u00e9ndez Herrera, coordinador del CIX, dio la bienvenida a los asistentes y destac\u00f3 que estos 40 a\u00f1os de servicio demuestran la pertinencia de la instituci\u00f3n. Asimismo, se refiri\u00f3 a las pl\u00e1ticas que dentro de esta celebraci\u00f3n \u2013que culmina el viernes 18 de octubre\u2013 impartir\u00e1n especialistas acerca de aspectos relacionados con la evaluaci\u00f3n, tecnolog\u00eda, ense\u00f1anza del idioma ingl\u00e9s, impacto de la movilidad, aspectos multiculturales, entre otros.<\/p>\n<p>Entre las fundadoras que recibieron reconocimiento destacan: Roselia Mart\u00ednez D\u00edaz, Iris Gloria Esper\u00f3n Villavicencio, Jane Ellen Freedman Richman, Laura Brunello Codemo, Mar\u00eda de los \u00c1ngeles Olvera B\u00e1ez y Mar\u00eda Cristina Dom\u00ednguez Villegas.<\/p>\n<p>Tambi\u00e9n, destac\u00f3 la asistencia de Pat Grounds, asesora de los Centros de Idiomas y de los EXAVER.<\/p>\n<p>En el pres\u00eddium estuvieron los titulares de las secretar\u00edas Acad\u00e9mica, de Administraci\u00f3n y Finanzas, y de Desarrollo Institucional: Magdalena Hern\u00e1ndez Alarc\u00f3n, Salvador Tapia Spinoso y Octavio Ochoa Contreras, respectivamente; el titular de la DGRI, Mario Oliva Su\u00e1rez, y la titular de Centros de Idiomas y de Autoacceso, Adriana Abad Florescano.<\/p>\n<p>&nbsp;<\/p>\n<div id=\"attachment_75070\" style=\"width: 732px\" class=\"wp-caption aligncenter\"><a href=\"https:\/\/www.uv.mx\/prensa\/files\/2019\/10\/171019-ANIVERSARIO-CIX-4.jpg\"><img aria-describedby=\"caption-attachment-75070\" decoding=\"async\" loading=\"lazy\" class=\"size-full wp-image-75070\" src=\"https:\/\/www.uv.mx\/prensa\/files\/2019\/10\/171019-ANIVERSARIO-CIX-4.jpg\" alt=\"\" width=\"722\" height=\"482\" srcset=\"https:\/\/www.uv.mx\/prensa\/files\/2019\/10\/171019-ANIVERSARIO-CIX-4.jpg 722w, https:\/\/www.uv.mx\/prensa\/files\/2019\/10\/171019-ANIVERSARIO-CIX-4-300x200.jpg 300w\" sizes=\"(max-width: 722px) 100vw, 722px\" \/><\/a><p id=\"caption-attachment-75070\" class=\"wp-caption-text\">Sara Ladr\u00f3n de Guevara y Luis M\u00e9ndez Herrera, durante la develaci\u00f3n de la placa<\/p><\/div>\n","protected":false},"excerpt":{"rendered":"<p>Autoridades universitarias entregaron reconocimientos a fundadores de esta entidad, as\u00ed como al personal acad\u00e9mico y administrativo con m\u00e1s de 30 a\u00f1os de servicio<\/p>\n","protected":false},"author":1869,"featured_media":75071,"comment_status":"closed","ping_status":"closed","sticky":false,"template":"","format":"standard","meta":[],"categories":[61],"tags":[],"_links":{"self":[{"href":"https:\/\/www.uv.mx\/prensa\/wp-json\/wp\/v2\/posts\/75066"}],"collection":[{"href":"https:\/\/www.uv.mx\/prensa\/wp-json\/wp\/v2\/posts"}],"about":[{"href":"https:\/\/www.uv.mx\/prensa\/wp-json\/wp\/v2\/types\/post"}],"author":[{"embeddable":true,"href":"https:\/\/www.uv.mx\/prensa\/wp-json\/wp\/v2\/users\/1869"}],"replies":[{"embeddable":true,"href":"https:\/\/www.uv.mx\/prensa\/wp-json\/wp\/v2\/comments?post=75066"}],"version-history":[{"count":0,"href":"https:\/\/www.uv.mx\/prensa\/wp-json\/wp\/v2\/posts\/75066\/revisions"}],"wp:featuredmedia":[{"embeddable":true,"href":"https:\/\/www.uv.mx\/prensa\/wp-json\/wp\/v2\/media\/75071"}],"wp:attachment":[{"href":"https:\/\/www.uv.mx\/prensa\/wp-json\/wp\/v2\/media?parent=75066"}],"wp:term":[{"taxonomy":"category","embeddable":true,"href":"https:\/\/www.uv.mx\/prensa\/wp-json\/wp\/v2\/categories?post=75066"},{"taxonomy":"post_tag","embeddable":true,"href":"https:\/\/www.uv.mx\/prensa\/wp-json\/wp\/v2\/tags?post=75066"}],"curies":[{"name":"wp","href":"https:\/\/api.w.org\/{rel}","templated":true}]}}