{"id":75721,"date":"2019-10-28T15:44:40","date_gmt":"2019-10-28T21:44:40","guid":{"rendered":"https:\/\/www.uv.mx\/prensa\/?p=75721"},"modified":"2019-10-28T15:44:40","modified_gmt":"2019-10-28T21:44:40","slug":"uv-abrio-espacio-de-reflexion-sobre-universidades-santuario","status":"publish","type":"post","link":"https:\/\/www.uv.mx\/prensa\/banner\/uv-abrio-espacio-de-reflexion-sobre-universidades-santuario\/","title":{"rendered":"UV abri\u00f3 espacio de reflexi\u00f3n sobre universidades santuario"},"content":{"rendered":"<ul>\n<li data-leveltext=\"\uf0b7\" data-font=\"Symbol\" data-listid=\"1\" data-aria-posinset=\"1\" data-aria-level=\"1\"><i><span data-contrast=\"auto\">Realiz\u00f3 seminario c<\/span><\/i><i><span data-contrast=\"auto\">on la presencia de acad\u00e9micos de la Universidad de Cork, Irlanda, y de California y Georgia, de los Estados Unidos<\/span><\/i><span data-ccp-props=\"{&quot;134233279&quot;:true}\">\u00a0<\/span><\/li>\n<li data-leveltext=\"\uf0b7\" data-font=\"Symbol\" data-listid=\"1\" data-aria-posinset=\"2\" data-aria-level=\"1\"><i><span data-contrast=\"auto\">El prop\u00f3sito es fortalecer el compromiso y las acciones para proteger el der<\/span><\/i><i><span data-contrast=\"auto\">echo a la educaci\u00f3n, apunt\u00f3 la R<\/span><\/i><i><span data-contrast=\"auto\">ectora <\/span><\/i><i><span data-contrast=\"auto\">de la UV<\/span><\/i><span data-ccp-props=\"{&quot;134233279&quot;:true}\">\u00a0<\/span><\/li>\n<\/ul>\n<div id=\"attachment_75687\" style=\"width: 732px\" class=\"wp-caption aligncenter\"><a href=\"https:\/\/www.uv.mx\/prensa\/files\/2019\/10\/281019-DAVID-inauguracion-seminario-universidades-santuario-1.jpg\"><img aria-describedby=\"caption-attachment-75687\" decoding=\"async\" loading=\"lazy\" class=\"size-full wp-image-75687\" src=\"https:\/\/www.uv.mx\/prensa\/files\/2019\/10\/281019-DAVID-inauguracion-seminario-universidades-santuario-1.jpg\" alt=\"\" width=\"722\" height=\"482\" srcset=\"https:\/\/www.uv.mx\/prensa\/files\/2019\/10\/281019-DAVID-inauguracion-seminario-universidades-santuario-1.jpg 722w, https:\/\/www.uv.mx\/prensa\/files\/2019\/10\/281019-DAVID-inauguracion-seminario-universidades-santuario-1-300x200.jpg 300w\" sizes=\"(max-width: 722px) 100vw, 722px\" \/><\/a><p id=\"caption-attachment-75687\" class=\"wp-caption-text\">La rectora Sara Ladr\u00f3n de Guevara inaugur\u00f3 el Seminario \u201cPensar universidades santuario en Am\u00e9rica Latina\u201d<\/p><\/div>\n<p><b><i><span data-contrast=\"auto\">David Sandoval Rodr\u00edguez<\/span><\/i><\/b><span data-ccp-props=\"{}\">\u00a0<\/span><\/p>\n<p><b><i><span data-contrast=\"auto\">28\/10\/<\/span><\/i><\/b><b><i><span data-contrast=\"auto\">20<\/span><\/i><\/b><b><i><span data-contrast=\"auto\">19<\/span><\/i><\/b><b><i><span data-contrast=\"auto\">,<\/span><\/i><\/b><b><i><span data-contrast=\"auto\"> Xalapa, Ver.-<\/span><\/i><\/b><span data-contrast=\"auto\"> En el marco de su responsabilidad social universitaria, la Universidad Veracruzana (UV) realiz\u00f3 <\/span><span data-contrast=\"auto\">el<\/span><span data-contrast=\"auto\"> lunes 28 de octubre el s<\/span><span data-contrast=\"auto\">eminario \u201cPensar universidades santuario en Am\u00e9rica Latina\u201d, que organiza el Programa de Atenci\u00f3n a Migrantes de Retorno <\/span><span data-contrast=\"auto\">(<\/span><i><span data-contrast=\"auto\">Pamir<\/span><\/i><span data-contrast=\"auto\">) <\/span><span data-contrast=\"auto\">y la Direcci\u00f3n General de Re<\/span><span data-contrast=\"auto\">laciones Internacionales (DGRI).<\/span><span data-ccp-props=\"{}\">\u00a0<\/span><\/p>\n<p><span data-contrast=\"auto\">Al inaugurar formalmente el evento <\/span><span data-contrast=\"auto\">en la <\/span><span data-contrast=\"auto\">S<\/span><span data-contrast=\"auto\">ala \u201cMar\u00eda Magdalena Hern\u00e1ndez Alarc\u00f3n\u201d del Centro de Autoacceso de la Unidad de Servicios Bibliotecarios y de Informaci\u00f3n (USBI)<\/span><span data-contrast=\"auto\">, la rectora Sara Ladr\u00f3n de Guevara recalc\u00f3 que la m\u00e1xima casa de estudio<\/span><span data-contrast=\"auto\">s<\/span><span data-contrast=\"auto\"> de Veracruz abre as\u00ed <\/span><span data-contrast=\"auto\">\u201c<\/span><span data-contrast=\"auto\">un espacio para pensar en el papel de la instituci\u00f3n ante el llamado social que significa la crisis migratoria desde la perspectiva de las universidades santuario\u201d.<\/span><span data-ccp-props=\"{}\">\u00a0<\/span><\/p>\n<p><span data-contrast=\"auto\">El seminario <\/span><span data-contrast=\"auto\">tuvo<\/span><span data-contrast=\"auto\"> la finalidad de \u201cfortalecer el compromiso y las acciones para proteger el derecho a la educaci\u00f3n<\/span><span data-contrast=\"auto\">\u201d<\/span><span data-contrast=\"auto\">;<\/span><span data-contrast=\"auto\"> para ello se convoc\u00f3 a \u201cperso<\/span><span data-contrast=\"auto\">nal de nuestra casa de estudios<\/span> <span data-contrast=\"auto\">\u2013<\/span><span data-contrast=\"auto\">de<\/span><span data-contrast=\"auto\"> dependencias clave para el alcance y la instrumentaci\u00f3n de los temas transversales en cuesti\u00f3n<\/span><span data-contrast=\"auto\">\u2013<\/span><span data-contrast=\"auto\"> a un primer ejercicio de reflexi\u00f3n grupal cerrado que se llev<\/span><span data-contrast=\"auto\">\u00f3<\/span><span data-contrast=\"auto\"> a cabo con apoyo de especialistas provenientes de instituciones de educaci\u00f3n superior de Estados Unidos e Irlanda, en las que se ha trabajado y puesto en pr\u00e1ctica la universidad santuario\u201d<\/span><span data-contrast=\"auto\">, explic\u00f3.<\/span><span data-ccp-props=\"{}\">\u00a0<\/span><\/p>\n<p><span data-contrast=\"auto\">La<\/span><span data-contrast=\"auto\"> Rectora <\/span><span data-contrast=\"auto\">record\u00f3 que \u201ca<\/span><span data-contrast=\"auto\">dem\u00e1s de apoyar la investigaci\u00f3n y la ense\u00f1anza en temas migratorios y humanos, la Universidad Veracruzana sigue abriendo camino en materia de inclusi\u00f3n, cultura humanista, interculturalidad, internacionalizaci\u00f3n y vinculaci\u00f3n\u201d.<\/span><span data-ccp-props=\"{&quot;335559731&quot;:708}\">\u00a0<\/span><\/p>\n<p><span data-contrast=\"auto\">Esta labor la realiza con acciones como su adhesi\u00f3n al Programa Universitario Emergente <\/span><span data-contrast=\"auto\">Nacional<\/span><span data-contrast=\"auto\"> para la Terminaci\u00f3n de Estudios Superiores, el <\/span><i><span data-contrast=\"auto\">P<\/span><\/i><i><span data-contrast=\"auto\">ami<\/span><\/i><i><span data-contrast=\"auto\">r<\/span><\/i><span data-contrast=\"auto\"> y la Cl\u00ednica para R<\/span><span data-contrast=\"auto\">efugiados, bajo la responsabilidad de la Facultad de Derecho del Sistema de Ense\u00f1anza <\/span><span data-contrast=\"auto\">Abierta (SEA) en la regi\u00f3n Veracruz y en convenio con la oficina del <\/span><span data-contrast=\"auto\">Alto Comisionado de las Naciones Unidas para los Refugiados (ACNUR)<\/span><span data-contrast=\"auto\">.<\/span><span data-ccp-props=\"{&quot;335559731&quot;:708}\">\u00a0<\/span><\/p>\n<p><span data-contrast=\"auto\">Por su parte, <\/span><span data-contrast=\"auto\">Mario Oliva Su\u00e1rez, <\/span><span data-contrast=\"auto\">titular de la <\/span><span data-contrast=\"auto\">DGRI, remarc\u00f3 que <\/span><span data-contrast=\"auto\">M\u00e9xico se ha convertido no s\u00f3lo en un pa\u00eds de tr\u00e1nsito sino de refugiados<\/span><span data-contrast=\"auto\">,<\/span><span data-contrast=\"auto\"> por ello se ha conformado un grupo <\/span><span data-contrast=\"auto\">importante<\/span><span data-contrast=\"auto\"> de investigadores que \u201chace que la Universidad Veracruzana se est\u00e9 convirtiendo en un referente sobre el tema entre las instituciones de educaci\u00f3n superior de M\u00e9xico, sin duda\u201d.<\/span><span data-ccp-props=\"{&quot;335559731&quot;:708}\">\u00a0<\/span><\/p>\n<div id='gallery-1' class='gallery galleryid-75721 gallery-columns-2 gallery-size-full'><dl class='gallery-item'>\n\t\t\t<dt class='gallery-icon landscape'>\n\t\t\t\t<a href='https:\/\/www.uv.mx\/prensa\/files\/2019\/10\/281019-DAVID-inauguracion-seminario-universidades-santuario-2.jpg'><img width=\"722\" height=\"482\" src=\"https:\/\/www.uv.mx\/prensa\/files\/2019\/10\/281019-DAVID-inauguracion-seminario-universidades-santuario-2.jpg\" class=\"attachment-full size-full\" alt=\"\" decoding=\"async\" loading=\"lazy\" aria-describedby=\"gallery-1-75688\" srcset=\"https:\/\/www.uv.mx\/prensa\/files\/2019\/10\/281019-DAVID-inauguracion-seminario-universidades-santuario-2.jpg 722w, https:\/\/www.uv.mx\/prensa\/files\/2019\/10\/281019-DAVID-inauguracion-seminario-universidades-santuario-2-300x200.jpg 300w\" sizes=\"(max-width: 722px) 100vw, 722px\" \/><\/a>\n\t\t\t<\/dt>\n\t\t\t\t<dd class='wp-caption-text gallery-caption' id='gallery-1-75688'>\n\t\t\t\tMario Oliva, titular de la DGRI, record\u00f3 que la UV atiende a un millar de estudiantes en condici\u00f3n de migrantes de retorno \n\t\t\t\t<\/dd><\/dl><dl class='gallery-item'>\n\t\t\t<dt class='gallery-icon landscape'>\n\t\t\t\t<a href='https:\/\/www.uv.mx\/prensa\/files\/2019\/10\/281019-DAVID-inauguracion-seminario-universidades-santuario-3.jpg'><img width=\"722\" height=\"482\" src=\"https:\/\/www.uv.mx\/prensa\/files\/2019\/10\/281019-DAVID-inauguracion-seminario-universidades-santuario-3.jpg\" class=\"attachment-full size-full\" alt=\"\" decoding=\"async\" loading=\"lazy\" aria-describedby=\"gallery-1-75689\" srcset=\"https:\/\/www.uv.mx\/prensa\/files\/2019\/10\/281019-DAVID-inauguracion-seminario-universidades-santuario-3.jpg 722w, https:\/\/www.uv.mx\/prensa\/files\/2019\/10\/281019-DAVID-inauguracion-seminario-universidades-santuario-3-300x200.jpg 300w\" sizes=\"(max-width: 722px) 100vw, 722px\" \/><\/a>\n\t\t\t<\/dt>\n\t\t\t\t<dd class='wp-caption-text gallery-caption' id='gallery-1-75689'>\n\t\t\t\tAcad\u00e9micos e investigadores invitados al seminario\n\t\t\t\t<\/dd><\/dl><br style=\"clear: both\" \/>\n\t\t<\/div>\n\n<p><span data-contrast=\"auto\">Hace meses se firm\u00f3 un convenio de colaboraci\u00f3n con el ACNUR<\/span><span data-contrast=\"auto\">, el cual<\/span> <span data-contrast=\"auto\">tiene <\/span><span data-contrast=\"auto\">como <\/span><span data-contrast=\"auto\">objet<\/span><span data-contrast=\"auto\">ivo<\/span><span data-contrast=\"auto\"> establecer los mecanismos para difundir el derecho internacional de los refugiados <\/span><span data-contrast=\"auto\">y se enmarca dentro del trabajo que se ha venido realizando al respecto.<\/span><span data-ccp-props=\"{&quot;335559731&quot;:708}\">\u00a0<\/span><\/p>\n<p><span data-contrast=\"auto\">\u201cEs tal el compromiso de nuestros investigadores en estos temas que incluso algunos de ellos se han subido al tren conocido como La Bestia para entrevistar, p<\/span><span data-contrast=\"auto\">ara compartir con los migrantes<\/span><span data-contrast=\"auto\">\u201d<\/span><span data-contrast=\"auto\">, apunt\u00f3 el directivo.<\/span><span data-ccp-props=\"{&quot;335559731&quot;:708}\">\u00a0<\/span><\/p>\n<p><span data-contrast=\"auto\">Como consecuencia del triunfo presidencial de Donald <\/span><span data-contrast=\"auto\">Trump<\/span><span data-contrast=\"auto\">,<\/span><span data-contrast=\"auto\"> por un lado<\/span><span data-contrast=\"auto\">,<\/span><span data-contrast=\"auto\"> y por indicaci\u00f3n de la Rectora<\/span><span data-contrast=\"auto\">,<\/span><span data-contrast=\"auto\"> por el otro, se comenz\u00f3 a dise\u00f1ar un programa para atender a cerca de 80 mil j\u00f3venes veracruzanos que posiblemente regresen a estudiar a M\u00e9xico.<\/span><span data-ccp-props=\"{&quot;335559731&quot;:708}\">\u00a0<\/span><\/p>\n<p><span data-contrast=\"auto\">Actualmente dicha iniciativa se llama <\/span><i><span data-contrast=\"auto\">Pamir<\/span><\/i> <span data-contrast=\"auto\">y explic\u00f3 que a lo largo de los tres \u00faltimos a\u00f1os se han identificado a poco m\u00e1s de un millar de estudiantes que retornaron de m\u00e1s de <\/span><span data-contrast=\"auto\">30<\/span><span data-contrast=\"auto\"> pa\u00edses, principalmente de los Estados Unidos.<\/span><span data-ccp-props=\"{&quot;335559731&quot;:708}\">\u00a0<\/span><\/p>\n<p><span data-contrast=\"auto\">En tal sentido se celebr\u00f3 este a\u00f1o la International <\/span><span data-contrast=\"auto\">Summer<\/span> <span data-contrast=\"auto\">School<\/span><span data-contrast=\"auto\"> (ISSUV) con el tema \u201cRostros de la migraci\u00f3n\u201d y la intenci\u00f3n de fortalecer el trabajo<\/span><span data-contrast=\"auto\"> que se viene<\/span><span data-contrast=\"auto\"> realizando con los estudiantes.<\/span><span data-ccp-props=\"{&quot;335559731&quot;:708}\">\u00a0<\/span><\/p>\n<p><span data-contrast=\"auto\">Una de las conclusiones de la ISSUV fue analizar el concepto de universidades santuario y aprender de las experiencias de otras instituciones, en este caso la Universidad de Cork en Irlanda, la Universidad de California y la Universid<\/span><span data-contrast=\"auto\">ad de Georgia en Estados Unidos, motivo por el cual se realiz\u00f3 el presente seminario, explic\u00f3 Oliva Su\u00e1rez.<\/span><span data-ccp-props=\"{&quot;335559731&quot;:708}\">\u00a0<\/span><\/p>\n<p><span data-contrast=\"auto\">En el evento estuvieron presentes Magdalena Hern\u00e1ndez Alarc\u00f3n, secretaria Acad\u00e9mica; Salvador Tapia Spinoso, secretario de Administraci\u00f3n y Finanzas; Octavio Ochoa Contreras, secretario de Desarroll<\/span><span data-contrast=\"auto\">o Institucional; Claire <\/span><span data-contrast=\"auto\">Dorrity<\/span><span data-contrast=\"auto\">, <\/span><span data-contrast=\"auto\">de<\/span> <span data-contrast=\"auto\">l<\/span><span data-contrast=\"auto\">a<\/span><span data-contrast=\"auto\"> Universi<\/span><span data-contrast=\"auto\">dad de <\/span><span data-contrast=\"auto\">Cork<\/span><span data-contrast=\"auto\">,<\/span><span data-contrast=\"auto\"> y David <\/span><span data-contrast=\"auto\">Boyle<\/span><span data-contrast=\"auto\">,<\/span><span data-contrast=\"auto\"> de la Universidad de Georgia.<\/span><span data-ccp-props=\"{&quot;335559731&quot;:708}\">\u00a0<\/span><\/p>\n","protected":false},"excerpt":{"rendered":"<p>\u201cLa Universidad Veracruzana sigue abriendo camino en materia de inclusi\u00f3n, cultura humanista, interculturalidad, internacionalizaci\u00f3n y vinculaci\u00f3n\u201d: Sara Ladr\u00f3n de Guevara<\/p>\n","protected":false},"author":1508,"featured_media":75722,"comment_status":"closed","ping_status":"closed","sticky":false,"template":"","format":"standard","meta":[],"categories":[61],"tags":[],"_links":{"self":[{"href":"https:\/\/www.uv.mx\/prensa\/wp-json\/wp\/v2\/posts\/75721"}],"collection":[{"href":"https:\/\/www.uv.mx\/prensa\/wp-json\/wp\/v2\/posts"}],"about":[{"href":"https:\/\/www.uv.mx\/prensa\/wp-json\/wp\/v2\/types\/post"}],"author":[{"embeddable":true,"href":"https:\/\/www.uv.mx\/prensa\/wp-json\/wp\/v2\/users\/1508"}],"replies":[{"embeddable":true,"href":"https:\/\/www.uv.mx\/prensa\/wp-json\/wp\/v2\/comments?post=75721"}],"version-history":[{"count":0,"href":"https:\/\/www.uv.mx\/prensa\/wp-json\/wp\/v2\/posts\/75721\/revisions"}],"wp:featuredmedia":[{"embeddable":true,"href":"https:\/\/www.uv.mx\/prensa\/wp-json\/wp\/v2\/media\/75722"}],"wp:attachment":[{"href":"https:\/\/www.uv.mx\/prensa\/wp-json\/wp\/v2\/media?parent=75721"}],"wp:term":[{"taxonomy":"category","embeddable":true,"href":"https:\/\/www.uv.mx\/prensa\/wp-json\/wp\/v2\/categories?post=75721"},{"taxonomy":"post_tag","embeddable":true,"href":"https:\/\/www.uv.mx\/prensa\/wp-json\/wp\/v2\/tags?post=75721"}],"curies":[{"name":"wp","href":"https:\/\/api.w.org\/{rel}","templated":true}]}}