{"id":76319,"date":"2019-11-08T13:03:26","date_gmt":"2019-11-08T19:03:26","guid":{"rendered":"https:\/\/www.uv.mx\/prensa\/?p=76319"},"modified":"2019-11-08T13:31:51","modified_gmt":"2019-11-08T19:31:51","slug":"uv-aloja-seminario-internacional-sobre-economia-publica-local","status":"publish","type":"post","link":"https:\/\/www.uv.mx\/prensa\/general\/uv-aloja-seminario-internacional-sobre-economia-publica-local\/","title":{"rendered":"UV aloja Seminario Internacional sobre Econom\u00eda P\u00fablica Local"},"content":{"rendered":"<ul>\n<li><em><span class=\"TextRun SCXW234270311 BCX0\" lang=\"ES-ES\" xml:lang=\"ES-ES\" data-contrast=\"auto\"><span class=\"NormalTextRun SCXW234270311 BCX0\">En el auditorio de la Facultad de Econom\u00eda se llev\u00f3 a cabo la conferencia del especia<\/span><\/span><span class=\"TextRun SCXW234270311 BCX0\" lang=\"ES-ES\" xml:lang=\"ES-ES\" data-contrast=\"auto\"><span class=\"NormalTextRun SCXW234270311 BCX0\">lista\u00a0<\/span><\/span><span class=\"TextRun SCXW234270311 BCX0\" lang=\"ES-ES\" xml:lang=\"ES-ES\" data-contrast=\"auto\"><span class=\"NormalTextRun SCXW234270311 BCX0\">chileno Leonardo Letelier Saavedra<\/span><\/span><span class=\"EOP SCXW234270311 BCX0\" data-ccp-props=\"{&quot;134233279&quot;:true}\">\u00a0<\/span><\/em><\/li>\n<\/ul>\n<div id=\"attachment_76320\" style=\"width: 732px\" class=\"wp-caption aligncenter\"><a href=\"https:\/\/www.uv.mx\/prensa\/files\/2019\/11\/ok-081119-PACHECO-11o.-Seminario-Economia-y-conferencia-Chile-1.jpg\"><img aria-describedby=\"caption-attachment-76320\" decoding=\"async\" loading=\"lazy\" class=\"size-full wp-image-76320\" src=\"https:\/\/www.uv.mx\/prensa\/files\/2019\/11\/ok-081119-PACHECO-11o.-Seminario-Economia-y-conferencia-Chile-1.jpg\" alt=\"\" width=\"722\" height=\"483\" srcset=\"https:\/\/www.uv.mx\/prensa\/files\/2019\/11\/ok-081119-PACHECO-11o.-Seminario-Economia-y-conferencia-Chile-1.jpg 722w, https:\/\/www.uv.mx\/prensa\/files\/2019\/11\/ok-081119-PACHECO-11o.-Seminario-Economia-y-conferencia-Chile-1-300x201.jpg 300w\" sizes=\"(max-width: 722px) 100vw, 722px\" \/><\/a><p id=\"caption-attachment-76320\" class=\"wp-caption-text\">Francisco Braulio Ram\u00edrez Medina inaugur\u00f3 el 11\u00ba Seminario Internacional sobre Econom\u00eda P\u00fablica Local<\/p><\/div>\n<p><b><i><span data-contrast=\"auto\">Jorge V\u00e1zquez Pacheco<\/span><\/i><\/b><span data-ccp-props=\"{&quot;134233279&quot;:true,&quot;335559685&quot;:720}\">\u00a0<\/span><\/p>\n<p><b><i><span data-contrast=\"auto\">0<\/span><\/i><\/b><b><i><span data-contrast=\"auto\">8<\/span><\/i><\/b><b><i><span data-contrast=\"auto\">\/11\/2019, Xalapa, Ver.-<\/span><\/i><\/b><span data-contrast=\"auto\">\u00a0La Universidad Veracruzana<\/span><span data-contrast=\"auto\">\u00a0<\/span><span data-contrast=\"auto\">(UV)\u00a0<\/span><span data-contrast=\"auto\">realiza \u2013del 7 al 9 de noviembre\u2013 el\u00a0<\/span><span data-contrast=\"auto\">11\u00ba\u00a0<\/span><span data-contrast=\"auto\">Seminario Internacional sobre Econom\u00eda P\u00fablica Local,\u00a0<\/span><span data-contrast=\"auto\">en el auditorio de la<a href=\"https:\/\/www.uv.mx\/economia\/\" target=\"_blank\" rel=\"noopener noreferrer\"> Facultad de Econom\u00eda.<\/a><\/span><span data-ccp-props=\"{&quot;134233279&quot;:true,&quot;335559685&quot;:720}\">\u00a0<\/span><\/p>\n<p><span data-contrast=\"auto\">El evento fue inaugurado por\u00a0<\/span><span data-contrast=\"auto\">Francisco Braulio Ram\u00edrez Medina, asistente de la Direcci\u00f3n General del \u00c1rea Acad\u00e9mica Econ\u00f3mico-Administrativa de la Universidad Veracruzana (UV), en representaci\u00f3n de Arturo Bocardo Valle, titular de la dependencia universitaria<\/span><span data-contrast=\"auto\">.<\/span><span data-ccp-props=\"{&quot;134233279&quot;:true,&quot;335559685&quot;:720,&quot;335559731&quot;:708}\">\u00a0<\/span><\/p>\n<p><span data-contrast=\"auto\">Tambi\u00e9n estuvieron Mar\u00eda Ram\u00edrez Salazar, directora de la Facultad de Econom\u00eda; Leobardo Plata P\u00e9rez, presidente de la Asociaci\u00f3n Internacional de Econom\u00eda P\u00fablica y Local, A.C.; Ferm\u00edn Cabo Leyva, jefe de carrera en el programa educativo Econom\u00eda P\u00fablica, y Roberto\u00a0<\/span><span data-contrast=\"auto\">Gallardo<\/span><span data-contrast=\"auto\">\u00a0del \u00c1ngel, coordinador del evento, entre otros invitados procedentes de la Universidad Aut\u00f3noma de Nuevo Le\u00f3n y del Instituto Tecnol\u00f3gico de Monterrey.<\/span><span data-ccp-props=\"{&quot;335559731&quot;:708}\">\u00a0<\/span><\/p>\n<p><span data-contrast=\"auto\">Leonardo Letelier Saavedra<\/span><span data-contrast=\"auto\">,<\/span><span data-contrast=\"auto\">\u00a0especialista chileno con doctorado\u00a0<\/span><span data-contrast=\"auto\">por<\/span><span data-contrast=\"auto\">\u00a0la Universidad de Sussex<\/span><span data-contrast=\"auto\">,<\/span><span data-contrast=\"auto\">\u00a0<\/span><span data-contrast=\"auto\">Reino Unido<\/span><span data-contrast=\"auto\">,<\/span><span data-contrast=\"auto\">\u00a0<\/span><span data-contrast=\"auto\">ofreci\u00f3 la conferencia\u00a0<\/span><span data-contrast=\"auto\">\u201c<\/span><span data-contrast=\"auto\">D<\/span><span data-contrast=\"auto\">escentralizaci\u00f3n fiscal<\/span><span data-contrast=\"auto\">\u00a0y educaci\u00f3n: el caso de Chile\u201d.<\/span><span data-ccp-props=\"{&quot;335559731&quot;:708}\">\u00a0<\/span><\/p>\n<div id=\"attachment_76321\" style=\"width: 732px\" class=\"wp-caption aligncenter\"><a href=\"https:\/\/www.uv.mx\/prensa\/files\/2019\/11\/ok-081119-PACHECO-11o.-Seminario-Economia-y-conferencia-Chile-2.jpg\"><img aria-describedby=\"caption-attachment-76321\" decoding=\"async\" loading=\"lazy\" class=\"size-full wp-image-76321\" src=\"https:\/\/www.uv.mx\/prensa\/files\/2019\/11\/ok-081119-PACHECO-11o.-Seminario-Economia-y-conferencia-Chile-2.jpg\" alt=\"\" width=\"722\" height=\"479\" srcset=\"https:\/\/www.uv.mx\/prensa\/files\/2019\/11\/ok-081119-PACHECO-11o.-Seminario-Economia-y-conferencia-Chile-2.jpg 722w, https:\/\/www.uv.mx\/prensa\/files\/2019\/11\/ok-081119-PACHECO-11o.-Seminario-Economia-y-conferencia-Chile-2-300x199.jpg 300w\" sizes=\"(max-width: 722px) 100vw, 722px\" \/><\/a><p id=\"caption-attachment-76321\" class=\"wp-caption-text\">El economista chileno Leonardo Letelier Saavedra<\/p><\/div>\n<p><span data-contrast=\"auto\">El tambi\u00e9n\u00a0<\/span><span data-contrast=\"auto\">Ingeniero Comercial y<\/span><span data-contrast=\"auto\">\u00a0Licenciado en Econom\u00eda por la Universidad de Chile, plante\u00f3 inicialmente una pregunta de\u00a0<\/span><span data-contrast=\"auto\">i<\/span><span data-contrast=\"auto\">nvestigaci\u00f3n: \u00bfQu\u00e9 nivel de gobierno debe administrar la educaci\u00f3n p\u00fablica?\u00a0<\/span><span data-contrast=\"auto\">C<\/span><span data-contrast=\"auto\">ontinu<\/span><span data-contrast=\"auto\">\u00f3 con la interrogante<\/span><span data-contrast=\"auto\">\u00a0en torno de qui\u00e9n debe financiar la educaci\u00f3n p\u00fablica y qu\u00e9 atribuciones debe tener\u00a0<\/span><span data-contrast=\"auto\">ese administrador.<\/span><span data-ccp-props=\"{&quot;335559731&quot;:708}\">\u00a0<\/span><\/p>\n<p><span data-contrast=\"auto\">Tomando como referencia el caso de su pa\u00eds, donde la responsabilidad se ha delegado a los municipios, la mejor opci\u00f3n es una descentralizaci\u00f3n selectiva. \u201cEl Estado funciona de manera monop\u00f3lica, cobra impuestos y los devuelve mediante servicios que no siempre son buenos\u201d. A\u00f1adi\u00f3 que \u201cexiste<\/span><span data-contrast=\"auto\">n<\/span><span data-contrast=\"auto\">\u00a0espacios para mejorar la equidad entre municipios mediante transferencias igualadoras\u201d.<\/span><span data-ccp-props=\"{&quot;335559731&quot;:708}\">\u00a0<\/span><\/p>\n<p><span data-contrast=\"auto\">Aludi\u00f3 a tres tipos de\u00a0<\/span><span data-contrast=\"auto\">descentralizaci\u00f3n fiscal\u00a0<\/span><span data-contrast=\"auto\">(DF)<\/span><span data-contrast=\"auto\">:<\/span><span data-contrast=\"auto\">\u00a0la pol\u00edtica, la administrativa y la fiscal en s\u00ed, todo englobado en un procedimiento que propicia la autonom\u00eda y la capacidad para generar recursos propios.\u00a0<\/span><span data-contrast=\"auto\">Al abordar la\u00a0<\/span><span data-contrast=\"auto\">tem\u00e1tica\u00a0<\/span><span data-contrast=\"auto\">de la d<\/span><span data-contrast=\"auto\">iscusi\u00f3n en la literatura<\/span><span data-contrast=\"auto\">,<\/span><span data-contrast=\"auto\">\u00a0refiri\u00f3 los textos de diversos autores, entre ellos \u201c<\/span><span data-contrast=\"auto\">Visi\u00f3n del E<\/span><span data-contrast=\"auto\">stado como un L<\/span><span data-contrast=\"auto\">eviat\u00e1n\u201d (Brenan\u00a0y Buchanan, 1980), de especial\u00a0<\/span><span data-contrast=\"auto\">inter\u00e9s por ser James Buchanan P<\/span><span data-contrast=\"auto\">remio Nobel de Econom\u00eda.<\/span><span data-ccp-props=\"{&quot;335559731&quot;:708}\">\u00a0<\/span><\/p>\n<p><span data-contrast=\"auto\">La evidencia emp\u00edrica en torno de los efectos de la DF incrementa el valor agregado del gasto en educaci\u00f3n<\/span><span data-contrast=\"auto\">;<\/span><span data-contrast=\"auto\">\u00a0es conveniente en pa\u00edses en v\u00edas de desarroll<\/span><span data-contrast=\"auto\">o, aunque\u00a0<\/span><span data-contrast=\"auto\">no\u00a0<\/span><span data-contrast=\"auto\">para\u00a0<\/span><span data-contrast=\"auto\">los desarrollados. \u201cComo en una U invertida, los beneficios s\u00f3lo son palpables en pa\u00edses con bajo nivel de desarrollo. En suma, mejora la percepci\u00f3n de calidad en educaci\u00f3n p\u00fablica<\/span><span data-contrast=\"auto\">\u201d, asever\u00f3<\/span><span data-contrast=\"auto\">.<\/span><span data-ccp-props=\"{}\">\u00a0<\/span><\/p>\n<p><span data-contrast=\"auto\">Al comentar sobre los\u00a0<\/span><span data-contrast=\"auto\">resul<\/span><span data-contrast=\"auto\">tados detectados en otros pa\u00edse<\/span><span data-contrast=\"auto\">s<\/span><span data-contrast=\"auto\">, en Suiza existe una relaci\u00f3n positiva entre la autonom\u00eda fiscal y el porcentaje de estudiantes que contin\u00faan educaci\u00f3n \u201cterciaria\u201d. Resultados similares se detectaron en Filipinas, Espa\u00f1a y Estados Unidos<\/span><span data-contrast=\"auto\">, mientras que\u00a0<\/span><span data-contrast=\"auto\">algunos estudios realizados en Latinoam\u00e9rica exhiben resultados favorables tambi\u00e9n para Argentina, Colombia, Costa Rica, Nicaragua y Bolivia.\u00a0<\/span><span data-contrast=\"auto\">La conclusi\u00f3n<\/span><span data-contrast=\"auto\">\u00a0<\/span><span data-contrast=\"auto\">parcial es que\u00a0<\/span><span data-contrast=\"auto\">parece generar una mayor congruencia entre las decisiones de gasto local y la<\/span><span data-contrast=\"auto\">s preferencias de la comunidad.<\/span><span data-ccp-props=\"{&quot;335559731&quot;:708}\">\u00a0<\/span><\/p>\n<p><span data-contrast=\"auto\">En Chile, donde la administraci\u00f3n de los colegios p\u00fablicos pas\u00f3 a manos de los municipios desde la d\u00e9cada de los\u00a0<\/span><span data-contrast=\"auto\">ochenta<\/span><span data-contrast=\"auto\">, \u00e9stos pueden delegar la responsabilidad a corporaciones privadas. Junto a la creaci\u00f3n de los colegios \u201cmunicipales\u201d, se crearon los \u201ccolegios privados subvencionados\u201d. Todos operan con reglas similares, con la \u00fanica diferencia de que los \u00faltimos pueden funcionar con fines de lucro.<\/span><span data-contrast=\"auto\">\u00a0Sin embargo, hay evidencia de que no existe competencia entre ellos y s\u00ed favorece el fen\u00f3meno de la segregaci\u00f3n.<\/span><span data-ccp-props=\"{&quot;335559731&quot;:708}\">\u00a0<\/span><\/p>\n<p><span data-ccp-props=\"{}\">\u00a0<\/span><\/p>\n","protected":false},"excerpt":{"rendered":"<p>En Chile, donde la administraci\u00f3n de los colegios p\u00fablicos pas\u00f3 a manos de los municipios desde la d\u00e9cada de los ochenta, \u00e9stos pueden delegar la responsabilidad a corporaciones privadas. <\/p>\n","protected":false},"author":1810,"featured_media":76321,"comment_status":"closed","ping_status":"closed","sticky":false,"template":"","format":"standard","meta":[],"categories":[1],"tags":[],"_links":{"self":[{"href":"https:\/\/www.uv.mx\/prensa\/wp-json\/wp\/v2\/posts\/76319"}],"collection":[{"href":"https:\/\/www.uv.mx\/prensa\/wp-json\/wp\/v2\/posts"}],"about":[{"href":"https:\/\/www.uv.mx\/prensa\/wp-json\/wp\/v2\/types\/post"}],"author":[{"embeddable":true,"href":"https:\/\/www.uv.mx\/prensa\/wp-json\/wp\/v2\/users\/1810"}],"replies":[{"embeddable":true,"href":"https:\/\/www.uv.mx\/prensa\/wp-json\/wp\/v2\/comments?post=76319"}],"version-history":[{"count":0,"href":"https:\/\/www.uv.mx\/prensa\/wp-json\/wp\/v2\/posts\/76319\/revisions"}],"wp:featuredmedia":[{"embeddable":true,"href":"https:\/\/www.uv.mx\/prensa\/wp-json\/wp\/v2\/media\/76321"}],"wp:attachment":[{"href":"https:\/\/www.uv.mx\/prensa\/wp-json\/wp\/v2\/media?parent=76319"}],"wp:term":[{"taxonomy":"category","embeddable":true,"href":"https:\/\/www.uv.mx\/prensa\/wp-json\/wp\/v2\/categories?post=76319"},{"taxonomy":"post_tag","embeddable":true,"href":"https:\/\/www.uv.mx\/prensa\/wp-json\/wp\/v2\/tags?post=76319"}],"curies":[{"name":"wp","href":"https:\/\/api.w.org\/{rel}","templated":true}]}}