{"id":76438,"date":"2019-11-11T15:34:20","date_gmt":"2019-11-11T21:34:20","guid":{"rendered":"https:\/\/www.uv.mx\/prensa\/?p=76438"},"modified":"2019-11-15T12:21:01","modified_gmt":"2019-11-15T18:21:01","slug":"uv-inauguro-seminario-realidades-de-los-centros-historicos-en-zonas-metropolitanas","status":"publish","type":"post","link":"https:\/\/www.uv.mx\/prensa\/general\/uv-inauguro-seminario-realidades-de-los-centros-historicos-en-zonas-metropolitanas\/","title":{"rendered":"UV inaugur\u00f3 Seminario Realidades de los Centros Hist\u00f3ricos en Zonas Metropolitanas"},"content":{"rendered":"<ul>\n<li data-leveltext=\"\uf0b7\" data-font=\"Symbol\" data-listid=\"5\" data-aria-posinset=\"1\" data-aria-level=\"1\"><i><span data-contrast=\"none\">Este evento que incluye ponencias, exposici\u00f3n de trabajos, un taller y recorridos, cuenta con la participaci\u00f3n de la <\/span><\/i><i><span data-contrast=\"none\">Universidad Federal de <\/span><\/i><i><span data-contrast=\"none\">Campina<\/span><\/i><i><span data-contrast=\"none\"> Grande, de Brasil<\/span><\/i><span data-ccp-props=\"{}\">\u00a0<\/span><\/li>\n<\/ul>\n<div id=\"attachment_76425\" style=\"width: 732px\" class=\"wp-caption aligncenter\"><a href=\"https:\/\/www.uv.mx\/prensa\/files\/2019\/11\/111119-Seminario-Centros-Historicos-1.jpg\"><img aria-describedby=\"caption-attachment-76425\" decoding=\"async\" loading=\"lazy\" class=\"size-full wp-image-76425\" src=\"https:\/\/www.uv.mx\/prensa\/files\/2019\/11\/111119-Seminario-Centros-Historicos-1.jpg\" alt=\"\" width=\"722\" height=\"481\" srcset=\"https:\/\/www.uv.mx\/prensa\/files\/2019\/11\/111119-Seminario-Centros-Historicos-1.jpg 722w, https:\/\/www.uv.mx\/prensa\/files\/2019\/11\/111119-Seminario-Centros-Historicos-1-300x200.jpg 300w\" sizes=\"(max-width: 722px) 100vw, 722px\" \/><\/a><p id=\"caption-attachment-76425\" class=\"wp-caption-text\">El seminario fue inaugurado por Noem\u00ed Uehara Guerrero<\/p><\/div>\n<p><b><i><span data-contrast=\"none\">Carlos Hugo Hermida Rosales<\/span><\/i><\/b><span data-ccp-props=\"{}\">\u00a0<\/span><\/p>\n<p><b><i><span data-contrast=\"none\">11\/11\/2019, Xalapa, Ver.- <\/span><\/i><\/b><span data-contrast=\"none\">La <a href=\"https:\/\/www.uv.mx\/arquitectura\/\" target=\"_blank\" rel=\"noopener noreferrer\">Facultad de Arquitectura<\/a> de la Universidad Veracruzana (UV) inaugur\u00f3 hoy el Seminario Internacional Realidades de los Centros Hist\u00f3ricos en Zonas Metropolitanas, que se llevar\u00e1 a cabo hasta el 14 de este mes y contar\u00e1 con la participaci\u00f3n de la Universidad Federal de <\/span><span data-contrast=\"none\">Campina<\/span><span data-contrast=\"none\"> Grande, de Brasil.\u00a0<\/span><span data-ccp-props=\"{}\">\u00a0<\/span><\/p>\n<p><span data-contrast=\"none\">La ceremonia fue encabezada por <\/span><span data-contrast=\"none\">Ma<\/span><span data-contrast=\"none\"> Guadalupe Noem\u00ed <\/span><span data-contrast=\"none\">Uehara<\/span><span data-contrast=\"none\"> Guerrero, directora de la Facultad de Arquitectura, que estuvo acompa\u00f1ada por Mar\u00eda Concepci\u00f3n Chong Gardu\u00f1o, docente de esta entidad acad\u00e9mica y organizadora del seminario, e Isidro Vicencio Delgadillo, representante del \u00c1rea Acad\u00e9mica T\u00e9cnica.<\/span><span data-ccp-props=\"{&quot;335559731&quot;:708}\">\u00a0<\/span><\/p>\n<p><span data-contrast=\"none\">Adem\u00e1s de <\/span><span data-contrast=\"none\">L<\/span><span data-contrast=\"none\">ibia<\/span><span data-contrast=\"none\"> Becerra de Miranda y <\/span><span data-contrast=\"none\">Kainara<\/span> <span data-contrast=\"none\">Lira <\/span><span data-contrast=\"none\">Dos <\/span><span data-contrast=\"none\">Anjos<\/span><span data-contrast=\"none\">, catedr\u00e1ticas e investigadoras de la Universidad Federal de <\/span><span data-contrast=\"none\">Campina<\/span><span data-contrast=\"none\"> Grande.\u00a0<\/span><span data-ccp-props=\"{&quot;335559731&quot;:708}\">\u00a0<\/span><\/p>\n<p><span data-contrast=\"none\">Uehara<\/span><span data-contrast=\"none\"> Guerrero destac\u00f3 que este seminario que <\/span><span data-contrast=\"none\">re\u00fane las realidades de centros hist\u00f3ricos en zonas metropolitanas<\/span><span data-contrast=\"none\">, <\/span><span data-contrast=\"none\">es e<\/span><span data-contrast=\"none\">l<\/span><span data-contrast=\"none\"> primer evento que <\/span><span data-contrast=\"none\">cuenta con la participaci\u00f3n de los cuatro cuerpos <\/span><span data-contrast=\"none\">acad\u00e9micos<\/span><span data-contrast=\"none\"> de la Facultad de Arquitectura.<\/span><span data-ccp-props=\"{&quot;335559731&quot;:708}\">\u00a0<\/span><\/p>\n<p><span data-contrast=\"none\">Comparti\u00f3 que a lo largo de su duraci\u00f3n se desarrollar\u00e1n ponencias, exposiciones de trabajos, un taller, adem\u00e1s de recorridos en los centros hist\u00f3ricos de Xalapa, <\/span><span data-contrast=\"none\">Xico<\/span><span data-contrast=\"none\">, Coatepec y Veracruz.<\/span><span data-ccp-props=\"{&quot;335559731&quot;:708}\">\u00a0<\/span><\/p>\n<p><span data-contrast=\"none\">Concepci\u00f3n Chong mencion\u00f3 que se espera que el seminario se constituya en un espacio para el an\u00e1lisis y discusi\u00f3n <\/span><span data-contrast=\"none\">de los temas relacionados con los centros hist\u00f3ricos de zonas metropolitanas<\/span> <span data-contrast=\"none\">tanto de <\/span><span data-contrast=\"none\">M\u00e9xico<\/span><span data-contrast=\"none\"> como de Brasil<\/span><span data-contrast=\"none\">.<\/span><span data-ccp-props=\"{&quot;335559731&quot;:708}\">\u00a0<\/span><\/p>\n<div id='gallery-1' class='gallery galleryid-76438 gallery-columns-2 gallery-size-full'><dl class='gallery-item'>\n\t\t\t<dt class='gallery-icon landscape'>\n\t\t\t\t<a href='https:\/\/www.uv.mx\/prensa\/files\/2019\/11\/111119-Seminario-Centros-Historicos-2.jpg'><img width=\"722\" height=\"481\" src=\"https:\/\/www.uv.mx\/prensa\/files\/2019\/11\/111119-Seminario-Centros-Historicos-2.jpg\" class=\"attachment-full size-full\" alt=\"\" decoding=\"async\" loading=\"lazy\" aria-describedby=\"gallery-1-76426\" srcset=\"https:\/\/www.uv.mx\/prensa\/files\/2019\/11\/111119-Seminario-Centros-Historicos-2.jpg 722w, https:\/\/www.uv.mx\/prensa\/files\/2019\/11\/111119-Seminario-Centros-Historicos-2-300x200.jpg 300w\" sizes=\"(max-width: 722px) 100vw, 722px\" \/><\/a>\n\t\t\t<\/dt>\n\t\t\t\t<dd class='wp-caption-text gallery-caption' id='gallery-1-76426'>\n\t\t\t\tKainara Lira Dos Anjos \n\t\t\t\t<\/dd><\/dl><dl class='gallery-item'>\n\t\t\t<dt class='gallery-icon landscape'>\n\t\t\t\t<a href='https:\/\/www.uv.mx\/prensa\/files\/2019\/11\/111119-Seminario-Centros-Historicos-3.jpg'><img width=\"722\" height=\"481\" src=\"https:\/\/www.uv.mx\/prensa\/files\/2019\/11\/111119-Seminario-Centros-Historicos-3.jpg\" class=\"attachment-full size-full\" alt=\"\" decoding=\"async\" loading=\"lazy\" aria-describedby=\"gallery-1-76427\" srcset=\"https:\/\/www.uv.mx\/prensa\/files\/2019\/11\/111119-Seminario-Centros-Historicos-3.jpg 722w, https:\/\/www.uv.mx\/prensa\/files\/2019\/11\/111119-Seminario-Centros-Historicos-3-300x200.jpg 300w\" sizes=\"(max-width: 722px) 100vw, 722px\" \/><\/a>\n\t\t\t<\/dt>\n\t\t\t\t<dd class='wp-caption-text gallery-caption' id='gallery-1-76427'>\n\t\t\t\tLibia Izabel Becerra de Miranda \n\t\t\t\t<\/dd><\/dl><br style=\"clear: both\" \/>\n\t\t<\/div>\n\n<p><span data-contrast=\"none\">\u201cEste evento permitir\u00e1 <\/span><span data-contrast=\"none\">generar conocimiento y rescatar experiencia y saberes<\/span><span data-contrast=\"none\">,<\/span><span data-contrast=\"none\"> que ser\u00e1n de gran utilidad en beneficio de los <\/span><span data-contrast=\"none\">diferentes grupos sociales, en concordancia con nuestras realidades y con r<\/span><span data-contrast=\"none\">e<\/span><span data-contrast=\"none\">speto a la idiosincrasia <\/span><span data-contrast=\"none\">de nuestros pueblos\u201d, declar\u00f3.<\/span><span data-ccp-props=\"{&quot;335559731&quot;:708}\">\u00a0<\/span><\/p>\n<p><span data-contrast=\"none\">Al impartir la ponencia \u201cMercado inmobiliario en centros hist\u00f3ricos brasile\u00f1os y las nuevas fronteras de valorizaci\u00f3n inmobiliaria<\/span><span data-contrast=\"none\">\u201d, Lira Dos <\/span><span data-contrast=\"none\">Anjos<\/span><span data-contrast=\"none\"> coment\u00f3 que las transformaciones urbanas en Brasil impactan seriamente a los centros hist\u00f3ricos, que <\/span><span data-contrast=\"none\">muchas veces <\/span><span data-contrast=\"none\">no cuentan con la debida protecci\u00f3n ante esto.<\/span><span data-ccp-props=\"{&quot;335559731&quot;:708}\">\u00a0<\/span><\/p>\n<p><span data-contrast=\"none\">Explic\u00f3 que estos impactos no son por falta de legislaci\u00f3n que impida esto, sino de un sistema de gesti\u00f3n que la opere ad<\/span><span data-contrast=\"none\">ecuadamente; enunci\u00f3 que si el E<\/span><span data-contrast=\"none\">stado no se hace presente<\/span><span data-contrast=\"none\">,<\/span><span data-contrast=\"none\"> muchos centros hist\u00f3ricos de ciudades brasile\u00f1as pueden quedar marginados.\u00a0<\/span><span data-ccp-props=\"{&quot;335559731&quot;:708}\">\u00a0<\/span><\/p>\n<p><span data-contrast=\"none\">\u201cLa preservaci\u00f3n de los centros hist\u00f3r<\/span><span data-contrast=\"none\">icos es muy importante, ya que \u00e9<\/span><span data-contrast=\"none\">stos rescatan memoria y los s\u00edmbolos de las ciudades\u201d, enfatiz\u00f3.\u00a0<\/span><span data-ccp-props=\"{&quot;335559731&quot;:708}\">\u00a0<\/span><\/p>\n<p><span data-contrast=\"none\">Libia <\/span><span data-contrast=\"none\">Izabel<\/span><span data-contrast=\"none\"> Becerra relat\u00f3 que el taller \u201cIdentificaci\u00f3n de din\u00e1micas espaciales u<\/span><span data-contrast=\"none\">rbanas en centros hist\u00f3ricos\u201d<\/span><span data-contrast=\"none\"> est\u00e1 dirigido a todo aquel que est\u00e1 interesado en estudiar las din\u00e1micas espaciales en los centros hist\u00f3ricos.\u00a0<\/span><span data-ccp-props=\"{&quot;335559731&quot;:708}\">\u00a0<\/span><\/p>\n<p><span data-contrast=\"none\">Mencion\u00f3 que dentro de esta capacitaci\u00f3n se mostrar\u00e1 c\u00f3mo se trabaja en Brasil en torno a las problem\u00e1ticas de los centros hist\u00f3ricos, y las solu<\/span><span data-contrast=\"none\">ciones que se implementan ante \u00e9<\/span><span data-contrast=\"none\">stas.\u00a0<\/span><span data-ccp-props=\"{&quot;335559731&quot;:708}\">\u00a0<\/span><\/p>\n<p><span data-contrast=\"none\">\u201cAnalizaremos estos procesos y a partir de singularidades buscaremos maneras para que las din\u00e1micas de transformaci\u00f3n urbana protejan la parte <\/span><span data-contrast=\"none\">m\u00e1s<\/span><span data-contrast=\"none\"> importante del patrimonio\u201d, enunci\u00f3.<\/span><span data-ccp-props=\"{&quot;335559731&quot;:708}\">\u00a0<\/span><\/p>\n","protected":false},"excerpt":{"rendered":"<p>\u201cLa preservaci\u00f3n de los centros hist\u00f3ricos es muy importante, ya que \u00e9stos rescatan memoria y los s\u00edmbolos de las ciudades\u201d<\/p>\n","protected":false},"author":1508,"featured_media":76425,"comment_status":"closed","ping_status":"closed","sticky":false,"template":"","format":"standard","meta":[],"categories":[1],"tags":[],"_links":{"self":[{"href":"https:\/\/www.uv.mx\/prensa\/wp-json\/wp\/v2\/posts\/76438"}],"collection":[{"href":"https:\/\/www.uv.mx\/prensa\/wp-json\/wp\/v2\/posts"}],"about":[{"href":"https:\/\/www.uv.mx\/prensa\/wp-json\/wp\/v2\/types\/post"}],"author":[{"embeddable":true,"href":"https:\/\/www.uv.mx\/prensa\/wp-json\/wp\/v2\/users\/1508"}],"replies":[{"embeddable":true,"href":"https:\/\/www.uv.mx\/prensa\/wp-json\/wp\/v2\/comments?post=76438"}],"version-history":[{"count":0,"href":"https:\/\/www.uv.mx\/prensa\/wp-json\/wp\/v2\/posts\/76438\/revisions"}],"wp:featuredmedia":[{"embeddable":true,"href":"https:\/\/www.uv.mx\/prensa\/wp-json\/wp\/v2\/media\/76425"}],"wp:attachment":[{"href":"https:\/\/www.uv.mx\/prensa\/wp-json\/wp\/v2\/media?parent=76438"}],"wp:term":[{"taxonomy":"category","embeddable":true,"href":"https:\/\/www.uv.mx\/prensa\/wp-json\/wp\/v2\/categories?post=76438"},{"taxonomy":"post_tag","embeddable":true,"href":"https:\/\/www.uv.mx\/prensa\/wp-json\/wp\/v2\/tags?post=76438"}],"curies":[{"name":"wp","href":"https:\/\/api.w.org\/{rel}","templated":true}]}}