{"id":76981,"date":"2019-11-22T08:00:39","date_gmt":"2019-11-22T14:00:39","guid":{"rendered":"https:\/\/www.uv.mx\/prensa\/?p=76981"},"modified":"2019-11-22T11:52:31","modified_gmt":"2019-11-22T17:52:31","slug":"quimico-clinico-fundamental-en-diagnostico-de-enfermedades","status":"publish","type":"post","link":"https:\/\/www.uv.mx\/prensa\/general\/quimico-clinico-fundamental-en-diagnostico-de-enfermedades\/","title":{"rendered":"Qu\u00edmico cl\u00ednico, fundamental en diagn\u00f3stico de enfermedades"},"content":{"rendered":"<ul>\n<li data-leveltext=\"\uf0b7\" data-font=\"Symbol\" data-listid=\"1\" data-aria-posinset=\"1\" data-aria-level=\"1\"><i><span data-contrast=\"auto\">En la Facultad de <\/span><\/i><i><span data-contrast=\"auto\">Bioan\u00e1lisis<\/span><\/i><i><span data-contrast=\"auto\"> de la UV celebraron <\/span><\/i><i><span data-contrast=\"auto\">el<\/span><\/i><i><span data-contrast=\"auto\"> jueves 21 de noviembre el<\/span><\/i> <i><span data-contrast=\"auto\">D\u00eda del Qu\u00edmico<\/span><\/i><span data-ccp-props=\"{&quot;134233279&quot;:true,&quot;201341983&quot;:0,&quot;335559739&quot;:160,&quot;335559740&quot;:240}\">\u00a0<\/span><\/li>\n<li data-leveltext=\"\uf0b7\" data-font=\"Symbol\" data-listid=\"1\" data-aria-posinset=\"2\" data-aria-level=\"1\"><i><span data-contrast=\"auto\">La <\/span><\/i><i><span data-contrast=\"auto\">jornada <\/span><\/i><i><span data-contrast=\"auto\">incluy\u00f3 <\/span><\/i><i><span data-contrast=\"auto\">actividades acad\u00e9micas y estudiantiles<\/span><\/i><i><span data-contrast=\"auto\"> realizadas en el Auditorio de la<\/span><\/i><i><span data-contrast=\"auto\"> Unidad de Ciencias de la Salud<\/span><\/i><\/li>\n<\/ul>\n<div id=\"attachment_76964\" style=\"width: 732px\" class=\"wp-caption aligncenter\"><a href=\"https:\/\/www.uv.mx\/prensa\/files\/2019\/11\/211119-DIA-DEL-QUIMICO-1.jpg\"><img aria-describedby=\"caption-attachment-76964\" decoding=\"async\" loading=\"lazy\" class=\"size-full wp-image-76964\" src=\"https:\/\/www.uv.mx\/prensa\/files\/2019\/11\/211119-DIA-DEL-QUIMICO-1.jpg\" alt=\"La Facultad de Bioan\u00e1lisis de la UV celebr\u00f3 el D\u00eda del Qu\u00edmico \" width=\"722\" height=\"482\" srcset=\"https:\/\/www.uv.mx\/prensa\/files\/2019\/11\/211119-DIA-DEL-QUIMICO-1.jpg 722w, https:\/\/www.uv.mx\/prensa\/files\/2019\/11\/211119-DIA-DEL-QUIMICO-1-300x200.jpg 300w\" sizes=\"(max-width: 722px) 100vw, 722px\" \/><\/a><p id=\"caption-attachment-76964\" class=\"wp-caption-text\">La Facultad de Bioan\u00e1lisis de la UV celebr\u00f3 el D\u00eda del Qu\u00edmico<\/p><\/div>\n<p><b><i><span data-contrast=\"auto\">Claudia Peralta V\u00e1zquez<\/span><\/i><\/b><span data-ccp-props=\"{&quot;201341983&quot;:0,&quot;335559739&quot;:160,&quot;335559740&quot;:240}\">\u00a0<\/span><\/p>\n<p><b><i><span data-contrast=\"auto\">22<\/span><\/i><\/b><b><i><span data-contrast=\"auto\">\/11\/19, Xalapa, Ver.- <\/span><\/i><\/b><span data-contrast=\"auto\">La <a href=\"https:\/\/www.uv.mx\/bioanalisis\/\" target=\"_blank\" rel=\"noopener noreferrer\">Facultad de Bioan\u00e1lisis de la Universidad Veracruzana<\/a> (UV) celebr\u00f3 el jueves 21 de noviembre el D\u00eda del Qu\u00edmico, con una jornada de actividades estudiantiles y acad\u00e9micas que versaron sobre la importancia de la labor que ejerce el profesional de esta disciplina en el campo de la salud y en la detecci\u00f3n oportuna de enfermedades.<\/span><span data-ccp-props=\"{&quot;201341983&quot;:0,&quot;335559739&quot;:160,&quot;335559740&quot;:240}\">\u00a0<\/span><\/p>\n<p><span data-contrast=\"auto\">\u201c\u00c1mbitos Laborales del Qu\u00edmico Cl\u00ednico\u201d, fue el tema de este foro realizado en las instalaciones del<\/span><span data-contrast=\"auto\"> Aula Magna de la Unidad de Ciencias de la Salud, <\/span><span data-contrast=\"auto\">donde especialistas de instituciones p\u00fablicas y privadas de las \u00e1reas de <\/span><span data-contrast=\"auto\">q<\/span><span data-contrast=\"auto\">u\u00edmica <\/span><span data-contrast=\"auto\">f<\/span><span data-contrast=\"auto\">orense, <\/span><span data-contrast=\"auto\">a<\/span><span data-contrast=\"auto\">n\u00e1lisis de <\/span><span data-contrast=\"auto\">a<\/span><span data-contrast=\"auto\">limentos, <\/span><span data-contrast=\"auto\">a<\/span><span data-contrast=\"auto\">n\u00e1lisis <\/span><span data-contrast=\"auto\">c<\/span><span data-contrast=\"auto\">l\u00ednico <\/span><span data-contrast=\"auto\">v<\/span><span data-contrast=\"auto\">eterinario, <\/span><span data-contrast=\"auto\">a<\/span><span data-contrast=\"auto\">n\u00e1lisis <\/span><span data-contrast=\"auto\">c<\/span><span data-contrast=\"auto\">l\u00ednicos, docencia e investigaci\u00f3n, impartieron pl\u00e1ticas y ponencias a los asistentes.<\/span><span data-ccp-props=\"{&quot;201341983&quot;:0,&quot;335559739&quot;:160,&quot;335559740&quot;:240}\">\u00a0<\/span><\/p>\n<p><span data-contrast=\"auto\">Al inaugurar este foro, Sandra Luz Gonz\u00e1lez Herrera, directora de la <\/span><span data-contrast=\"auto\">Facultad de <\/span><span data-contrast=\"auto\">Bioan\u00e1lisis<\/span><span data-contrast=\"auto\">, dio a conocer que en 1948, Mar\u00eda de los <\/span><span data-contrast=\"auto\">\u00c1ngeles <\/span><span data-contrast=\"auto\">Zaldo<\/span><span data-contrast=\"auto\"> Arredondo<\/span><span data-contrast=\"auto\">, quien fue licenciada <\/span><span data-contrast=\"auto\">en <\/span><span data-contrast=\"auto\">Qu\u00edmica Farmac\u00e9utica Biol\u00f3gica (<\/span><span data-contrast=\"auto\">QFB<\/span><span data-contrast=\"auto\">) egresada de la Universidad Nacional Aut\u00f3noma de M\u00e9xico (<\/span><span data-contrast=\"auto\">UNAM<\/span><span data-contrast=\"auto\">)<\/span><span data-contrast=\"auto\">, <\/span><span data-contrast=\"auto\">propuso <\/span><span data-contrast=\"auto\">en la ciudad de L<\/span><span data-contrast=\"auto\">a Habana, Cuba, dentro del Congreso Paname<\/span><span data-contrast=\"auto\">ricano de Qu\u00edmica, <\/span><span data-contrast=\"auto\">qu<\/span><span data-contrast=\"auto\">e se instituyera una fecha para <\/span><span data-contrast=\"auto\">c<\/span><span data-contrast=\"auto\">onmemorar al profesional de esa \u00e1rea, defini\u00e9ndose as\u00ed el 1 <\/span><span data-contrast=\"auto\">de diciembre<\/span><span data-contrast=\"auto\">.<\/span><span data-ccp-props=\"{&quot;201341983&quot;:0,&quot;335559739&quot;:160,&quot;335559740&quot;:240}\">\u00a0<\/span><\/p>\n<p><span data-contrast=\"auto\">Aunque esta celebraci\u00f3n es anticipada, dijo, es importante reconocer a la qu\u00edmica como una <\/span><span data-contrast=\"auto\">ciencia central en la que <\/span><span data-contrast=\"auto\">se apoyan numerosos campos de conocimiento para desarrollar sus contenidos<\/span><span data-contrast=\"auto\">.<\/span><span data-ccp-props=\"{&quot;201341983&quot;:0,&quot;335559739&quot;:160,&quot;335559740&quot;:240}\">\u00a0<\/span><\/p>\n<p><span data-contrast=\"auto\">En presencia de acad\u00e9micos y alumnos<\/span><span data-contrast=\"auto\">, se\u00f1al\u00f3<\/span><span data-contrast=\"auto\"> que con base en las interacciones qu\u00edmicas que tienen lugar en el organismo<\/span><span data-contrast=\"auto\">, se han establecido <\/span><span data-contrast=\"auto\">los principios de diagn\u00f3stico de muestras, aplicaci\u00f3n de m\u00e9todos de laboratorio e interpretaci\u00f3n de los resultados para contribuir al<\/span><span data-contrast=\"auto\"> diagn\u00f3stico de enfermedades, <\/span><span data-contrast=\"auto\">mantenimiento y preservaci\u00f3n de la salud.<\/span><span data-ccp-props=\"{&quot;201341983&quot;:0,&quot;335559739&quot;:160,&quot;335559740&quot;:240}\">\u00a0<\/span><\/p>\n<p><span data-contrast=\"auto\">Por lo anterior, el qu\u00edmico cl\u00ednico es un profesional formado con diversos saberes te\u00f3ricos, heur\u00edsticos y axiol\u00f3gicos para desarrollar sus competencias de manera responsable y con calidad en los diversos espacios laborales.<\/span><span data-ccp-props=\"{&quot;201341983&quot;:0,&quot;335559739&quot;:160,&quot;335559740&quot;:240}\">\u00a0<\/span><\/p>\n<p><span data-contrast=\"auto\">Asimismo, ante los avances cient\u00edficos y tecnol\u00f3gicos, tambi\u00e9n han sido modificadas las \u00e1reas laborales donde pueden desempe\u00f1arse.<\/span><\/p>\n<div id=\"attachment_76965\" style=\"width: 732px\" class=\"wp-caption aligncenter\"><a href=\"https:\/\/www.uv.mx\/prensa\/files\/2019\/11\/211119-DIA-DEL-QUIMICO-2.jpg\"><img aria-describedby=\"caption-attachment-76965\" decoding=\"async\" loading=\"lazy\" class=\"size-full wp-image-76965\" src=\"https:\/\/www.uv.mx\/prensa\/files\/2019\/11\/211119-DIA-DEL-QUIMICO-2.jpg\" alt=\"Con motivo del D\u00eda del Qu\u00edmico, estudiantes participaron en actividades acad\u00e9micas \" width=\"722\" height=\"481\" srcset=\"https:\/\/www.uv.mx\/prensa\/files\/2019\/11\/211119-DIA-DEL-QUIMICO-2.jpg 722w, https:\/\/www.uv.mx\/prensa\/files\/2019\/11\/211119-DIA-DEL-QUIMICO-2-300x200.jpg 300w\" sizes=\"(max-width: 722px) 100vw, 722px\" \/><\/a><p id=\"caption-attachment-76965\" class=\"wp-caption-text\">Con motivo del D\u00eda del Qu\u00edmico, estudiantes participaron en actividades acad\u00e9micas<\/p><\/div>\n<p><span data-contrast=\"auto\">En representaci\u00f3n del \u00c1rea Acad\u00e9mica de Ciencias de la Salud, Francisco Amador L\u00f3pez Villegas reconoci\u00f3 el compromiso de las autoridades universitarias por <\/span><span data-contrast=\"auto\">llevar a cabo estas jornadas en beneficio de la comunidad estudiantil.<\/span><span data-ccp-props=\"{&quot;201341983&quot;:0,&quot;335559731&quot;:708,&quot;335559739&quot;:160,&quot;335559740&quot;:240}\">\u00a0<\/span><\/p>\n<p><span data-contrast=\"auto\">\u00c9<\/span><span data-contrast=\"auto\">ste es un programa educativo (PE) <\/span><span data-contrast=\"auto\">que<\/span><span data-contrast=\"auto\"> goza de gran prestigio pues es <\/span><span data-contrast=\"auto\">resultado del estudio entre varias disciplinas con un objetivo particular<\/span><span data-contrast=\"auto\">:<\/span><span data-contrast=\"auto\"> la prevenci\u00f3n de la salud.<\/span><span data-ccp-props=\"{&quot;201341983&quot;:0,&quot;335559731&quot;:708,&quot;335559739&quot;:160,&quot;335559740&quot;:240}\">\u00a0<\/span><\/p>\n<p><span data-contrast=\"auto\">Sin duda alguna, las formas de interacci\u00f3n de las personas, sus usos, costumbres y los padecimientos que las pueden llegar a afectar, se ir\u00e1n modificando a trav\u00e9s del <\/span><span data-contrast=\"auto\">tiempo, dijo.<\/span><span data-ccp-props=\"{&quot;201341983&quot;:0,&quot;335559731&quot;:708,&quot;335559739&quot;:160,&quot;335559740&quot;:240}\">\u00a0<\/span><\/p>\n<p><span data-contrast=\"auto\">Por tanto, un<\/span><span data-contrast=\"auto\"> enfoque educativo<\/span><span data-contrast=\"auto\">, amplio y <\/span><span data-contrast=\"auto\">transdisciplinario<\/span><span data-contrast=\"auto\"> es<\/span><span data-contrast=\"auto\"> adecuado para responder a los desaf\u00edos presentes en el \u00e1mbito de la salud.<\/span><span data-ccp-props=\"{&quot;201341983&quot;:0,&quot;335559731&quot;:708,&quot;335559739&quot;:160,&quot;335559740&quot;:240}\">\u00a0<\/span><\/p>\n<p><span data-contrast=\"auto\">En el marco de este evento<\/span><span data-contrast=\"auto\">, el director de la Cl\u00ednica Universitaria de Salud Reproductiva y Sexual (CU<\/span><span data-contrast=\"auto\">S<\/span><span data-contrast=\"auto\">RS), Alejandro <\/span><span data-contrast=\"auto\">Es<\/span><span data-contrast=\"auto\">cobar Mesa, ofreci\u00f3 la ponencia \u201cEpidemiolog\u00eda, reto<\/span><span data-contrast=\"auto\">s y riesgos del q<\/span><span data-contrast=\"auto\">u\u00edmico <\/span><span data-contrast=\"auto\">c<\/span><span data-contrast=\"auto\">l\u00ednico<\/span><span data-contrast=\"auto\">\u201d<\/span> <span data-contrast=\"auto\">y <\/span><span data-contrast=\"auto\">se refiri\u00f3 a la situaci\u00f3n actual de salud y al papel que en este sentido juega el <\/span><span data-contrast=\"auto\">qu\u00edmico cl\u00ednico<\/span><span data-contrast=\"auto\">.<\/span><span data-ccp-props=\"{&quot;201341983&quot;:0,&quot;335559731&quot;:708,&quot;335559739&quot;:160,&quot;335559740&quot;:240}\">\u00a0<\/span><\/p>\n<p><span data-contrast=\"auto\">Mencion<\/span><span data-contrast=\"auto\">\u00f3 algunos de los cambios<\/span><span data-contrast=\"auto\"> ocurrido<\/span><span data-contrast=\"auto\">s<\/span><span data-contrast=\"auto\"> en materia de salud en los \u00faltimos a\u00f1os, retos, riesgos y acciones que como universitarios deben desarrollarse para promocionar buenas pr\u00e1cticas.<\/span><span data-ccp-props=\"{&quot;201341983&quot;:0,&quot;335559731&quot;:708,&quot;335559739&quot;:160,&quot;335559740&quot;:240}\">\u00a0<\/span><\/p>\n<p><span data-contrast=\"auto\">En este mismo contexto, mencion\u00f3 que ante la aparici\u00f3n y reemergencia de ciertas enfermedades, debe trabajarse de manera m\u00e1s anticipada<\/span><span data-contrast=\"auto\">;<\/span> <span data-contrast=\"auto\">es decir,<\/span> <span data-contrast=\"auto\">no esperar a que los pacientes lleguen a las cl\u00ednicas, hospitales y centros de salud, sino que previamente se puedan identificar riesgos e impactos futuros en la salud de las personas.<\/span> <span data-contrast=\"auto\">Un ejemplo como tal es el comportamiento del dengue<\/span><span data-contrast=\"auto\"> y la reaparici\u00f3n del sarampi\u00f3n.<\/span><span data-ccp-props=\"{&quot;201341983&quot;:0,&quot;335559731&quot;:708,&quot;335559739&quot;:160,&quot;335559740&quot;:240}\">\u00a0<\/span><\/p>\n<p><span data-contrast=\"auto\">\u00a0\u201c<\/span><span data-contrast=\"auto\">Los cambios en salud no son tan marcados <\/span><span data-contrast=\"auto\">ni<\/span><span data-contrast=\"auto\"> progresivos, ejemplo de ello son las enfermedades que se pensaba estaban controladas y que han ido emergiendo<\/span><span data-contrast=\"auto\">.<\/span><span data-contrast=\"auto\">\u201d<\/span><span data-ccp-props=\"{&quot;201341983&quot;:0,&quot;335559731&quot;:708,&quot;335559739&quot;:160,&quot;335559740&quot;:240}\">\u00a0<\/span><\/p>\n<p><span data-contrast=\"auto\">Con relaci\u00f3n al sobrepeso y obesidad, destac\u00f3 que el reto actual del pa\u00eds es abatir y controlar esta problem\u00e1tica, as\u00ed como las <\/span><span data-contrast=\"auto\">enfermedades que d<\/span><span data-contrast=\"auto\">erivan de ello, particularmente<\/span><span data-contrast=\"auto\"> la diabetes.<\/span><span data-ccp-props=\"{&quot;201341983&quot;:0,&quot;335559731&quot;:708,&quot;335559739&quot;:160,&quot;335559740&quot;:240}\">\u00a0<\/span><\/p>\n<p><span data-contrast=\"auto\">Para ello, es necesario considerar y priorizar <\/span><span data-contrast=\"auto\">h\u00e1bitos y esti<\/span><span data-contrast=\"auto\">l<\/span><span data-contrast=\"auto\">os de vida m\u00e1s saludables, no s\u00f3<\/span><span data-contrast=\"auto\">lo para <\/span><span data-contrast=\"auto\">evitar por completo la enfermedad<\/span><span data-contrast=\"auto\">, sino para<\/span><span data-contrast=\"auto\"> retrasar<\/span><span data-contrast=\"auto\"> su inicio.<\/span><span data-ccp-props=\"{&quot;201341983&quot;:0,&quot;335559731&quot;:708,&quot;335559739&quot;:160,&quot;335559740&quot;:240}\">\u00a0<\/span><\/p>\n<p><span data-contrast=\"auto\">Escobar Mesa expuso que de <\/span><span data-contrast=\"auto\">seguir esa tendencia<\/span><span data-contrast=\"auto\">,<\/span><span data-contrast=\"auto\"> seremos un pa\u00eds con una carga de enferme<\/span><span data-contrast=\"auto\">dades cr\u00f3nicas no transmisibles<\/span><span data-contrast=\"auto\"> con un costo de atenci\u00f3n muy alto<\/span><span data-contrast=\"auto\">.<\/span><span data-ccp-props=\"{&quot;201341983&quot;:0,&quot;335559731&quot;:708,&quot;335559739&quot;:160,&quot;335559740&quot;:240}\">\u00a0<\/span><\/p>\n<p><span data-contrast=\"auto\">Es ah\u00ed donde el papel del qu\u00edmico cl\u00ednico <\/span><span data-contrast=\"auto\">es imprescindible, pues no s\u00f3<\/span><span data-contrast=\"auto\">lo debe part<\/span><span data-contrast=\"auto\">icipa<\/span><span data-contrast=\"auto\">r<\/span><span data-contrast=\"auto\"> en el diagn\u00f3stico cl\u00ednico de la enfermedad, sino<\/span><span data-contrast=\"auto\"> tambi\u00e9n de manera anticipada con estudios de <\/span><span data-contrast=\"auto\">laboratorio<\/span><span data-contrast=\"auto\">.<\/span><span data-ccp-props=\"{&quot;201341983&quot;:0,&quot;335559731&quot;:708,&quot;335559739&quot;:160,&quot;335559740&quot;:240}\">\u00a0<\/span><\/p>\n<p><span data-contrast=\"auto\">En el acto<\/span><span data-contrast=\"auto\"> estuvieron Isela Santiago Roque, secretaria Acad\u00e9mica de la Facultad, as\u00ed como los miembros del comit\u00e9 organizador, entre ellos:<\/span> <span data-contrast=\"auto\">Mar\u00eda Andrea Galicia Garc\u00eda<\/span><span data-contrast=\"auto\">, Mar\u00eda Teresa <\/span><span data-contrast=\"auto\">Croda<\/span> <span data-contrast=\"auto\">Todd<\/span><span data-contrast=\"auto\"> y <\/span><span data-contrast=\"auto\">Ricardo V\u00e1zquez <\/span><span data-contrast=\"auto\">Ballona<\/span><span data-contrast=\"auto\">.<\/span><\/p>\n<div id=\"attachment_76966\" style=\"width: 732px\" class=\"wp-caption aligncenter\"><a href=\"https:\/\/www.uv.mx\/prensa\/files\/2019\/11\/211119-DIA-DEL-QUIMICO-3.jpg\"><img aria-describedby=\"caption-attachment-76966\" decoding=\"async\" loading=\"lazy\" class=\"size-full wp-image-76966\" src=\"https:\/\/www.uv.mx\/prensa\/files\/2019\/11\/211119-DIA-DEL-QUIMICO-3.jpg\" alt=\"Alejandro Escobar Mesa, director de la CUSRS, habl\u00f3 sobre el papel que juega el qu\u00edmico cl\u00ednico en la detecci\u00f3n de enfermedades \" width=\"722\" height=\"482\" srcset=\"https:\/\/www.uv.mx\/prensa\/files\/2019\/11\/211119-DIA-DEL-QUIMICO-3.jpg 722w, https:\/\/www.uv.mx\/prensa\/files\/2019\/11\/211119-DIA-DEL-QUIMICO-3-300x200.jpg 300w\" sizes=\"(max-width: 722px) 100vw, 722px\" \/><\/a><p id=\"caption-attachment-76966\" class=\"wp-caption-text\">Alejandro Escobar Mesa, director de la CUSRS, habl\u00f3 sobre el papel que juega el qu\u00edmico cl\u00ednico en la detecci\u00f3n de enfermedades<\/p><\/div>\n","protected":false},"excerpt":{"rendered":"<p>\u201cLos cambios en salud no son tan marcados ni progresivos, ejemplo de ello son las enfermedades que se pensaba estaban controladas y que han ido emergiendo\u201d <\/p>\n","protected":false},"author":1775,"featured_media":76964,"comment_status":"closed","ping_status":"closed","sticky":false,"template":"","format":"standard","meta":[],"categories":[1],"tags":[],"_links":{"self":[{"href":"https:\/\/www.uv.mx\/prensa\/wp-json\/wp\/v2\/posts\/76981"}],"collection":[{"href":"https:\/\/www.uv.mx\/prensa\/wp-json\/wp\/v2\/posts"}],"about":[{"href":"https:\/\/www.uv.mx\/prensa\/wp-json\/wp\/v2\/types\/post"}],"author":[{"embeddable":true,"href":"https:\/\/www.uv.mx\/prensa\/wp-json\/wp\/v2\/users\/1775"}],"replies":[{"embeddable":true,"href":"https:\/\/www.uv.mx\/prensa\/wp-json\/wp\/v2\/comments?post=76981"}],"version-history":[{"count":0,"href":"https:\/\/www.uv.mx\/prensa\/wp-json\/wp\/v2\/posts\/76981\/revisions"}],"wp:featuredmedia":[{"embeddable":true,"href":"https:\/\/www.uv.mx\/prensa\/wp-json\/wp\/v2\/media\/76964"}],"wp:attachment":[{"href":"https:\/\/www.uv.mx\/prensa\/wp-json\/wp\/v2\/media?parent=76981"}],"wp:term":[{"taxonomy":"category","embeddable":true,"href":"https:\/\/www.uv.mx\/prensa\/wp-json\/wp\/v2\/categories?post=76981"},{"taxonomy":"post_tag","embeddable":true,"href":"https:\/\/www.uv.mx\/prensa\/wp-json\/wp\/v2\/tags?post=76981"}],"curies":[{"name":"wp","href":"https:\/\/api.w.org\/{rel}","templated":true}]}}