{"id":77156,"date":"2019-11-25T15:14:08","date_gmt":"2019-11-25T21:14:08","guid":{"rendered":"https:\/\/www.uv.mx\/prensa\/?p=77156"},"modified":"2019-11-27T11:22:13","modified_gmt":"2019-11-27T17:22:13","slug":"rectora-asistio-a-entrega-del-premio-estatal-de-ciencia-y-tecnologia","status":"publish","type":"post","link":"https:\/\/www.uv.mx\/prensa\/general\/rectora-asistio-a-entrega-del-premio-estatal-de-ciencia-y-tecnologia\/","title":{"rendered":"Rectora asisti\u00f3 a entrega del Premio Estatal de Ciencia y Tecnolog\u00eda"},"content":{"rendered":"<p><a href=\"https:\/\/www.uv.mx\/prensa\/files\/2019\/11\/221119-Fotonota-Premio.jpg\"><img decoding=\"async\" loading=\"lazy\" class=\"aligncenter size-full wp-image-77157\" src=\"https:\/\/www.uv.mx\/prensa\/files\/2019\/11\/221119-Fotonota-Premio.jpg\" alt=\"\" width=\"722\" height=\"481\" srcset=\"https:\/\/www.uv.mx\/prensa\/files\/2019\/11\/221119-Fotonota-Premio.jpg 722w, https:\/\/www.uv.mx\/prensa\/files\/2019\/11\/221119-Fotonota-Premio-300x200.jpg 300w\" sizes=\"(max-width: 722px) 100vw, 722px\" \/><\/a><\/p>\n<blockquote><p><b><i><span data-contrast=\"auto\">2<\/span><\/i><\/b><b><i><span data-contrast=\"auto\">5\/<\/span><\/i><\/b><b><i><span data-contrast=\"auto\">11<\/span><\/i><\/b><b><i><span data-contrast=\"auto\">\/20<\/span><\/i><\/b><b><i><span data-contrast=\"auto\">19, <\/span><\/i><\/b><b><i><span data-contrast=\"auto\">Xalapa, Ver.-<\/span><\/i><\/b> <span data-contrast=\"auto\">La rectora de la <a href=\"https:\/\/www.uv.mx\/\" target=\"_blank\" rel=\"noopener noreferrer\">Universidad Veracruzana<\/a> (UV), Sara Ladr\u00f3n de Guevara, atestigu\u00f3 la entrega del Premio Estatal de Ciencia y Tecnolog\u00eda a Eugenia Judith Olgu\u00edn Palacios, investigadora del Instituto de Ecolog\u00eda<\/span><span data-contrast=\"auto\">,<\/span><span data-contrast=\"auto\"> A.C., y Juan Antonio Villanueva Jim\u00e9nez, del <\/span><span data-contrast=\"auto\">Co<\/span><span data-contrast=\"auto\">legio de Pos<\/span><span data-contrast=\"auto\">graduados<\/span><span data-contrast=\"auto\"> de Veracruz.<\/span><\/p>\n<p><span data-contrast=\"auto\">La ceremonia tuvo lugar la tarde del viernes 22 de noviembre en la Sala de Banderas del Palacio del Gobierno Estatal, <\/span><span data-contrast=\"auto\">y <\/span><span data-contrast=\"auto\">fue encabezada por el gobernador Cuitl\u00e1huac Garc\u00eda <\/span><span data-contrast=\"auto\">Jim\u00e9nez.<\/span><\/p><\/blockquote>\n","protected":false},"excerpt":{"rendered":"<p>Atestigu\u00f3 la distinci\u00f3n entregada a Eugenia Judith Olgu\u00edn Palacios, investigadora del Instituto de Ecolog\u00eda, A.C., y Juan Antonio Villanueva Jim\u00e9nez, del Colegio de Posgraduados de Veracruz<\/p>\n","protected":false},"author":1508,"featured_media":77157,"comment_status":"closed","ping_status":"closed","sticky":false,"template":"","format":"standard","meta":[],"categories":[1],"tags":[],"_links":{"self":[{"href":"https:\/\/www.uv.mx\/prensa\/wp-json\/wp\/v2\/posts\/77156"}],"collection":[{"href":"https:\/\/www.uv.mx\/prensa\/wp-json\/wp\/v2\/posts"}],"about":[{"href":"https:\/\/www.uv.mx\/prensa\/wp-json\/wp\/v2\/types\/post"}],"author":[{"embeddable":true,"href":"https:\/\/www.uv.mx\/prensa\/wp-json\/wp\/v2\/users\/1508"}],"replies":[{"embeddable":true,"href":"https:\/\/www.uv.mx\/prensa\/wp-json\/wp\/v2\/comments?post=77156"}],"version-history":[{"count":0,"href":"https:\/\/www.uv.mx\/prensa\/wp-json\/wp\/v2\/posts\/77156\/revisions"}],"wp:featuredmedia":[{"embeddable":true,"href":"https:\/\/www.uv.mx\/prensa\/wp-json\/wp\/v2\/media\/77157"}],"wp:attachment":[{"href":"https:\/\/www.uv.mx\/prensa\/wp-json\/wp\/v2\/media?parent=77156"}],"wp:term":[{"taxonomy":"category","embeddable":true,"href":"https:\/\/www.uv.mx\/prensa\/wp-json\/wp\/v2\/categories?post=77156"},{"taxonomy":"post_tag","embeddable":true,"href":"https:\/\/www.uv.mx\/prensa\/wp-json\/wp\/v2\/tags?post=77156"}],"curies":[{"name":"wp","href":"https:\/\/api.w.org\/{rel}","templated":true}]}}