{"id":77722,"date":"2019-12-05T08:01:24","date_gmt":"2019-12-05T14:01:24","guid":{"rendered":"https:\/\/www.uv.mx\/prensa\/?p=77722"},"modified":"2019-12-05T14:00:46","modified_gmt":"2019-12-05T20:00:46","slug":"investigadora-argentina-impartio-seminario-en-neuroetologia","status":"publish","type":"post","link":"https:\/\/www.uv.mx\/prensa\/general\/investigadora-argentina-impartio-seminario-en-neuroetologia\/","title":{"rendered":"Investigadora argentina imparti\u00f3 seminario en Neuroetolog\u00eda"},"content":{"rendered":"<ul>\n<li data-leveltext=\"\uf0b7\" data-font=\"Symbol\" data-listid=\"2\" data-aria-posinset=\"1\" data-aria-level=\"1\"><i><span data-contrast=\"auto\">Mar\u00eda Elena Avale, <\/span><\/i><i><span data-contrast=\"auto\">d<\/span><\/i><i><span data-contrast=\"auto\">el Instituto de Investigaciones en Ingenier\u00eda Gen\u00e9tica y Biolog\u00eda Molecular de Buenos Aires, <\/span><\/i><i><span data-contrast=\"auto\">particip\u00f3 e<\/span><\/i><i><span data-contrast=\"auto\">n el 6\u00ba Simposio Internacional de <\/span><\/i><i><span data-contrast=\"auto\">Neuroetolog\u00eda<\/span><\/i><span data-ccp-props=\"{&quot;134233279&quot;:true,&quot;201341983&quot;:0,&quot;335559739&quot;:160,&quot;335559740&quot;:240}\">\u00a0<\/span><\/li>\n<li data-leveltext=\"\uf0b7\" data-font=\"Symbol\" data-listid=\"2\" data-aria-posinset=\"2\" data-aria-level=\"1\"><i><span data-contrast=\"auto\">Mostr\u00f3 su inter\u00e9s por colaborar con los grupos de investigaci\u00f3n del Instituto de <\/span><\/i><i><span data-contrast=\"auto\">Neuroetolog\u00eda<\/span><\/i><i><span data-contrast=\"auto\"> de la UV<\/span><\/i><\/li>\n<\/ul>\n<div id=\"attachment_77723\" style=\"width: 732px\" class=\"wp-caption aligncenter\"><a href=\"https:\/\/www.uv.mx\/prensa\/files\/2019\/12\/041219-MARIA-ELENA-AVALE-1.jpg\"><img aria-describedby=\"caption-attachment-77723\" decoding=\"async\" loading=\"lazy\" class=\"size-full wp-image-77723\" src=\"https:\/\/www.uv.mx\/prensa\/files\/2019\/12\/041219-MARIA-ELENA-AVALE-1.jpg\" alt=\"\" width=\"722\" height=\"481\" srcset=\"https:\/\/www.uv.mx\/prensa\/files\/2019\/12\/041219-MARIA-ELENA-AVALE-1.jpg 722w, https:\/\/www.uv.mx\/prensa\/files\/2019\/12\/041219-MARIA-ELENA-AVALE-1-300x200.jpg 300w\" sizes=\"(max-width: 722px) 100vw, 722px\" \/><\/a><p id=\"caption-attachment-77723\" class=\"wp-caption-text\">Mar\u00eda Elena Avale<\/p><\/div>\n<p><b><i><span data-contrast=\"auto\">Claudia Peralta V\u00e1zquez<\/span><\/i><\/b><span data-ccp-props=\"{&quot;201341983&quot;:0,&quot;335559739&quot;:160,&quot;335559740&quot;:240}\">\u00a0<\/span><\/p>\n<p><b><i><span data-contrast=\"auto\">05\/12\/2019, Xalapa, Ver.- <\/span><\/i><\/b><span data-contrast=\"auto\">Mar\u00eda Elena Avale, del Instituto de Investigaciones en Ingenier\u00eda Gen\u00e9tica y Biolog\u00eda Molecular \u201cDr. H\u00e9ctor N. Torres\u201d, de Buenos Aires, Argentina, comparti\u00f3 conocimientos del \u00e1rea de las neurociencias con alumnos de posgrados del <a href=\"https:\/\/www.uv.mx\/neuro\/\" target=\"_blank\" rel=\"noopener noreferrer\">Instituto de <\/a><\/span><span data-contrast=\"auto\">Neuroetolog\u00eda<\/span><span data-contrast=\"auto\"> de la Universidad Veracruzana (UV).<\/span><span data-ccp-props=\"{&quot;201341983&quot;:0,&quot;335559739&quot;:160,&quot;335559740&quot;:240}\">\u00a0<\/span><\/p>\n<p><span data-contrast=\"auto\">La <\/span><span data-contrast=\"auto\">investigadora <\/span><span data-contrast=\"auto\">de este centro adscrito al<\/span> <span data-contrast=\"auto\">Consejo Nacional de Investigaciones Cient\u00edficas y T\u00e9cnicas <\/span><span data-contrast=\"auto\">de ese <\/span><span data-contrast=\"auto\">pa\u00eds<\/span><span data-contrast=\"auto\"> imparti\u00f3 dos seminarios en el marco del <\/span><span data-contrast=\"auto\">6\u00ba Simposio Internacional de <\/span><span data-contrast=\"auto\">Neuroetolog\u00eda<\/span><span data-contrast=\"auto\"> \u201cIntegrando el comportamiento\u201d<\/span><span data-contrast=\"auto\">, celebrado en <\/span><span data-contrast=\"auto\">la capital veracruzana<\/span><span data-contrast=\"auto\"> a finales de octubre pasado.<\/span><span data-ccp-props=\"{&quot;201341983&quot;:0,&quot;335559739&quot;:160,&quot;335559740&quot;:240}\">\u00a0<\/span><\/p>\n<p><span data-contrast=\"auto\">Durante su estancia, extern\u00f3 su inter\u00e9s <\/span><span data-contrast=\"auto\">por colaborar en un corto plazo<\/span><span data-contrast=\"auto\"> con los grupos de investigaci\u00f3n del Instituto de <\/span><span data-contrast=\"auto\">Neuroetolog\u00eda<\/span><span data-contrast=\"auto\"> de <\/span><span data-contrast=\"auto\">la UV<\/span><span data-contrast=\"auto\">.<\/span><span data-ccp-props=\"{&quot;201341983&quot;:0,&quot;335559739&quot;:160,&quot;335559740&quot;:240}\">\u00a0<\/span><\/p>\n<p><span data-contrast=\"auto\">En el marco de este encuentro que reuni\u00f3 a <\/span><span data-contrast=\"auto\">especialistas<\/span><span data-contrast=\"auto\"> del ramo de <\/span><span data-contrast=\"auto\">las \u00e1reas de Biolog\u00eda, Neur<\/span><span data-contrast=\"auto\">ofisiolog\u00eda y <\/span><span data-contrast=\"auto\">Neurofarmacolog\u00eda<\/span><span data-contrast=\"auto\">, <\/span><span data-contrast=\"auto\">Mar\u00eda Elena Avale imparti\u00f3 <\/span><span data-contrast=\"auto\">inicialmente <\/span><span data-contrast=\"auto\">el seminario<\/span> <span data-contrast=\"auto\">\u201c<\/span><span data-contrast=\"auto\">Estudios conductuales y fisiopatol\u00f3gicos utilizando modelos <\/span><span data-contrast=\"auto\">murinos<\/span><span data-contrast=\"auto\"> de enfermedades neurodegenerativas <\/span><span data-contrast=\"auto\">para ensayos de terapia g\u00e9nica<\/span><span data-contrast=\"auto\">\u201d<\/span><span data-contrast=\"auto\">.<\/span><span data-ccp-props=\"{&quot;201341983&quot;:0,&quot;335559731&quot;:708,&quot;335559739&quot;:160,&quot;335559740&quot;:240}\">\u00a0<\/span><\/p>\n<p><span data-contrast=\"auto\">L<\/span><span data-contrast=\"auto\">a<\/span><span data-contrast=\"auto\"> investigadora, quien ha recibido <\/span><span data-contrast=\"auto\">co<\/span><span data-contrast=\"auto\">-financiamiento de<\/span><span data-contrast=\"auto\"> la <\/span><span data-contrast=\"auto\">F<\/span><span data-contrast=\"auto\">unda<\/span><span data-contrast=\"auto\">ci\u00f3n \u201c<\/span><span data-contrast=\"auto\">Michael J.<\/span><span data-contrast=\"auto\"> Fox<\/span><span data-contrast=\"auto\">\u201d,<\/span><span data-contrast=\"auto\"> formaci\u00f3n posdoctoral en <\/span><span data-contrast=\"auto\">King<\/span><span data-contrast=\"auto\">\u2019<\/span><span data-contrast=\"auto\">s<\/span> <span data-contrast=\"auto\">College<\/span><span data-contrast=\"auto\"> London en Reino Unido<\/span><span data-contrast=\"auto\"> y en <\/span><span data-contrast=\"auto\">el Instituto <\/span><span data-contrast=\"auto\">\u201cLouis <\/span><span data-contrast=\"auto\">Pasteur<\/span><span data-contrast=\"auto\">\u201d<\/span><span data-contrast=\"auto\"> en Francia<\/span><span data-contrast=\"auto\">,<\/span> <span data-contrast=\"auto\">explic\u00f3<\/span><span data-contrast=\"auto\"> una estrategia basada en <\/span><span data-contrast=\"auto\">transplicing<\/span><span data-contrast=\"auto\"> que previene el deterioro cognitivo en ratones<\/span><span data-contrast=\"auto\"> lesionados con un neurot\u00f3xico.<\/span><span data-ccp-props=\"{&quot;201341983&quot;:0,&quot;335559731&quot;:708,&quot;335559739&quot;:160,&quot;335559740&quot;:240}\">\u00a0<\/span><\/p>\n<p><span data-contrast=\"auto\">Posteriormente, el mi\u00e9rcoles 30 de octubre, en el<\/span><span data-contrast=\"auto\"> auditorio de la Direcci\u00f3n General de Investigaciones<\/span><span data-contrast=\"auto\"> (DGI), Avale <\/span><span data-contrast=\"auto\">imparti\u00f3 un segundo seminario a alumnos de posgrado<\/span><span data-contrast=\"auto\"> de <\/span><span data-contrast=\"auto\">Neuroetolog\u00eda<\/span><span data-contrast=\"auto\">, titulado <\/span><span data-contrast=\"auto\">\u201c<\/span><span data-contrast=\"auto\">Modulaci\u00f3n post-<\/span><span data-contrast=\"auto\">transcripcional<\/span><span data-contrast=\"auto\"> de Tau: c<\/span><span data-contrast=\"auto\">onsecuencias funcionales del <\/span><span data-contrast=\"auto\">citoesqueleto<\/span><span data-contrast=\"auto\"> al comportamiento<\/span><span data-contrast=\"auto\">\u201d<\/span><span data-contrast=\"auto\">.<\/span><span data-ccp-props=\"{&quot;201341983&quot;:0,&quot;335559731&quot;:708,&quot;335559739&quot;:160,&quot;335559740&quot;:240}\">\u00a0<\/span><\/p>\n<p><span data-contrast=\"auto\">En la primera parte de e<\/span><span data-contrast=\"auto\">ste seminario convers\u00f3 con los asistentes sobre c\u00f3mo se gest\u00f3 la idea, los primeros ensayos, con \u00e9nfasis en las dificultades t\u00e9cnicas, personales y financieras que solvent\u00f3.<\/span><span data-ccp-props=\"{&quot;201341983&quot;:0,&quot;335559731&quot;:708,&quot;335559739&quot;:160,&quot;335559740&quot;:240}\">\u00a0<\/span><\/p>\n<p><span data-contrast=\"auto\">El seminario continu\u00f3 con la revisi\u00f3n a profundidad del dise\u00f1o de la secuencia g\u00e9nica para realizar el <\/span><span data-contrast=\"auto\">transplicing<\/span><span data-contrast=\"auto\">, acompa\u00f1ando su explicaci\u00f3n con los resultados de estudios de tr\u00e1fico intracelular, datos <\/span><span data-contrast=\"auto\">morfom\u00e9tricos<\/span><span data-contrast=\"auto\"> de <\/span><span data-contrast=\"auto\">citoe<\/span><span data-contrast=\"auto\">squeleto<\/span><span data-contrast=\"auto\"> neuronal y estudios de <\/span><span data-contrast=\"auto\">comportamiento en ratones de laboratorio.<\/span><span data-ccp-props=\"{&quot;201341983&quot;:0,&quot;335559731&quot;:708,&quot;335559739&quot;:160,&quot;335559740&quot;:240}\">\u00a0<\/span><\/p>\n<p><span data-contrast=\"auto\">\u201c<\/span><span data-contrast=\"auto\">Sin duda un seminario motivacional, interdisciplinario e intimista<\/span><span data-contrast=\"auto\">\u201d<\/span><span data-contrast=\"auto\">,<\/span><span data-contrast=\"auto\"> declar\u00f3 Daniel Hern\u00e1ndez Baltazar, investigador del Instituto de <\/span><span data-contrast=\"auto\">Neuroetolog\u00eda<\/span><span data-contrast=\"auto\"> de la UV, quien ha<\/span> <span data-contrast=\"auto\">trabajado con terapia g\u00e9nica por vec<\/span><span data-contrast=\"auto\">tores no virales en modelos de p<\/span><span data-contrast=\"auto\">arkinsonismo en rata.<\/span><span data-ccp-props=\"{&quot;201341983&quot;:0,&quot;335559731&quot;:708,&quot;335559739&quot;:160,&quot;335559740&quot;:240}\">\u00a0<\/span><\/p>\n","protected":false},"excerpt":{"rendered":"<p>Mar\u00eda Elena Avale, del Instituto de Investigaciones en Ingenier\u00eda Gen\u00e9tica y Biolog\u00eda Molecular de Buenos Aires, particip\u00f3 en el 6\u00ba Simposio Internacional de Neuroetolog\u00eda\u00a0<\/p>\n","protected":false},"author":1508,"featured_media":77723,"comment_status":"closed","ping_status":"closed","sticky":false,"template":"","format":"standard","meta":[],"categories":[1],"tags":[],"_links":{"self":[{"href":"https:\/\/www.uv.mx\/prensa\/wp-json\/wp\/v2\/posts\/77722"}],"collection":[{"href":"https:\/\/www.uv.mx\/prensa\/wp-json\/wp\/v2\/posts"}],"about":[{"href":"https:\/\/www.uv.mx\/prensa\/wp-json\/wp\/v2\/types\/post"}],"author":[{"embeddable":true,"href":"https:\/\/www.uv.mx\/prensa\/wp-json\/wp\/v2\/users\/1508"}],"replies":[{"embeddable":true,"href":"https:\/\/www.uv.mx\/prensa\/wp-json\/wp\/v2\/comments?post=77722"}],"version-history":[{"count":0,"href":"https:\/\/www.uv.mx\/prensa\/wp-json\/wp\/v2\/posts\/77722\/revisions"}],"wp:featuredmedia":[{"embeddable":true,"href":"https:\/\/www.uv.mx\/prensa\/wp-json\/wp\/v2\/media\/77723"}],"wp:attachment":[{"href":"https:\/\/www.uv.mx\/prensa\/wp-json\/wp\/v2\/media?parent=77722"}],"wp:term":[{"taxonomy":"category","embeddable":true,"href":"https:\/\/www.uv.mx\/prensa\/wp-json\/wp\/v2\/categories?post=77722"},{"taxonomy":"post_tag","embeddable":true,"href":"https:\/\/www.uv.mx\/prensa\/wp-json\/wp\/v2\/tags?post=77722"}],"curies":[{"name":"wp","href":"https:\/\/api.w.org\/{rel}","templated":true}]}}