{"id":77737,"date":"2019-12-04T18:35:23","date_gmt":"2019-12-05T00:35:23","guid":{"rendered":"https:\/\/www.uv.mx\/prensa\/?p=77737"},"modified":"2019-12-05T14:04:58","modified_gmt":"2019-12-05T20:04:58","slug":"universidades-entregaron-estados-financieros-a-la-lxiv-legislatura-la-uv-entre-ellas","status":"publish","type":"post","link":"https:\/\/www.uv.mx\/prensa\/banner\/universidades-entregaron-estados-financieros-a-la-lxiv-legislatura-la-uv-entre-ellas\/","title":{"rendered":"Universidades entregaron estados financieros a la LXIV Legislatura, la UV entre ellas"},"content":{"rendered":"<ul>\n<li data-leveltext=\"\uf0b7\" data-font=\"Symbol\" data-listid=\"4\" data-aria-posinset=\"1\" data-aria-level=\"1\"><i><span data-contrast=\"auto\">Rectores y <\/span><\/i><i><span data-contrast=\"auto\">ANUIES celebraron reuni\u00f3n de trabajo con las comisiones unidas <\/span><\/i><i><span data-contrast=\"auto\">de <\/span><\/i><i><span data-contrast=\"auto\">Vigilancia de la Auditori\u0301a Superior de la <\/span><\/i><i><span data-contrast=\"auto\">Federaci\u00f3n<\/span><\/i> <i><span data-contrast=\"auto\">y de Educaci\u00f3n<\/span><\/i> <i><span data-contrast=\"auto\">de<\/span><\/i> <i><span data-contrast=\"auto\">la C\u00e1mara de Dipu<\/span><\/i><i><span data-contrast=\"auto\">tados<\/span><\/i><span data-ccp-props=\"{&quot;134233279&quot;:true}\">\u00a0<\/span><\/li>\n<li data-leveltext=\"\uf0b7\" data-font=\"Symbol\" data-listid=\"4\" data-aria-posinset=\"2\" data-aria-level=\"1\"><i><span data-contrast=\"auto\">Sara Ladr\u00f3n de Guevara destac\u00f3 que durante su gesti\u00f3n al frente de la U<\/span><\/i><i><span data-contrast=\"auto\">niversidad <\/span><\/i><i><span data-contrast=\"auto\">V<\/span><\/i><i><span data-contrast=\"auto\">eracruzana<\/span><\/i><i><span data-contrast=\"auto\"> se han efectuado con \u00e9xito unas 40 auditor\u00edas, entre <\/span><\/i><i><span data-contrast=\"auto\">estatales, federales e internas<\/span><\/i><span data-ccp-props=\"{&quot;134233279&quot;:true}\">\u00a0<\/span><\/li>\n<li data-leveltext=\"\uf0b7\" data-font=\"Symbol\" data-listid=\"4\" data-aria-posinset=\"3\" data-aria-level=\"1\"><i><span data-contrast=\"auto\">La Rectora reafirm\u00f3 <\/span><\/i><i><span data-contrast=\"auto\">su <\/span><\/i><i><span data-contrast=\"auto\">posici\u00f3n a favor de que las contralor\u00edas universitarias sean designadas por las propias<\/span><\/i><i><span data-contrast=\"auto\"> instituciones, sin injerencias externas<\/span><\/i><span data-ccp-props=\"{&quot;134233279&quot;:true}\">\u00a0<\/span><\/li>\n<\/ul>\n<div id=\"attachment_77748\" style=\"width: 732px\" class=\"wp-caption aligncenter\"><a href=\"https:\/\/www.uv.mx\/prensa\/files\/2019\/12\/041219-Estados-financieros-1-2.jpg\"><img aria-describedby=\"caption-attachment-77748\" decoding=\"async\" loading=\"lazy\" class=\"size-full wp-image-77748\" src=\"https:\/\/www.uv.mx\/prensa\/files\/2019\/12\/041219-Estados-financieros-1-2.jpg\" alt=\"\" width=\"722\" height=\"480\" srcset=\"https:\/\/www.uv.mx\/prensa\/files\/2019\/12\/041219-Estados-financieros-1-2.jpg 722w, https:\/\/www.uv.mx\/prensa\/files\/2019\/12\/041219-Estados-financieros-1-2-300x199.jpg 300w\" sizes=\"(max-width: 722px) 100vw, 722px\" \/><\/a><p id=\"caption-attachment-77748\" class=\"wp-caption-text\">Sara Ladr\u00f3n de Guevara reafirm\u00f3 el compromiso de las universidades del sur-sureste con la transparencia y la rendici\u00f3n de cuentas<\/p><\/div>\n<p><strong><em>Edgar Onofre <\/em><\/strong><\/p>\n<p><b><i><span data-contrast=\"auto\">04\/12\/2019,<\/span><\/i><\/b><b><i><span data-contrast=\"auto\"> Xalapa, Ver.-<\/span><\/i><\/b>\u00a0<span data-contrast=\"auto\">Los rectores de varias universidades p\u00fab<\/span><span data-contrast=\"auto\">l<\/span><span data-contrast=\"auto\">icas estatales del pa\u00eds, la <a href=\"https:\/\/www.uv.mx\/\" target=\"_blank\" rel=\"noopener noreferrer\">Universidad Veracruzana<\/a> (UV) entre \u00e9stas, entregaron hoy sus estados financieros auditados de 2018 ante las comisiones unidas de <\/span><span data-contrast=\"auto\">Vigilancia de la Auditori\u0301a Superior de la Federacio\u0301n<\/span><span data-contrast=\"auto\"> y d<\/span><span data-contrast=\"auto\">e Educacio\u0301n<\/span><span data-contrast=\"auto\"> de la LXIV Legislatura de la C\u00e1mara de Dipu<\/span><span data-contrast=\"auto\">tados del Congreso de la Uni\u00f3n.<\/span><span data-ccp-props=\"{}\">\u00a0<\/span><\/p>\n<p><span data-contrast=\"auto\">Los titulares de las universidades se presentaron junto con el secretario general <\/span><span data-contrast=\"auto\">E<\/span><span data-contrast=\"auto\">jecutivo de la Asociaci\u00f3n Nacional de Universidades e Instituciones de <\/span><span data-contrast=\"auto\">Educaci\u00f3n Superior (ANUIES) en <\/span><span data-contrast=\"auto\">reuni\u00f3n de trabajo con los presidentes de las comisiones referidas, Mario Alberto Rodr\u00edguez y Adela Pi\u00f1a, respectivamente<\/span><span data-contrast=\"auto\">;<\/span><span data-contrast=\"auto\"> el <\/span><span data-contrast=\"auto\">a<\/span><span data-contrast=\"auto\">uditor Superior de la Federaci\u00f3<\/span><span data-contrast=\"auto\">n<\/span><span data-contrast=\"auto\">, David Rogelio Colmenares<\/span><span data-contrast=\"auto\">,<\/span><span data-contrast=\"auto\"> y la directora general de Educaci\u00f3n Superior de la Secretar\u00eda de Educaci\u00f3n P\u00fablica<\/span><span data-contrast=\"auto\"> (SEP)<\/span><span data-contrast=\"auto\">, Carmen Rodr\u00edguez Armenta<\/span><span data-contrast=\"auto\">.<\/span><span data-ccp-props=\"{}\">\u00a0<\/span><\/p>\n<p><span data-contrast=\"auto\">En la reuni\u00f3n, celebrada en el Palacio Legislativo de San L\u00e1zaro, en la Ciudad de M\u00e9xico, la rectora de la UV y presidente del Consejo de la <\/span><span data-contrast=\"auto\">Regio\u0301n<\/span> <span data-contrast=\"auto\">Sur-Sureste<\/span><span data-contrast=\"auto\"> de la ANUIES, Sara Ladr\u00f3n de Guevara, aprovech\u00f3 el foro para referir las brechas que a\u00fan existen en la asignaci\u00f3n de recursos para las <\/span><span data-contrast=\"auto\">universida<\/span><span data-contrast=\"auto\">d<\/span><span data-contrast=\"auto\">es<\/span><span data-contrast=\"auto\"> del norte y el centro del pa\u00eds respecto de las instituciones del sur y se pronunci\u00f3 por eliminarlas.<\/span><span data-ccp-props=\"{&quot;335559731&quot;:708}\">\u00a0<\/span><\/p>\n<div id=\"attachment_77741\" style=\"width: 732px\" class=\"wp-caption aligncenter\"><a href=\"https:\/\/www.uv.mx\/prensa\/files\/2019\/12\/041219-Estados-financieros-2.jpg\"><img aria-describedby=\"caption-attachment-77741\" decoding=\"async\" loading=\"lazy\" class=\"wp-image-77741 size-full\" src=\"https:\/\/www.uv.mx\/prensa\/files\/2019\/12\/041219-Estados-financieros-2.jpg\" alt=\"\" width=\"722\" height=\"481\" srcset=\"https:\/\/www.uv.mx\/prensa\/files\/2019\/12\/041219-Estados-financieros-2.jpg 722w, https:\/\/www.uv.mx\/prensa\/files\/2019\/12\/041219-Estados-financieros-2-300x200.jpg 300w\" sizes=\"(max-width: 722px) 100vw, 722px\" \/><\/a><p id=\"caption-attachment-77741\" class=\"wp-caption-text\">Al entregar los estados financieros de las universidades en el Congreso, los rectores env\u00edan un mensaje a la naci\u00f3n<\/p><\/div>\n<p><span data-contrast=\"auto\">R<\/span><span data-contrast=\"auto\">eafirm\u00f3 el compromiso de las universidades de<\/span><span data-contrast=\"auto\">l sur-sureste con la transparencia y la rendici\u00f3n de cuentas d\u00eda a d\u00eda, destac\u00f3 que durante su gesti\u00f3n al frente de la UV se han efectuado con todo \u00e9xito <\/span><span data-contrast=\"auto\">unas 40 auditor\u00edas, entre estatales, federales e internas<\/span><span data-contrast=\"auto\">,<\/span><span data-contrast=\"auto\"> y <\/span><span data-contrast=\"auto\">ratific\u00f3<\/span><span data-contrast=\"auto\"> su posici\u00f3n a favor de que las contralor\u00edas universitarias sean designadas por las propias instituciones, no s\u00f3lo en respeto a sus autonom\u00edas y para evitar injerencias externas<\/span><span data-contrast=\"auto\">, sino porque \u00e9stas \u2013dijo\u2013<\/span><span data-contrast=\"auto\"> no s\u00f3lo auditan nues<\/span><span data-contrast=\"auto\">t<\/span><span data-contrast=\"auto\">ra forma de ejercer los recursos<\/span><span data-contrast=\"auto\">, adem\u00e1s<\/span> <span data-contrast=\"auto\">de <\/span><span data-contrast=\"auto\">que nos dan rumbo para m<\/span><span data-contrast=\"auto\">ejorar nuestros procedimientos.<\/span><span data-ccp-props=\"{&quot;335559731&quot;:708}\">\u00a0<\/span><\/p>\n<p><span data-contrast=\"auto\">La R<\/span><span data-contrast=\"auto\">ectora de la UV tambi\u00e9n us\u00f3 el foro para afirmar el compromiso de las universidades con los <\/span><span data-contrast=\"auto\">cambios constitu<\/span><span data-contrast=\"auto\">cionales recientes, con la gr<\/span><span data-contrast=\"auto\">atuidad, con el compromiso del E<\/span><span data-contrast=\"auto\">stado para brindar educaci\u00f3n y, subrayadamente, con la calidad con que las uni<\/span><span data-contrast=\"auto\">versidades encaran estos retos.<\/span><span data-ccp-props=\"{&quot;335559731&quot;:708}\">\u00a0<\/span><\/p>\n<p><span data-contrast=\"auto\">En tanto,<\/span> <span data-contrast=\"auto\">Mario Alberto Rodr\u00edguez<\/span><span data-contrast=\"auto\"> celebr\u00f3 los trabajos entre la C<\/span><span data-contrast=\"auto\">\u00e1mara de <\/span><span data-contrast=\"auto\">D<\/span><span data-contrast=\"auto\">iputados y la ANUIES, enfatiz\u00f3 la necesidad de fortalecer los procesos de transparencia y rendici\u00f3n de cuentas en las instituciones de educaci\u00f3n superior y dijo que se requiere del concurso de todos para sacar adelante lo que denomin\u00f3 una reingenier\u00eda f<\/span><span data-contrast=\"auto\">inanciera.<\/span><span data-ccp-props=\"{&quot;335559731&quot;:708}\">\u00a0<\/span><\/p>\n<p><span data-contrast=\"auto\">Por su parte, Adela Pi\u00f1a tambi\u00e9n destac\u00f3 el papel que la transparencia y la rendici\u00f3n de cuentas juegan en el desarrollo de las finanzas p\u00fablicas, recalc\u00f3 el papel que las <\/span><span data-contrast=\"auto\">universida<\/span><span data-contrast=\"auto\">d<\/span><span data-contrast=\"auto\">es<\/span><span data-contrast=\"auto\"> juegan en el proceso de devolver a la sociedad la inversi\u00f3n que realiza en materia de educaci\u00f3n y reconoci\u00f3 la cercan\u00eda entre la ANUIES y la Legislatura.<\/span><span data-ccp-props=\"{&quot;335559731&quot;:708}\">\u00a0<\/span><\/p>\n<div id=\"attachment_77740\" style=\"width: 732px\" class=\"wp-caption aligncenter\"><a href=\"https:\/\/www.uv.mx\/prensa\/files\/2019\/12\/041219-Estados-financieros-3.jpg\"><img aria-describedby=\"caption-attachment-77740\" decoding=\"async\" loading=\"lazy\" class=\"wp-image-77740 size-full\" src=\"https:\/\/www.uv.mx\/prensa\/files\/2019\/12\/041219-Estados-financieros-3.jpg\" alt=\"\" width=\"722\" height=\"481\" srcset=\"https:\/\/www.uv.mx\/prensa\/files\/2019\/12\/041219-Estados-financieros-3.jpg 722w, https:\/\/www.uv.mx\/prensa\/files\/2019\/12\/041219-Estados-financieros-3-300x200.jpg 300w\" sizes=\"(max-width: 722px) 100vw, 722px\" \/><\/a><p id=\"caption-attachment-77740\" class=\"wp-caption-text\">En la reuni\u00f3n tambi\u00e9n se afirm\u00f3 el compromiso de las universidades con los cambios constitucionales recientes<\/p><\/div>\n<p><span data-contrast=\"auto\">David Rogelio Colmenares <\/span><span data-contrast=\"auto\">se\u00f1al\u00f3 que <\/span><span data-contrast=\"auto\">la<\/span><span data-contrast=\"auto\"> educaci\u00f3n y <\/span><span data-contrast=\"auto\">la <\/span><span data-contrast=\"auto\">fiscalizaci\u00f3n <\/span><span data-contrast=\"auto\">son<\/span><span data-contrast=\"auto\"> conceptos fundame<\/span><span data-contrast=\"auto\">n<\/span><span data-contrast=\"auto\">tales para el desarrollo<\/span><span data-contrast=\"auto\">, tambi\u00e9n hizo un reconocimiento a la ANUIES, celebr\u00f3 la decisi\u00f3n de las universidades para abrir sus estados financieros y presentarlos ante la C\u00e1mara de Diputados y dijo que estas instituciones deben ser ejemplos de integridad, transp<\/span><span data-contrast=\"auto\">arencia y rendici\u00f3n de cuentas.<\/span><span data-ccp-props=\"{&quot;335559731&quot;:708}\">\u00a0<\/span><\/p>\n<p><span data-contrast=\"auto\">Carmen Rodr\u00edguez <\/span><span data-contrast=\"auto\">renov\u00f3 los votos de la SEP para ser acompa\u00f1antes de los rectores y de respeto irrestricto a las autonom\u00edas universitarias. Adem\u00e1s, dijo que ante coyunturas como la denominada Estafa Maestra, es necesario tener claro que las universidades no son corruptas, sino que hay funcionarios corrup<\/span><span data-contrast=\"auto\">tos a los que se debe castigar.<\/span><span data-ccp-props=\"{&quot;335559731&quot;:708}\">\u00a0<\/span><\/p>\n<p><span data-contrast=\"auto\">Jaime <\/span><span data-contrast=\"auto\">Valls<\/span><span data-contrast=\"auto\"> Esponda, titular de la ANUIES, explic\u00f3 que los estados financieros fueron entregados por los rec<\/span><span data-contrast=\"auto\">tores acompa\u00f1ados<\/span><span data-contrast=\"auto\"> de una breve s\u00edntesis de sus principales logros durante el periodo que comprenden los estados, reafirm\u00f3 el papel que las universidades p\u00fablicas estatales agrupadas en la Asociaci\u00f3n realizan a favor del pa\u00eds, se\u00f1al\u00f3 que las universidades se ubican en los primeros lugares <\/span><span data-contrast=\"auto\">de credibilidad pero, sobre todo, destac\u00f3 el mensaje que los rectores de las instituciones enviaron el d\u00eda de hoy al presentarse en el Congreso de la Uni\u00f3n para en<\/span><span data-contrast=\"auto\">tregar sus estados financieros.<\/span><span data-ccp-props=\"{&quot;335559731&quot;:708}\">\u00a0<\/span><\/p>\n<div id=\"attachment_77739\" style=\"width: 732px\" class=\"wp-caption aligncenter\"><a href=\"https:\/\/www.uv.mx\/prensa\/files\/2019\/12\/041219-Estados-financieros-4.jpg\"><img aria-describedby=\"caption-attachment-77739\" decoding=\"async\" loading=\"lazy\" class=\"wp-image-77739 size-full\" src=\"https:\/\/www.uv.mx\/prensa\/files\/2019\/12\/041219-Estados-financieros-4.jpg\" alt=\"\" width=\"722\" height=\"481\" srcset=\"https:\/\/www.uv.mx\/prensa\/files\/2019\/12\/041219-Estados-financieros-4.jpg 722w, https:\/\/www.uv.mx\/prensa\/files\/2019\/12\/041219-Estados-financieros-4-300x200.jpg 300w\" sizes=\"(max-width: 722px) 100vw, 722px\" \/><\/a><p id=\"caption-attachment-77739\" class=\"wp-caption-text\">La reuni\u00f3n se efectu\u00f3 en el Palacio Legislativo de San L\u00e1zaro, en la Ciudad de M\u00e9xico<\/p><\/div>\n","protected":false},"excerpt":{"rendered":"<p>Los rectores y la ANUIES celebraron reuni\u00f3n de trabajo con las comisiones unidas de Vigilancia de la Auditori\u0301a Superior de la Federacio\u0301n y de Educaci\u00f3n<\/p>\n","protected":false},"author":1508,"featured_media":77738,"comment_status":"closed","ping_status":"closed","sticky":false,"template":"","format":"standard","meta":[],"categories":[61],"tags":[],"_links":{"self":[{"href":"https:\/\/www.uv.mx\/prensa\/wp-json\/wp\/v2\/posts\/77737"}],"collection":[{"href":"https:\/\/www.uv.mx\/prensa\/wp-json\/wp\/v2\/posts"}],"about":[{"href":"https:\/\/www.uv.mx\/prensa\/wp-json\/wp\/v2\/types\/post"}],"author":[{"embeddable":true,"href":"https:\/\/www.uv.mx\/prensa\/wp-json\/wp\/v2\/users\/1508"}],"replies":[{"embeddable":true,"href":"https:\/\/www.uv.mx\/prensa\/wp-json\/wp\/v2\/comments?post=77737"}],"version-history":[{"count":0,"href":"https:\/\/www.uv.mx\/prensa\/wp-json\/wp\/v2\/posts\/77737\/revisions"}],"wp:featuredmedia":[{"embeddable":true,"href":"https:\/\/www.uv.mx\/prensa\/wp-json\/wp\/v2\/media\/77738"}],"wp:attachment":[{"href":"https:\/\/www.uv.mx\/prensa\/wp-json\/wp\/v2\/media?parent=77737"}],"wp:term":[{"taxonomy":"category","embeddable":true,"href":"https:\/\/www.uv.mx\/prensa\/wp-json\/wp\/v2\/categories?post=77737"},{"taxonomy":"post_tag","embeddable":true,"href":"https:\/\/www.uv.mx\/prensa\/wp-json\/wp\/v2\/tags?post=77737"}],"curies":[{"name":"wp","href":"https:\/\/api.w.org\/{rel}","templated":true}]}}