{"id":77775,"date":"2019-12-05T21:00:11","date_gmt":"2019-12-06T03:00:11","guid":{"rendered":"https:\/\/www.uv.mx\/prensa\/?p=77775"},"modified":"2019-12-09T11:50:13","modified_gmt":"2019-12-09T17:50:13","slug":"region-orizaba-cordoba-fortalece-su-responsabilidad-social","status":"publish","type":"post","link":"https:\/\/www.uv.mx\/prensa\/regiones\/orizaba\/region-orizaba-cordoba-fortalece-su-responsabilidad-social\/","title":{"rendered":"Regi\u00f3n orizaba-C\u00f3rdoba fortalece su responsabilidad social"},"content":{"rendered":"<ul>\n<li data-leveltext=\"\uf0b7\" data-font=\"Symbol\" data-listid=\"1\" data-aria-posinset=\"1\" data-aria-level=\"1\"><i><span data-contrast=\"auto\">A trav\u00e9s del<\/span><\/i> <i><span data-contrast=\"auto\">II Coloquio RSU <\/span><\/i><i><span data-contrast=\"auto\">\u201cD<\/span><\/i><i><span data-contrast=\"auto\">i\u00e1logo y colaboraci\u00f3n interinstitucional<\/span><\/i><i><span data-contrast=\"auto\">\u201d<\/span><\/i><i><span data-contrast=\"auto\">, que se realiz\u00f3 el 28 de noviembre en la USBI <\/span><\/i><i><span data-contrast=\"auto\">Ixta<\/span><\/i><i><span data-contrast=\"auto\">c<\/span><\/i><i><span data-contrast=\"auto\">zoquitl\u00e1n<\/span><\/i><span data-ccp-props=\"{&quot;201341983&quot;:0,&quot;335559739&quot;:0,&quot;335559740&quot;:240}\">\u00a0<\/span><\/li>\n<\/ul>\n<div id=\"attachment_77905\" style=\"width: 732px\" class=\"wp-caption aligncenter\"><a href=\"https:\/\/www.uv.mx\/prensa\/files\/2019\/12\/03122019-CHAIN-Panel-RSU-02.jpg\"><img aria-describedby=\"caption-attachment-77905\" decoding=\"async\" loading=\"lazy\" class=\"size-full wp-image-77905\" src=\"https:\/\/www.uv.mx\/prensa\/files\/2019\/12\/03122019-CHAIN-Panel-RSU-02.jpg\" alt=\"\" width=\"722\" height=\"481\" srcset=\"https:\/\/www.uv.mx\/prensa\/files\/2019\/12\/03122019-CHAIN-Panel-RSU-02.jpg 722w, https:\/\/www.uv.mx\/prensa\/files\/2019\/12\/03122019-CHAIN-Panel-RSU-02-300x200.jpg 300w\" sizes=\"(max-width: 722px) 100vw, 722px\" \/><\/a><p id=\"caption-attachment-77905\" class=\"wp-caption-text\">Adriana \u00c1vila, V\u00edctor Celis, Xiomara Gonz\u00e1lez, Martha P\u00e9rez y Alejandro Mendoza<\/p><\/div>\n<p><b><i><span data-contrast=\"auto\">Francisco Javier <\/span><\/i><\/b><b><i><span data-contrast=\"auto\">Cha\u00edn<\/span><\/i><\/b><b><i><span data-contrast=\"auto\"> Revuelta\u00a0<\/span><\/i><\/b><span data-ccp-props=\"{&quot;201341983&quot;:0,&quot;335559739&quot;:0,&quot;335559740&quot;:240}\">\u00a0<\/span><\/p>\n<p><b><i><span data-contrast=\"auto\">05\/12\/2019, C\u00f3rdoba, Ver.-<\/span><\/i><\/b> <span data-contrast=\"auto\">La <a href=\"https:\/\/www.uv.mx\/\" target=\"_blank\" rel=\"noopener noreferrer\">Universidad Veracruzana<\/a><\/span> <span data-contrast=\"auto\">(UV)<\/span> <span data-contrast=\"auto\">llev\u00f3 a cabo <\/span><span data-contrast=\"auto\">el<\/span> <span data-contrast=\"auto\">Panel \u201c<\/span><span data-contrast=\"auto\">R<\/span><span data-contrast=\"auto\">esponsabilidad Social Univers<\/span><span data-contrast=\"auto\">itaria, diversas miradas\u201d, <\/span><span data-contrast=\"auto\">el pasado 28 de noviembre en el marco del <\/span><span data-contrast=\"auto\">II Coloquio <\/span><span data-contrast=\"auto\">R<\/span><span data-contrast=\"auto\">esponsabilidad Social Universitaria<\/span> <span data-contrast=\"auto\">(RSU)<\/span> <span data-contrast=\"auto\">\u201cD<\/span><span data-contrast=\"auto\">i\u00e1logo y colaboraci\u00f3n interinstitucional<\/span><span data-contrast=\"auto\">\u201d<\/span><span data-contrast=\"auto\">, <\/span><span data-contrast=\"auto\">en la sala de videoconferencias<\/span><span data-contrast=\"auto\"> de la Unidad de Servicios Biblio<\/span><span data-contrast=\"auto\">tecarios <\/span><span data-contrast=\"auto\">y de Informaci\u00f3n (USBI)<\/span><span data-contrast=\"auto\"> de<\/span> <span data-contrast=\"auto\">Ixtaczoquitl\u00e1n<\/span><span data-contrast=\"auto\">.<\/span><span data-ccp-props=\"{&quot;201341983&quot;:0,&quot;335559739&quot;:0,&quot;335559740&quot;:240}\">\u00a0<\/span><\/p>\n<p><span data-contrast=\"auto\">Participaron Martha Elena P\u00e9rez Licona, directora de la Fundaci\u00f3n Montosa; Xiomara Gonz\u00e1lez <\/span><span data-contrast=\"auto\">Gonz\u00e1lez<\/span><span data-contrast=\"auto\">,<\/span><span data-contrast=\"auto\"> vicepresidenta<\/span><span data-contrast=\"auto\"> de Responsabilidad Social de la C\u00e1mara Nacional de Comercio (<\/span><i><span data-contrast=\"auto\">Canaco<\/span><\/i><span data-contrast=\"auto\">) de Orizaba; <\/span><span data-contrast=\"auto\">Alejandro Mendoza Molina, presid<\/span><span data-contrast=\"auto\">ente de \u201cS\u00ed a la vida\u201d<\/span><span data-contrast=\"auto\">,<\/span><span data-contrast=\"auto\"> A.C.<\/span><span data-contrast=\"auto\">,<\/span><span data-contrast=\"auto\"> y V\u00ed<\/span><span data-contrast=\"auto\">ctor Armando Celis Arel<\/span><span data-contrast=\"auto\">lano, j<\/span><span data-contrast=\"auto\">efe del D<\/span><span data-contrast=\"auto\">epartamento de N<\/span><span data-contrast=\"auto\">ormat<\/span><span data-contrast=\"auto\">ividad de Programas S<\/span><span data-contrast=\"auto\">ociales de la Secretar\u00ed<\/span><span data-contrast=\"auto\">a <\/span><span data-contrast=\"auto\">de D<\/span><span data-contrast=\"auto\">esarrollo Social (<\/span><i><span data-contrast=\"auto\">Sedesol<\/span><\/i><span data-contrast=\"auto\">) <\/span><span data-contrast=\"auto\">de <\/span><span data-contrast=\"auto\">Veracruz.<\/span><span data-ccp-props=\"{&quot;201341983&quot;:0,&quot;335559739&quot;:0,&quot;335559740&quot;:240}\">\u00a0<\/span><\/p>\n<p><span data-contrast=\"auto\">Adriana Aurora \u00c1vila Pardo, coordinadora de la Unidad de <\/span><span data-contrast=\"auto\">Transversalizaci\u00f3n<\/span><span data-contrast=\"auto\"> Acad\u00e9mica Intercultural (UTAI) de la Universidad Veracruzana <\/span><span data-contrast=\"auto\">Intercultural (UVI)<\/span><span data-contrast=\"auto\">,<\/span><span data-contrast=\"auto\"> fu<\/span><span data-contrast=\"auto\">e la <\/span><span data-contrast=\"auto\">conductora y moderadora.<\/span><span data-ccp-props=\"{&quot;201341983&quot;:0,&quot;335559731&quot;:708,&quot;335559739&quot;:0,&quot;335559740&quot;:240}\">\u00a0<\/span><\/p>\n<p><span data-contrast=\"auto\">Algunos de los temas que se trataron fueron: \u00bfC\u00f3mo se enti<\/span><span data-contrast=\"auto\">ende la responsabilidad s<\/span><span data-contrast=\"auto\">ocial?<\/span><span data-contrast=\"auto\">,<\/span><span data-contrast=\"auto\"> \u00bfL<\/span><span data-contrast=\"auto\">a UV es socialmente responsable?<\/span><span data-contrast=\"auto\">,<\/span><span data-contrast=\"auto\"> \u00bfC\u00f3mo fortalecer la <\/span><span data-contrast=\"auto\">r<\/span><span data-contrast=\"auto\">esponsabilidad <\/span><span data-contrast=\"auto\">s<\/span><span data-contrast=\"auto\">ocial entre la <\/span><span data-contrast=\"auto\">UV y los diversos sectores? <\/span><span data-contrast=\"auto\">y <\/span><span data-contrast=\"auto\">\u00bfQu\u00e9<\/span><span data-contrast=\"auto\"> estrategias y alianzas pueden implementarse?<\/span><span data-ccp-props=\"{&quot;201341983&quot;:0,&quot;335559731&quot;:708,&quot;335559739&quot;:0,&quot;335559740&quot;:240}\">\u00a0<\/span><\/p>\n<p><span data-contrast=\"auto\">\u00c1vila Pardo coment\u00f3 que \u201cl<\/span><span data-contrast=\"auto\">a UV entiende la RSU como<\/span><span data-contrast=\"auto\"> un<\/span><span data-contrast=\"auto\"> compromiso que todos los universitarios debemos asumir diariamente<\/span><span data-contrast=\"auto\">,<\/span><span data-contrast=\"auto\"> convencidos y dispuestos a colaborar con todos <\/span><span data-contrast=\"auto\">los que<\/span><span data-contrast=\"auto\"> nos rodean, en bene<\/span><span data-contrast=\"auto\">ficio de nuestra sociedad, ya que<\/span><span data-contrast=\"auto\"> como instituci\u00f3n p\u00fablica y aut\u00f3noma ha<\/span><span data-contrast=\"auto\">n<\/span><span data-contrast=\"auto\"> confiado en nosotros<\/span><span data-contrast=\"auto\">\u201d<\/span><span data-contrast=\"auto\">.<\/span><span data-ccp-props=\"{&quot;201341983&quot;:0,&quot;335559731&quot;:708,&quot;335559739&quot;:0,&quot;335559740&quot;:240}\">\u00a0<\/span><\/p>\n<p><span data-contrast=\"auto\">Los actores del panel coincidieron en que <\/span><span data-contrast=\"auto\">la <\/span><span data-contrast=\"auto\">responsabilidad social<\/span> <span data-contrast=\"auto\">es <\/span><span data-contrast=\"auto\">deberse a la sociedad, pensar en el otro, no discriminar, cuidar el ambiente, atender problemas comunes, capacitarse, elevar la calidad de vida, erradicar la violencia, investigar y encontrar mejoras a la convivencia y la vida humana.<\/span><span data-ccp-props=\"{&quot;201341983&quot;:0,&quot;335559731&quot;:708,&quot;335559739&quot;:0,&quot;335559740&quot;:240}\">\u00a0<\/span><\/p>\n<p><span data-contrast=\"auto\">Asimismo, comentaron<\/span><span data-contrast=\"auto\"> que la UV ejerce la RSU <\/span><span data-contrast=\"auto\">mediante el servicio social que brinda todas las instituciones<\/span><span data-contrast=\"auto\">, realiza coloquios y foros, re\u00fane a los sectores,<\/span><span data-contrast=\"auto\"> mejora el ento<\/span><span data-contrast=\"auto\">rno<\/span><span data-contrast=\"auto\">, imparte cursos y talleres,<\/span><span data-contrast=\"auto\"> apoya organizac<\/span><span data-contrast=\"auto\">ion<\/span><span data-contrast=\"auto\">es que realizan labor social,<\/span> <span data-contrast=\"auto\">lleva a cabo campa\u00f1as de salud,<\/span><span data-contrast=\"auto\"> impulsa proyectos de los j\u00f3venes, y cumple con sus tres funciones fundamentales<\/span><span data-contrast=\"auto\">: docencia, <\/span><span data-contrast=\"auto\">investigaci\u00f3n y extensi\u00f3n.<\/span><span data-ccp-props=\"{&quot;201341983&quot;:0,&quot;335559731&quot;:708,&quot;335559739&quot;:0,&quot;335559740&quot;:240}\">\u00a0<\/span><\/p>\n<p><span data-contrast=\"auto\">Se\u00f1alaron<\/span><span data-contrast=\"auto\"> que se puede fortalecer la <\/span><span data-contrast=\"auto\">responsabilidad social<\/span> <span data-contrast=\"auto\">a trav\u00e9s de la<\/span><span data-contrast=\"auto\"> vinculaci\u00f3n entre empresas y universidades<\/span><span data-contrast=\"auto\">,<\/span><span data-contrast=\"auto\"> dentro de un desarrollo sust<\/span><span data-contrast=\"auto\">entable donde el talento de la U<\/span><span data-contrast=\"auto\">niversidad y las actividades culturales se difundan a todos los sectores y organismo<\/span><span data-contrast=\"auto\">s de la sociedad.<\/span><span data-ccp-props=\"{&quot;201341983&quot;:0,&quot;335559731&quot;:708,&quot;335559739&quot;:0,&quot;335559740&quot;:240}\">\u00a0<\/span><\/p>\n<p><span data-contrast=\"auto\">En este sentido, t<\/span><span data-contrast=\"auto\">ambi\u00e9n <\/span><span data-contrast=\"auto\">se requiere fomentar<\/span><span data-contrast=\"auto\"> la sensibilizaci\u00f3n y cooperaci\u00f3n de estudiantes y pr<\/span><span data-contrast=\"auto\">ofesores para atender problemas<\/span><span data-contrast=\"auto\"> y brindar<\/span><span data-contrast=\"auto\"> recursos humanos <\/span><span data-contrast=\"auto\">capacitados a fin de ampliar<\/span> <span data-contrast=\"auto\">el capital social de la UV.<\/span><span data-ccp-props=\"{&quot;201341983&quot;:0,&quot;335559731&quot;:708,&quot;335559739&quot;:0,&quot;335559740&quot;:240}\">\u00a0<\/span><\/p>\n<p><span data-contrast=\"auto\">Entre las estrategias y alianzas que se pueden implementar<\/span><span data-contrast=\"auto\">,<\/span><span data-contrast=\"auto\"> los panelistas se\u00f1alaron una mejor planeaci\u00f3n de las actividades de RS<\/span><span data-contrast=\"auto\">U<\/span><span data-contrast=\"auto\">, una mejor articulaci\u00f3n y <\/span><span data-contrast=\"auto\">uni\u00f3n entre diferentes sectores<\/span><span data-contrast=\"auto\">,<\/span><span data-contrast=\"auto\"> eliminar burocracia que<\/span><span data-contrast=\"auto\"> retrase o estorbe la<\/span><span data-contrast=\"auto\">s acciones<\/span><span data-contrast=\"auto\">,<\/span><span data-contrast=\"auto\"> aumentar convenios intersectoriale<\/span><span data-contrast=\"auto\">s,<\/span><span data-contrast=\"auto\"> una gran campa\u00f1a de reforestaci\u00f3n y protec<\/span><span data-contrast=\"auto\">ci\u00f3n del agua<\/span><span data-contrast=\"auto\">,<\/span><span data-contrast=\"auto\"> actualizar y ampliar el directorio de organizaciones y reunirlas en trabajos espec\u00edficos conjuntos.<\/span><span data-ccp-props=\"{&quot;201341983&quot;:0,&quot;335559739&quot;:0,&quot;335559740&quot;:240}\">\u00a0<\/span><\/p>\n<p><span data-contrast=\"auto\">El panel <\/span><span data-contrast=\"auto\">estuvo liderado por Jos\u00e9 Eduardo Mart\u00ed<\/span><span data-contrast=\"auto\">ne<\/span><span data-contrast=\"auto\">z Canales, vicerrector de la UV<\/span><span data-contrast=\"auto\">; <\/span><span data-contrast=\"auto\">Rub\u00e9n Ede<\/span><span data-contrast=\"auto\">r Contreras Rojas, coordinador r<\/span><span data-contrast=\"auto\">e<\/span><span data-contrast=\"auto\">gional de Vinculaci\u00f3n; <\/span><span data-contrast=\"auto\">Adriana Au<\/span><span data-contrast=\"auto\">rora \u00c1vila Pardo, coordinadora Acad\u00e9mica Intercultural<\/span><span data-contrast=\"auto\">,<\/span><span data-contrast=\"auto\"> y Aldo Rangel Luna, coordinador Regional de Eventos y de Atenci\u00f3n C<\/span><span data-contrast=\"auto\">omunitaria.<\/span><span data-ccp-props=\"{&quot;201341983&quot;:0,&quot;335559739&quot;:0,&quot;335559740&quot;:240}\">\u00a0<\/span><\/p>\n","protected":false},"excerpt":{"rendered":"<p>El 28 de noviembre se realiz\u00f3 el II Coloquio RSU \u201cDi\u00e1logo y colaboraci\u00f3n interinstitucional\u201d, en la USBI Ixtaczoquitl\u00e1n <\/p>\n","protected":false},"author":1508,"featured_media":77905,"comment_status":"closed","ping_status":"closed","sticky":false,"template":"","format":"standard","meta":[],"categories":[53],"tags":[],"_links":{"self":[{"href":"https:\/\/www.uv.mx\/prensa\/wp-json\/wp\/v2\/posts\/77775"}],"collection":[{"href":"https:\/\/www.uv.mx\/prensa\/wp-json\/wp\/v2\/posts"}],"about":[{"href":"https:\/\/www.uv.mx\/prensa\/wp-json\/wp\/v2\/types\/post"}],"author":[{"embeddable":true,"href":"https:\/\/www.uv.mx\/prensa\/wp-json\/wp\/v2\/users\/1508"}],"replies":[{"embeddable":true,"href":"https:\/\/www.uv.mx\/prensa\/wp-json\/wp\/v2\/comments?post=77775"}],"version-history":[{"count":0,"href":"https:\/\/www.uv.mx\/prensa\/wp-json\/wp\/v2\/posts\/77775\/revisions"}],"wp:featuredmedia":[{"embeddable":true,"href":"https:\/\/www.uv.mx\/prensa\/wp-json\/wp\/v2\/media\/77905"}],"wp:attachment":[{"href":"https:\/\/www.uv.mx\/prensa\/wp-json\/wp\/v2\/media?parent=77775"}],"wp:term":[{"taxonomy":"category","embeddable":true,"href":"https:\/\/www.uv.mx\/prensa\/wp-json\/wp\/v2\/categories?post=77775"},{"taxonomy":"post_tag","embeddable":true,"href":"https:\/\/www.uv.mx\/prensa\/wp-json\/wp\/v2\/tags?post=77775"}],"curies":[{"name":"wp","href":"https:\/\/api.w.org\/{rel}","templated":true}]}}