{"id":77793,"date":"2019-12-23T09:51:28","date_gmt":"2019-12-23T15:51:28","guid":{"rendered":"https:\/\/www.uv.mx\/prensa\/?p=77793"},"modified":"2020-01-06T12:54:53","modified_gmt":"2020-01-06T18:54:53","slug":"aumenta-interes-de-estudiantes-por-realizar-servicio-social-en-la-cusrs","status":"publish","type":"post","link":"https:\/\/www.uv.mx\/prensa\/general\/aumenta-interes-de-estudiantes-por-realizar-servicio-social-en-la-cusrs\/","title":{"rendered":"Aumenta inter\u00e9s de estudiantes por realizar servicio social en la CUSRS"},"content":{"rendered":"<ul>\n<li data-leveltext=\"\uf0b7\" data-font=\"Symbol\" data-listid=\"2\" data-aria-posinset=\"0\" data-aria-level=\"1\"><i><span data-contrast=\"auto\">Les da la oportunidad de<\/span><\/i><i><span data-contrast=\"auto\"> incrementar sus conocimientos<\/span><\/i> <i><span data-contrast=\"auto\">para brindar una atenci\u00f3n integral a pacientes<\/span><\/i><span data-ccp-props=\"{&quot;201341983&quot;:0,&quot;335559739&quot;:0,&quot;335559740&quot;:240}\">\u00a0<\/span><\/li>\n<\/ul>\n<div id=\"attachment_78550\" style=\"width: 732px\" class=\"wp-caption aligncenter\"><a href=\"https:\/\/www.uv.mx\/prensa\/files\/2019\/12\/231219-CUSRS-1.jpg\"><img aria-describedby=\"caption-attachment-78550\" decoding=\"async\" loading=\"lazy\" class=\"size-full wp-image-78550\" src=\"https:\/\/www.uv.mx\/prensa\/files\/2019\/12\/231219-CUSRS-1.jpg\" alt=\"\" width=\"722\" height=\"481\" srcset=\"https:\/\/www.uv.mx\/prensa\/files\/2019\/12\/231219-CUSRS-1.jpg 722w, https:\/\/www.uv.mx\/prensa\/files\/2019\/12\/231219-CUSRS-1-300x200.jpg 300w\" sizes=\"(max-width: 722px) 100vw, 722px\" \/><\/a><p id=\"caption-attachment-78550\" class=\"wp-caption-text\">Paola del Carmen Cort\u00e9s Pomares, de QFB<\/p><\/div>\n<p><b><i><span data-contrast=\"auto\">Jos\u00e9 Luis <\/span><\/i><\/b><b><i><span data-contrast=\"auto\">Couttolenc<\/span><\/i><\/b><b><i><span data-contrast=\"auto\"> Soto<\/span><\/i><\/b><span data-ccp-props=\"{&quot;201341983&quot;:0,&quot;335559739&quot;:0,&quot;335559740&quot;:240}\">\u00a0<\/span><\/p>\n<p><b><i><span data-contrast=\"auto\">23<\/span><\/i><\/b><b><i><span data-contrast=\"auto\">\/<\/span><\/i><\/b><b><i><span data-contrast=\"auto\">1<\/span><\/i><\/b><b><i><span data-contrast=\"auto\">2<\/span><\/i><\/b><b><i><span data-contrast=\"auto\">\/2019<\/span><\/i><\/b><b><i><span data-contrast=\"auto\">, Xalapa, Ver.-<\/span><\/i><\/b> <span data-contrast=\"auto\">En c<\/span><span data-contrast=\"auto\">umpli<\/span><span data-contrast=\"auto\">miento de <\/span><span data-contrast=\"auto\">su papel<\/span><span data-contrast=\"auto\"> de ser una entidad acad\u00e9mica que coadyuve en la formaci\u00f3n de estudiantes con una visi\u00f3n integral e interdisciplinaria, manteniendo un adecuado equilibrio entre la teor\u00eda y la pr\u00e1ctica, la <a href=\"https:\/\/www.uv.mx\/cusrs\/\" target=\"_blank\" rel=\"noopener noreferrer\">Cl\u00ednica Universitaria de Salud Reproductiva y Sexual<\/a> (CUSRS) de la Universidad Veracruzana (UV) <\/span><span data-contrast=\"auto\">tiene <\/span><span data-contrast=\"auto\">cada vez <\/span><span data-contrast=\"auto\">mayor demanda de <\/span><span data-contrast=\"auto\">estudiantes <\/span><span data-contrast=\"auto\">para<\/span><span data-contrast=\"auto\"> realizar all\u00ed su servicio social.<\/span><span data-ccp-props=\"{&quot;201341983&quot;:0,&quot;335559739&quot;:0,&quot;335559740&quot;:240}\">\u00a0<\/span><\/p>\n<p><span data-contrast=\"auto\">Paola del Carmen Cort\u00e9s Pomares, <\/span><span data-contrast=\"auto\">de la Facultad de<\/span><span data-contrast=\"auto\"> Qu\u00edmica Farmac\u00e9utica Biol\u00f3gica (QFB), se\u00f1al\u00f3 que eligi\u00f3 esta cl\u00ednica para su servicio social \u201cporque se me hizo muy interesante que adem\u00e1s de dar atenci\u00f3n m\u00e9dica a la comunidad universitaria, haya extendido sus serv<\/span><span data-contrast=\"auto\">icios a la poblaci\u00f3n en general; adem\u00e1s,<\/span><span data-contrast=\"auto\"> me interes\u00f3 mucho que en su \u00e1rea de an\u00e1lisis cl\u00ednicos cuente con equipo nuevo y automatizado\u201d.<\/span><span data-ccp-props=\"{&quot;201341983&quot;:0,&quot;335559739&quot;:0,&quot;335559740&quot;:240}\">\u00a0<\/span><\/p>\n<p><span data-contrast=\"auto\">A\u00f1adi\u00f3 que durante su pr<\/span><span data-contrast=\"auto\">eparaci\u00f3n profesional realiz\u00f3 sus pr\u00e1cticas en<\/span><span data-contrast=\"auto\"> equipos de manejo manual<\/span><span data-contrast=\"auto\">, \u201cy al llegar aqu\u00ed me encontr\u00e9 con<\/span> <span data-contrast=\"auto\">otros automatizados que ayudan mucho para aprender c\u00f3mo manejar el control de calidad tanto interno como externo<\/span><span data-contrast=\"auto\"> y<\/span><span data-contrast=\"auto\"> que todos los procedimientos est\u00e1n estandarizados<\/span><span data-contrast=\"auto\">; <\/span><span data-contrast=\"auto\">me dio gusto comprobar que ese control <\/span><span data-contrast=\"auto\">contribuy\u00f3<\/span><span data-contrast=\"auto\"> a obtener el premio que<\/span> <span data-contrast=\"auto\">el Programa de Aseguramiento de la Calidad (<\/span><i><span data-contrast=\"auto\">Pacal<\/span><\/i><span data-contrast=\"auto\">) otorg\u00f3 a la cl\u00ednica recientemente\u201d.<\/span><span data-ccp-props=\"{&quot;201341983&quot;:0,&quot;335559739&quot;:0,&quot;335559740&quot;:240}\">\u00a0<\/span><\/p>\n<div id=\"attachment_78551\" style=\"width: 732px\" class=\"wp-caption aligncenter\"><a href=\"https:\/\/www.uv.mx\/prensa\/files\/2019\/12\/231219-CUSRS-2.jpg\"><img aria-describedby=\"caption-attachment-78551\" decoding=\"async\" loading=\"lazy\" class=\"size-full wp-image-78551\" src=\"https:\/\/www.uv.mx\/prensa\/files\/2019\/12\/231219-CUSRS-2.jpg\" alt=\"\" width=\"722\" height=\"481\" srcset=\"https:\/\/www.uv.mx\/prensa\/files\/2019\/12\/231219-CUSRS-2.jpg 722w, https:\/\/www.uv.mx\/prensa\/files\/2019\/12\/231219-CUSRS-2-300x200.jpg 300w\" sizes=\"(max-width: 722px) 100vw, 722px\" \/><\/a><p id=\"caption-attachment-78551\" class=\"wp-caption-text\">Elizabeth Dur\u00e1n Junco, de Medicina<\/p><\/div>\n<p><span data-contrast=\"auto\">Por su parte <\/span><span data-contrast=\"auto\">Eliz<\/span><span data-contrast=\"auto\">a<\/span><span data-contrast=\"auto\">beth<\/span><span data-contrast=\"auto\"> Dur\u00e1n Junco, alumna de la <\/span><span data-contrast=\"auto\">F<\/span><span data-contrast=\"auto\">acultad de Medicina<\/span><span data-contrast=\"auto\">,<\/span><span data-contrast=\"auto\"> refiri\u00f3 que eligi\u00f3 la cl\u00ednica <\/span><span data-contrast=\"auto\">porque <\/span><span data-contrast=\"auto\">le llam\u00f3<\/span><span data-contrast=\"auto\"> la atenci\u00f3n que maneja consulta externa de especialidades (Medicina interna, Ginecolog\u00eda y Pediatr\u00eda); <\/span><span data-contrast=\"auto\">\u201c<\/span><span data-contrast=\"auto\">cuando vine a preguntar me comentaron que pod\u00eda rotar esas especialidades y luego comenzar a dar consulta en medicina general<\/span><span data-contrast=\"auto\">, lo consider\u00e9 una opci\u00f3n muy viable porque puedo tener asesor\u00eda de m\u00e9dicos especialistas, adem\u00e1s de llevar un manejo integral de los pacientes y eso<\/span><span data-contrast=\"auto\"> me ayuda a aprender muchas<\/span><span data-contrast=\"auto\"> m\u00e1s cosas de mi carrera\u201d.<\/span><span data-ccp-props=\"{&quot;201341983&quot;:0,&quot;335559739&quot;:0,&quot;335559740&quot;:240}\">\u00a0<\/span><\/p>\n<p><span data-contrast=\"auto\">Extern\u00f3 que entre sus proyectos inmediatos se encuentra presentar el Examen Nacional para Residencias M\u00e9dicas \u201cpues me atrae cirug\u00eda general y ginecolog\u00eda, y la C<\/span><span data-contrast=\"auto\">USRS <\/span><span data-contrast=\"auto\">es un campo rico en experiencia, eso me gust\u00f3 mucho porque puedo atender consulta, aclarar dudas y ense\u00f1ar c\u00f3mo c<\/span><span data-contrast=\"auto\">uidarse y prevenir enfermedades;<\/span><span data-contrast=\"auto\"> eso para m\u00ed es una gran satisfacci\u00f3n, sobre todo escuchar a los pacientes decir que se sienten bien por la atenci\u00f3n recibida\u201d.<\/span><span data-ccp-props=\"{&quot;201341983&quot;:0,&quot;335559739&quot;:0,&quot;335559740&quot;:240}\">\u00a0<\/span><\/p>\n<p><span data-contrast=\"auto\">Record\u00f3 que su internado lo realiz\u00f3 en el Centro de Alta Especialidad<\/span> <span data-contrast=\"auto\">(CAE) \u201c<\/span><span data-contrast=\"auto\">Dr. <\/span><span data-contrast=\"auto\">Rafael Lucio\u201d y en<\/span><span data-contrast=\"auto\"> la <\/span><span data-contrast=\"auto\">CUSRS <\/span><span data-contrast=\"auto\">el \u00e1mbito laboral es muy parecido y al mismo tiempo diferente, porque solamente se da consulta externa y el trato al paciente es m\u00e1s personalizado y humanizado, en el hospital es m\u00e1s rutinario.<\/span><span data-ccp-props=\"{&quot;201341983&quot;:0,&quot;335559739&quot;:0,&quot;335559740&quot;:240}\">\u00a0<\/span><\/p>\n<div id=\"attachment_78552\" style=\"width: 732px\" class=\"wp-caption aligncenter\"><a href=\"https:\/\/www.uv.mx\/prensa\/files\/2019\/12\/231219-CUSRS-3.jpg\"><img aria-describedby=\"caption-attachment-78552\" decoding=\"async\" loading=\"lazy\" class=\"size-full wp-image-78552\" src=\"https:\/\/www.uv.mx\/prensa\/files\/2019\/12\/231219-CUSRS-3.jpg\" alt=\"\" width=\"722\" height=\"481\" srcset=\"https:\/\/www.uv.mx\/prensa\/files\/2019\/12\/231219-CUSRS-3.jpg 722w, https:\/\/www.uv.mx\/prensa\/files\/2019\/12\/231219-CUSRS-3-300x200.jpg 300w\" sizes=\"(max-width: 722px) 100vw, 722px\" \/><\/a><p id=\"caption-attachment-78552\" class=\"wp-caption-text\">\u00c1ngel Salda\u00f1a Alarc\u00f3n, de Enfermer\u00eda<\/p><\/div>\n<p><b><span data-contrast=\"auto\">Se imparten experiencias de AFEL<\/span><\/b><span data-ccp-props=\"{&quot;201341983&quot;:0,&quot;335559739&quot;:0,&quot;335559740&quot;:240}\">\u00a0<\/span><\/p>\n<p><span data-contrast=\"auto\">\u00c1ngel Salda\u00f1a Alarc\u00f3n, de la Facultad de Enfermer\u00eda, mencion\u00f3 que le atrajo la CUSRS porque adem\u00e1s de los servicios de consulta<\/span> <span data-contrast=\"auto\">que ofrece, laboratorio de an\u00e1lisis cl\u00ednicos, ultrasonido y otros, tambi\u00e9n les brinda la oportunidad de tomar experiencias educativas (EE) del \u00c1rea de Formaci\u00f3n de Elecci\u00f3n Libre (AFEL).<\/span><span data-ccp-props=\"{&quot;201341983&quot;:0,&quot;335559739&quot;:0,&quot;335559740&quot;:240}\">\u00a0<\/span><\/p>\n<p><span data-contrast=\"auto\">\u201cTuve la oportunidad de tomar la EE Cuidado del Embarazo, del AFEL y comenc\u00e9 a conocer la cl\u00ednica; entre las opciones de las plazas de servicio social estaba la CUSRS y no dud\u00e9 para elegirla porque ya conoc\u00eda el ambiente, los servicios que ofrece y las instalaciones.\u201d<\/span><span data-ccp-props=\"{&quot;201341983&quot;:0,&quot;335559731&quot;:708,&quot;335559739&quot;:0,&quot;335559740&quot;:240}\">\u00a0<\/span><\/p>\n<p><span data-contrast=\"auto\">Los servicios de <\/span><span data-contrast=\"auto\">p<\/span><span data-contrast=\"auto\">sicolog\u00eda tambi\u00e9n se hacen presente<\/span><span data-contrast=\"auto\">s<\/span><span data-contrast=\"auto\"> a trav\u00e9s de la alumna Regina Rojas <\/span><span data-contrast=\"auto\">Fortuno<\/span><span data-contrast=\"auto\">, qu<\/span><span data-contrast=\"auto\">i<\/span><span data-contrast=\"auto\">e<\/span><span data-contrast=\"auto\">n<\/span><span data-contrast=\"auto\"> reconoci\u00f3 que es com\u00fan que estudiantes de <\/span><span data-contrast=\"auto\">esa<\/span><span data-contrast=\"auto\"> carrera acudan a instituciones hospitalarias p<\/span><span data-contrast=\"auto\">ara efectuar su servicio social;<\/span><span data-contrast=\"auto\"> \u201csin embargo<\/span><span data-contrast=\"auto\">,<\/span><span data-contrast=\"auto\"> yo opt\u00e9 por venir a conocer esta cl\u00ednica y ver la posibilidad de quedarme, el trato que recib\u00ed fue muy bueno y los doctores ha sido muy atentos conmigo\u201d.<\/span><span data-ccp-props=\"{&quot;201341983&quot;:0,&quot;335559739&quot;:0,&quot;335559740&quot;:240}\">\u00a0<\/span><\/p>\n<p><span data-contrast=\"auto\">Dijo sentirse a gusto <\/span><span data-contrast=\"auto\">porque no \u00fanicamente <\/span><span data-contrast=\"auto\">ofrece <\/span><span data-contrast=\"auto\">terapias a pacientes, tambi\u00e9n <\/span><span data-contrast=\"auto\">participa <\/span><span data-contrast=\"auto\">en talleres de estimulaci\u00f3n temprana<\/span><span data-contrast=\"auto\"> y<\/span><span data-contrast=\"auto\"> da aseso<\/span><span data-contrast=\"auto\">r\u00edas psicol\u00f3gicas a embarazadas.<\/span><span data-contrast=\"auto\"> \u201c<\/span><span data-contrast=\"auto\">T<\/span><span data-contrast=\"auto\">engo ya pacientes que acuden regularmente a consulta, son constantes y vienen a seguimiento porque consideran que la atenci\u00f3n aqu\u00ed es muy buena\u201d.<\/span><span data-ccp-props=\"{&quot;201341983&quot;:0,&quot;335559739&quot;:0,&quot;335559740&quot;:240}\">\u00a0<\/span><\/p>\n<div id=\"attachment_78553\" style=\"width: 732px\" class=\"wp-caption aligncenter\"><a href=\"https:\/\/www.uv.mx\/prensa\/files\/2019\/12\/231219-CUSRS-4.jpg\"><img aria-describedby=\"caption-attachment-78553\" decoding=\"async\" loading=\"lazy\" class=\"size-full wp-image-78553\" src=\"https:\/\/www.uv.mx\/prensa\/files\/2019\/12\/231219-CUSRS-4.jpg\" alt=\"\" width=\"722\" height=\"481\" srcset=\"https:\/\/www.uv.mx\/prensa\/files\/2019\/12\/231219-CUSRS-4.jpg 722w, https:\/\/www.uv.mx\/prensa\/files\/2019\/12\/231219-CUSRS-4-300x200.jpg 300w\" sizes=\"(max-width: 722px) 100vw, 722px\" \/><\/a><p id=\"caption-attachment-78553\" class=\"wp-caption-text\">Regina Rojas Fortuno, de Psicolog\u00eda<\/p><\/div>\n","protected":false},"excerpt":{"rendered":"<p>Les da la oportunidad de incrementar sus conocimientos para brindar atenci\u00f3n integral a pacientes <\/p>\n","protected":false},"author":1508,"featured_media":0,"comment_status":"closed","ping_status":"closed","sticky":false,"template":"","format":"standard","meta":[],"categories":[1],"tags":[],"_links":{"self":[{"href":"https:\/\/www.uv.mx\/prensa\/wp-json\/wp\/v2\/posts\/77793"}],"collection":[{"href":"https:\/\/www.uv.mx\/prensa\/wp-json\/wp\/v2\/posts"}],"about":[{"href":"https:\/\/www.uv.mx\/prensa\/wp-json\/wp\/v2\/types\/post"}],"author":[{"embeddable":true,"href":"https:\/\/www.uv.mx\/prensa\/wp-json\/wp\/v2\/users\/1508"}],"replies":[{"embeddable":true,"href":"https:\/\/www.uv.mx\/prensa\/wp-json\/wp\/v2\/comments?post=77793"}],"version-history":[{"count":0,"href":"https:\/\/www.uv.mx\/prensa\/wp-json\/wp\/v2\/posts\/77793\/revisions"}],"wp:attachment":[{"href":"https:\/\/www.uv.mx\/prensa\/wp-json\/wp\/v2\/media?parent=77793"}],"wp:term":[{"taxonomy":"category","embeddable":true,"href":"https:\/\/www.uv.mx\/prensa\/wp-json\/wp\/v2\/categories?post=77793"},{"taxonomy":"post_tag","embeddable":true,"href":"https:\/\/www.uv.mx\/prensa\/wp-json\/wp\/v2\/tags?post=77793"}],"curies":[{"name":"wp","href":"https:\/\/api.w.org\/{rel}","templated":true}]}}