{"id":78120,"date":"2019-12-13T10:59:00","date_gmt":"2019-12-13T16:59:00","guid":{"rendered":"https:\/\/www.uv.mx\/prensa\/?p=78120"},"modified":"2019-12-17T11:53:57","modified_gmt":"2019-12-17T17:53:57","slug":"alumnos-de-geografia-participaron-en-foro-estudiando-t-uv","status":"publish","type":"post","link":"https:\/\/www.uv.mx\/prensa\/general\/alumnos-de-geografia-participaron-en-foro-estudiando-t-uv\/","title":{"rendered":"Alumnos de Geograf\u00eda participaron en Foro Estudiando T-UV"},"content":{"rendered":"<ul>\n<li data-leveltext=\"\uf0b7\" data-font=\"Symbol\" data-listid=\"1\" data-aria-posinset=\"1\" data-aria-level=\"1\"><i><span data-contrast=\"auto\">Esta estrategia tiene la finalidad de disminuir la deserci\u00f3n escolar en esta casa de estudios<\/span><\/i><span data-ccp-props=\"{&quot;134233279&quot;:true,&quot;201341983&quot;:0,&quot;335559739&quot;:160,&quot;335559740&quot;:240}\">\u00a0<\/span><\/li>\n<li data-leveltext=\"\uf0b7\" data-font=\"Symbol\" data-listid=\"1\" data-aria-posinset=\"2\" data-aria-level=\"1\"><i><span data-contrast=\"auto\">El foro fue titulado <\/span><\/i><i><span data-contrast=\"auto\">\u201cDel mar a la monta\u00f1a, descripciones y reflexiones sobre el espacio geogr\u00e1fico\u201d<\/span><\/i><\/li>\n<li data-leveltext=\"\uf0b7\" data-font=\"Symbol\" data-listid=\"1\" data-aria-posinset=\"2\" data-aria-level=\"1\"><i><span data-contrast=\"auto\">Los universitarios compartieron experiencias y conocimientos adquiridos en el viaje de estudios realizado en octubre pasado<\/span><\/i><span data-ccp-props=\"{&quot;134233279&quot;:true,&quot;201341983&quot;:0,&quot;335559739&quot;:160,&quot;335559740&quot;:240}\">\u00a0<\/span><\/li>\n<\/ul>\n<div id=\"attachment_78122\" style=\"width: 732px\" class=\"wp-caption aligncenter\"><a href=\"https:\/\/www.uv.mx\/prensa\/files\/2019\/12\/131219-ESTUDIANDO-T-2.jpg\"><img aria-describedby=\"caption-attachment-78122\" decoding=\"async\" loading=\"lazy\" class=\"size-full wp-image-78122\" src=\"https:\/\/www.uv.mx\/prensa\/files\/2019\/12\/131219-ESTUDIANDO-T-2.jpg\" alt=\"\" width=\"722\" height=\"481\" srcset=\"https:\/\/www.uv.mx\/prensa\/files\/2019\/12\/131219-ESTUDIANDO-T-2.jpg 722w, https:\/\/www.uv.mx\/prensa\/files\/2019\/12\/131219-ESTUDIANDO-T-2-300x200.jpg 300w\" sizes=\"(max-width: 722px) 100vw, 722px\" \/><\/a><p id=\"caption-attachment-78122\" class=\"wp-caption-text\">Asistentes al Foro \u201cDel mar a la monta\u00f1a, descripciones y reflexiones sobre el espacio geogr\u00e1fico\u201d<\/p><\/div>\n<p><b><i><span data-contrast=\"auto\">Claudia Peralta V\u00e1zquez<\/span><\/i><\/b><span data-ccp-props=\"{&quot;201341983&quot;:0,&quot;335559739&quot;:160,&quot;335559740&quot;:240}\">\u00a0<\/span><\/p>\n<p><span data-ccp-props=\"{&quot;201341983&quot;:0,&quot;335559739&quot;:160,&quot;335559740&quot;:240}\">\u00a0<\/span><b><i><span data-contrast=\"auto\">13\/12\/<\/span><\/i><\/b><b><i><span data-contrast=\"auto\">20<\/span><\/i><\/b><b><i><span data-contrast=\"auto\">19, Xalapa, Ver.- <\/span><\/i><\/b><span data-contrast=\"auto\">Estudiantes de prim<\/span><span data-contrast=\"auto\">er semestre de la <\/span><span data-contrast=\"auto\">Licenciatura en <\/span><span data-contrast=\"auto\">Geograf\u00eda<\/span><span data-contrast=\"auto\"> de<\/span><span data-contrast=\"auto\"> la <a href=\"https:\/\/www.uv.mx\/economia\/\" target=\"_blank\" rel=\"noopener noreferrer\">Facultad de Econom\u00eda <\/a>de la Universidad Veracruzana (UV), participaron<\/span><span data-contrast=\"auto\"> en el Foro del P<\/span><span data-contrast=\"auto\">rograma Estudiando T-UV<\/span><span data-contrast=\"auto\">, el cual tiene como objetivo disminuir la deserci\u00f3n escolar al interior de esta casa de estudios.<\/span><span data-ccp-props=\"{&quot;201341983&quot;:0,&quot;335559739&quot;:160,&quot;335559740&quot;:240}\">\u00a0<\/span><\/p>\n<p><span data-contrast=\"auto\">\u201c<\/span><span data-contrast=\"auto\">Del mar a la monta\u00f1a<\/span><span data-contrast=\"auto\">, d<\/span><span data-contrast=\"auto\">escripciones y reflexiones sobre el espacio geogr\u00e1fico<\/span><span data-contrast=\"auto\">\u201d, fue el tema de esta actividad realizada el jueves 12 de diciembre en la Facultad de Econom\u00eda e inaugurada por Mait\u00e9 Teresa Sampieri Croda, coordinadora <\/span><span data-contrast=\"auto\">A<\/span><span data-contrast=\"auto\">cad\u00e9mica de la Secretar\u00eda Acad\u00e9mica.<\/span><span data-ccp-props=\"{&quot;201341983&quot;:0,&quot;335559731&quot;:708,&quot;335559739&quot;:160,&quot;335559740&quot;:240}\">\u00a0<\/span><\/p>\n<p><span data-contrast=\"auto\">Su finalidad<\/span><span data-contrast=\"auto\"> fue dar a conocer el trabajo desarrollado a lo largo de<\/span><span data-contrast=\"auto\">l<\/span><span data-contrast=\"auto\"> primer semestre, as\u00ed como los conocimientos adquiridos <\/span><span data-contrast=\"auto\">durante el viaje de estudios realizado <\/span><span data-contrast=\"auto\">los d\u00edas <\/span><span data-contrast=\"auto\">23 y 24 de octubre por alumnos y acad\u00e9micos<\/span><span data-contrast=\"auto\"> a los municipios Tatatila; El Conejo, localidad de Perote; Jalcomulco, Apa<\/span><span data-contrast=\"auto\">zapan <\/span><span data-contrast=\"auto\">y Paso de Do\u00f1a Juana, en \u00darsulo Galv\u00e1n.<\/span><span data-ccp-props=\"{&quot;201341983&quot;:0,&quot;335559731&quot;:708,&quot;335559739&quot;:160,&quot;335559740&quot;:240}\">\u00a0<\/span><\/p>\n<p><span data-contrast=\"auto\">Se trata de un ejercicio de acompa\u00f1amiento de los profesores hacia sus alumnos, quienes trabajaron bajo un mismo proyecto<\/span><span data-contrast=\"auto\"> para<\/span><span data-contrast=\"auto\"> atender las problem\u00e1ticas de esas regiones vistas desde las distintas experiencias educativas (EE) que cursan.<\/span><span data-ccp-props=\"{&quot;201341983&quot;:0,&quot;335559731&quot;:708,&quot;335559739&quot;:160,&quot;335559740&quot;:240}\">\u00a0<\/span><\/p>\n<p><span data-contrast=\"auto\">Mar\u00eda Ram\u00edrez Salazar, directora de la Facultad de Econom\u00eda, destac\u00f3 que <\/span><span data-contrast=\"auto\">Estudiando T-UV<\/span><span data-contrast=\"auto\"> se cre\u00f3 con el fin <\/span><span data-contrast=\"auto\">de retener a los estudiantes de nuevo ingreso, pues en la UV hay PE que no son muy reconocidos por los nuevos aspirantes o alumnos de nivel preparatoria y los <\/span><span data-contrast=\"auto\">eligen como su primera opci\u00f3n s\u00f3<\/span><span data-contrast=\"auto\">lo para obtener un lugar en la Universidad.<\/span><span data-ccp-props=\"{&quot;201341983&quot;:0,&quot;335559731&quot;:708,&quot;335559739&quot;:160,&quot;335559740&quot;:240}\">\u00a0<\/span><\/p>\n<p><span data-contrast=\"auto\">\u201cA trav\u00e9s de esta estrategia comprobamos que podemos lograr que se queden y concl<\/span><span data-contrast=\"auto\">uyan la licenciatura.\u201d<\/span><span data-ccp-props=\"{&quot;201341983&quot;:0,&quot;335559731&quot;:708,&quot;335559739&quot;:160,&quot;335559740&quot;:240}\">\u00a0<\/span><\/p>\n<p><span data-contrast=\"auto\">Dio a conocer que Geograf\u00eda tiene cuatro a\u00f1os de participar en el programa<\/span><span data-contrast=\"auto\"> y a lo largo de est<\/span><span data-contrast=\"auto\">e tiempo se han<\/span><span data-contrast=\"auto\"> logrado<\/span><span data-contrast=\"auto\"> buenas experiencias, pues desde un principio los estudiantes <\/span><span data-contrast=\"auto\">muestran inter\u00e9s y empat\u00eda con la <\/span><span data-contrast=\"auto\">disciplina<\/span><span data-contrast=\"auto\">.<\/span><span data-ccp-props=\"{&quot;201341983&quot;:0,&quot;335559731&quot;:708,&quot;335559739&quot;:160,&quot;335559740&quot;:240}\">\u00a0<\/span><\/p>\n<p><span data-contrast=\"auto\">\u201cLe encuentran pertinencia y raz\u00f3n de ser a las EE del \u00c1rea <\/span><span data-contrast=\"auto\">de Formaci\u00f3n <\/span><span data-contrast=\"auto\">B\u00e1sica<\/span> <span data-contrast=\"auto\">General, <\/span><span data-contrast=\"auto\">y de c\u00f3mo les ayudan a su formaci\u00f3n como<\/span><span data-contrast=\"auto\"> profesionales de la Geograf\u00eda.\u201d<\/span><span data-ccp-props=\"{&quot;201341983&quot;:0,&quot;335559731&quot;:708,&quot;335559739&quot;:160,&quot;335559740&quot;:240}\">\u00a0<\/span><\/p>\n<div id=\"attachment_78121\" style=\"width: 732px\" class=\"wp-caption aligncenter\"><a href=\"https:\/\/www.uv.mx\/prensa\/files\/2019\/12\/131219-ESTUDIANDO-T-1.jpg\"><img aria-describedby=\"caption-attachment-78121\" decoding=\"async\" loading=\"lazy\" class=\"size-full wp-image-78121\" src=\"https:\/\/www.uv.mx\/prensa\/files\/2019\/12\/131219-ESTUDIANDO-T-1.jpg\" alt=\"\" width=\"722\" height=\"481\" srcset=\"https:\/\/www.uv.mx\/prensa\/files\/2019\/12\/131219-ESTUDIANDO-T-1.jpg 722w, https:\/\/www.uv.mx\/prensa\/files\/2019\/12\/131219-ESTUDIANDO-T-1-300x200.jpg 300w\" sizes=\"(max-width: 722px) 100vw, 722px\" \/><\/a><p id=\"caption-attachment-78121\" class=\"wp-caption-text\">Autoridades universitarias durante la inauguraci\u00f3n<\/p><\/div>\n<p><span data-contrast=\"auto\">Precis\u00f3 <\/span><span data-contrast=\"auto\">que<\/span><span data-contrast=\"auto\">,<\/span><span data-contrast=\"auto\"> durante este viaje, los universitarios recorrieron paisajes desde la monta\u00f1a hasta el mar. Primero hicieron una secuencia altitudinal, y luego observaron c\u00f3mo se presentan y cu\u00e1les son los componentes geogr\u00e1ficos que definen la vida en cada uno de esos entornos.<\/span><span data-ccp-props=\"{&quot;201341983&quot;:0,&quot;335559731&quot;:708,&quot;335559739&quot;:160,&quot;335559740&quot;:240}\">\u00a0<\/span><\/p>\n<p><span data-contrast=\"auto\">\u201c<\/span><span data-contrast=\"auto\">Los componentes geogr\u00e1ficos no son solamente el relieve y el clima, tamb<\/span><span data-contrast=\"auto\">i\u00e9n las actividades humanas y c\u00f3<\/span><span data-contrast=\"auto\">mo las personas perciben y construyen su territorio, se apropian de \u00e9l, lo utilizan, viven de \u00e9l y lo modifican<\/span><span data-contrast=\"auto\">.<\/span><span data-contrast=\"auto\">\u201d<\/span><span data-ccp-props=\"{&quot;201341983&quot;:0,&quot;335559731&quot;:708,&quot;335559739&quot;:160,&quot;335559740&quot;:240}\">\u00a0<\/span><\/p>\n<p><span data-contrast=\"auto\">Por su parte, V\u00edctor Manuel Alcaraz<\/span><span data-contrast=\"auto\"> Romero, coordinador general de<\/span> <span data-contrast=\"auto\">Estudiando <\/span><span data-contrast=\"auto\">T<\/span><span data-contrast=\"auto\">-UV<\/span><span data-contrast=\"auto\">, resalt\u00f3 que otras facultades tambi\u00e9n se encuentran <\/span><span data-contrast=\"auto\">inmersas en esta estrategia, lo<\/span><span data-contrast=\"auto\"> cual demuestra que la U<\/span><span data-contrast=\"auto\">niversidad <\/span><span data-contrast=\"auto\">abre sus puertas y su<\/span><span data-contrast=\"auto\"> labor trasciende fuera de las<\/span><span data-contrast=\"auto\"> aulas.<\/span><span data-ccp-props=\"{&quot;201341983&quot;:0,&quot;335559731&quot;:708,&quot;335559739&quot;:160,&quot;335559740&quot;:240}\">\u00a0<\/span><\/p>\n<p><span data-contrast=\"auto\">En ese sentido, se plantea que<\/span><span data-contrast=\"auto\"> la preparaci\u00f3n de los nuevos profesionistas<\/span><span data-contrast=\"auto\"> no s<\/span><span data-contrast=\"auto\">\u00f3<\/span><span data-contrast=\"auto\">lo contemple el acercamiento al con<\/span><span data-contrast=\"auto\">ocimiento existente, <\/span><span data-contrast=\"auto\">sino que se ampl\u00ede.<\/span><span data-ccp-props=\"{&quot;201341983&quot;:0,&quot;335559731&quot;:708,&quot;335559739&quot;:160,&quot;335559740&quot;:240}\">\u00a0<\/span><\/p>\n<p><span data-contrast=\"auto\">Al dirigirse a los j\u00f3venes, expres\u00f3 que en esta experiencia tuvieron la oportunidad de observar el medio en el que se desarrollar\u00e1n posteriormente, <\/span><span data-contrast=\"auto\">pero<\/span><span data-contrast=\"auto\"> lo importante no s<\/span><span data-contrast=\"auto\">\u00f3<\/span><span data-contrast=\"auto\">lo es aplicar lo <\/span><span data-contrast=\"auto\">aprendido<\/span><span data-contrast=\"auto\">, sino desarrollar<\/span><span data-contrast=\"auto\"> lo que<\/span><span data-contrast=\"auto\"> a\u00fan no se conoce.<\/span><span data-ccp-props=\"{&quot;201341983&quot;:0,&quot;335559731&quot;:708,&quot;335559739&quot;:160,&quot;335559740&quot;:240}\">\u00a0<\/span><\/p>\n<p><span data-contrast=\"auto\">\u201cVean<\/span><span data-contrast=\"auto\"> hacia el futuro<\/span><span data-contrast=\"auto\">,<\/span><span data-contrast=\"auto\"> sean profesionistas capaces de desa<\/span><span data-contrast=\"auto\">rrollar la ciencia geogr\u00e1fica y el crecimiento personal<\/span><span data-contrast=\"auto\"> en contacto directo con la naturaleza<\/span><span data-contrast=\"auto\">.<\/span><span data-contrast=\"auto\">\u201d<\/span><span data-ccp-props=\"{&quot;201341983&quot;:0,&quot;335559731&quot;:708,&quot;335559739&quot;:160,&quot;335559740&quot;:240}\">\u00a0<\/span><\/p>\n<p><span data-contrast=\"auto\">Posteriormente, los estudiantes<\/span><span data-contrast=\"auto\">, repartidos en siete equipos, mostraron a los asistentes el resultado de esta experiencia<\/span><span data-contrast=\"auto\">, a trav\u00e9s de algunos temas como: Conociendo la ruta, Fundamentos de <\/span><span data-contrast=\"auto\">p<\/span><span data-contrast=\"auto\">ercepci\u00f3n <\/span><span data-contrast=\"auto\">r<\/span><span data-contrast=\"auto\">emota, Variaci\u00f3n geol\u00f3gica a lo largo del gradiente altitudinal, Paisaje k\u00e1rstico en el trayecto medio, Relieve a partir de perfiles topogr\u00e1ficos, Pensamiento cr\u00edtico para la <\/span><span data-contrast=\"auto\">soluci\u00f3n de problemas, <\/span><span data-contrast=\"auto\">Usos y despojos<\/span><span data-contrast=\"auto\">.<\/span><span data-ccp-props=\"{&quot;201341983&quot;:0,&quot;335559731&quot;:708,&quot;335559739&quot;:160,&quot;335559740&quot;:240}\">\u00a0<\/span><\/p>\n<p><span data-contrast=\"auto\">Presenciaron la exposici\u00f3n:<\/span><span data-contrast=\"auto\"> Eric Abad Esp\u00edndola, director de la Facultad de Ciencias Administrativas y Sociales (FCAS); <\/span><span data-contrast=\"auto\">Nelsy Mariel Cortez Jim\u00e9ne<\/span><span data-contrast=\"auto\">z, jefa de carrera de la <\/span><span data-contrast=\"auto\">L<\/span><span data-contrast=\"auto\">icenciatura <\/span><span data-contrast=\"auto\">en<\/span><span data-contrast=\"auto\"> Relaciones <\/span><span data-contrast=\"auto\">Industriales<\/span><span data-contrast=\"auto\">; <\/span><span data-contrast=\"auto\">Esmeralda Alarc\u00f3n Montiel, jefa del Departamento de Apoyo Integral al Estudiante de la Direcci\u00f3n de Desarrollo Acad\u00e9mico e Innovaci\u00f3n Educativa (DGDAIE);<\/span> <span data-contrast=\"auto\">Claudia D\u00edaz R<\/span><span data-contrast=\"auto\">ivera, responsable operativa de<\/span><span data-contrast=\"auto\"> Estudiando<\/span> <span data-contrast=\"auto\">T<\/span><span data-contrast=\"auto\">-UV,<\/span><span data-contrast=\"auto\"> y Juana Mart\u00ednez Alarc\u00f3n, coordinadora de esta estrategia en Geograf\u00eda.<\/span><span data-ccp-props=\"{&quot;201341983&quot;:0,&quot;335559731&quot;:708,&quot;335559739&quot;:160,&quot;335559740&quot;:240}\">\u00a0<\/span><\/p>\n<p><span data-contrast=\"auto\">Adem\u00e1s, los docentes de las EE <\/span><span data-contrast=\"auto\">Introducci\u00f3n a la Ciencia Geogr\u00e1fica; <\/span><span data-contrast=\"auto\">Lengua I;<\/span><span data-contrast=\"auto\"> Geolog\u00eda<\/span><span data-contrast=\"auto\">;<\/span><span data-contrast=\"auto\"> To<\/span><span data-contrast=\"auto\">pograf\u00eda y An\u00e1lisis del Relieve;<\/span><span data-contrast=\"auto\"> Lectura y Escritura<\/span><span data-contrast=\"auto\">;<\/span><span data-contrast=\"auto\"> Pensamiento Cr\u00edtico<\/span><span data-contrast=\"auto\">;<\/span><span data-contrast=\"auto\"> y Fundamentos de la Percepci\u00f3n Remota<\/span><span data-contrast=\"auto\">.<\/span><span data-ccp-props=\"{&quot;201341983&quot;:0,&quot;335559731&quot;:708,&quot;335559739&quot;:160,&quot;335559740&quot;:240}\">\u00a0<\/span><\/p>\n","protected":false},"excerpt":{"rendered":"<p>\u201cDel mar a la monta\u00f1a, descripciones y reflexiones sobre el espacio geogr\u00e1fico\u201d fue el tema de esta actividad, realizada en la Facultad de Econom\u00eda<\/p>\n","protected":false},"author":1508,"featured_media":78122,"comment_status":"closed","ping_status":"closed","sticky":false,"template":"","format":"standard","meta":[],"categories":[1],"tags":[],"_links":{"self":[{"href":"https:\/\/www.uv.mx\/prensa\/wp-json\/wp\/v2\/posts\/78120"}],"collection":[{"href":"https:\/\/www.uv.mx\/prensa\/wp-json\/wp\/v2\/posts"}],"about":[{"href":"https:\/\/www.uv.mx\/prensa\/wp-json\/wp\/v2\/types\/post"}],"author":[{"embeddable":true,"href":"https:\/\/www.uv.mx\/prensa\/wp-json\/wp\/v2\/users\/1508"}],"replies":[{"embeddable":true,"href":"https:\/\/www.uv.mx\/prensa\/wp-json\/wp\/v2\/comments?post=78120"}],"version-history":[{"count":0,"href":"https:\/\/www.uv.mx\/prensa\/wp-json\/wp\/v2\/posts\/78120\/revisions"}],"wp:featuredmedia":[{"embeddable":true,"href":"https:\/\/www.uv.mx\/prensa\/wp-json\/wp\/v2\/media\/78122"}],"wp:attachment":[{"href":"https:\/\/www.uv.mx\/prensa\/wp-json\/wp\/v2\/media?parent=78120"}],"wp:term":[{"taxonomy":"category","embeddable":true,"href":"https:\/\/www.uv.mx\/prensa\/wp-json\/wp\/v2\/categories?post=78120"},{"taxonomy":"post_tag","embeddable":true,"href":"https:\/\/www.uv.mx\/prensa\/wp-json\/wp\/v2\/tags?post=78120"}],"curies":[{"name":"wp","href":"https:\/\/api.w.org\/{rel}","templated":true}]}}