{"id":78184,"date":"2019-12-14T09:18:06","date_gmt":"2019-12-14T15:18:06","guid":{"rendered":"https:\/\/www.uv.mx\/prensa\/?p=78184"},"modified":"2019-12-17T11:26:02","modified_gmt":"2019-12-17T17:26:02","slug":"uv-reconocio-a-sus-academicos-que-participan-en-programa-upes-u040","status":"publish","type":"post","link":"https:\/\/www.uv.mx\/prensa\/banner\/uv-reconocio-a-sus-academicos-que-participan-en-programa-upes-u040\/","title":{"rendered":"UV reconoci\u00f3 a sus acad\u00e9micos que participan en Programa UPES U040"},"content":{"rendered":"<ul>\n<li><em>De los 427 acad\u00e9micos e investigadores que recibieron el Est\u00edmulo del Programa Carrera Docente en Universidades P\u00fablicas Estatales, 34 son de la regi\u00f3n Poza Rica-Tuxpan, 38 de Orizaba-C\u00f3rdoba, 258 de Xalapa, 90 de Veracruz y siete de Coatzacoalcos-Minatitl\u00e1n<\/em><\/li>\n<\/ul>\n<div id=\"attachment_78168\" style=\"width: 732px\" class=\"wp-caption aligncenter\"><a href=\"https:\/\/www.uv.mx\/prensa\/files\/2019\/12\/131219-Reconocimientos-1.jpg\"><img aria-describedby=\"caption-attachment-78168\" decoding=\"async\" loading=\"lazy\" class=\"size-full wp-image-78168\" src=\"https:\/\/www.uv.mx\/prensa\/files\/2019\/12\/131219-Reconocimientos-1.jpg\" alt=\"\" width=\"722\" height=\"481\" srcset=\"https:\/\/www.uv.mx\/prensa\/files\/2019\/12\/131219-Reconocimientos-1.jpg 722w, https:\/\/www.uv.mx\/prensa\/files\/2019\/12\/131219-Reconocimientos-1-300x200.jpg 300w\" sizes=\"(max-width: 722px) 100vw, 722px\" \/><\/a><p id=\"caption-attachment-78168\" class=\"wp-caption-text\">Acad\u00e9micos e investigadores del Programa Carrera Docente U040 2019 con autoridades universitarias<\/p><\/div>\n<p><strong><em>Paola Cort\u00e9s P\u00e9rez<\/em><\/strong><\/p>\n<p><strong><em>14\/12\/2019, Xalapa, Ver.-<\/em><\/strong> La <a href=\"https:\/\/www.uv.mx\/\" target=\"_blank\" rel=\"noopener noreferrer\">Universidad Veracruzana<\/a> (UV) entreg\u00f3 cartas de felicitaci\u00f3n y reconocimiento a 427 acad\u00e9micos e investigadores que recibieron el Est\u00edmulo del Programa Carrera Docente en Universidades P\u00fablicas Estatales (UPES) 2019 (U040) Fondo Extraordinario.<\/p>\n<p>La ceremonia de entrega de Reconocimientos al compromiso para el Fortalecimiento Acad\u00e9mico fue presidida por la rectora Sara Ladr\u00f3n de Guevara y se llev\u00f3 a cabo la tarde del viernes 13 de diciembre en la Sala de Videoconferencias de la Unidad de Servicios Bibliotecarios y de Informaci\u00f3n (USBI), regi\u00f3n Xalapa.<\/p>\n<p>De los 427 beneficiarios del Programa Carrera Docente U040 2019, 238 son docentes y 189 investigadores. Adem\u00e1s, 34 son de la regi\u00f3n Poza Rica-Tuxpan, 38 de Orizaba-C\u00f3rdoba, 258 de Xalapa, 90 de Veracruz, y siete de Coatzacoalcos-Minatitl\u00e1n.<\/p>\n<p>Al tomar la palabra, la rectora Sara Ladr\u00f3n de Guevara mencion\u00f3 que el 20 por ciento de acad\u00e9micos de tiempo completo han obtenido este reconocimiento: \u201cEste est\u00edmulo lo otorga la Secretar\u00eda de Educaci\u00f3n P\u00fablica (SEP) a los profesores de tiempo completo que cuentan con perfil deseable del Programa para el Desarrollo Profesional Docente (<em>Prodep<\/em>) y cuyo desempe\u00f1o acad\u00e9mico se traduce en aportes significativos al mejoramiento de los indicadores de los resultados institucionales.<\/p>\n<p>\u201dTodas y todos ustedes est\u00e1n actuando de manera socialmente responsable en su quehacer acad\u00e9mico; no me cabe duda que podemos contar con ustedes para mantenernos como la universidad p\u00fablica de calidad y excelencia que ya somos y para seguirnos consolidando. Gracias por seguir poniendo en alto el nombre de nuestra querida Universidad Veracruzana.\u201d<\/p>\n<div id=\"attachment_78167\" style=\"width: 732px\" class=\"wp-caption aligncenter\"><a href=\"https:\/\/www.uv.mx\/prensa\/files\/2019\/12\/131219-Reconocimientos-2.jpg\"><img aria-describedby=\"caption-attachment-78167\" decoding=\"async\" loading=\"lazy\" class=\"size-full wp-image-78167\" src=\"https:\/\/www.uv.mx\/prensa\/files\/2019\/12\/131219-Reconocimientos-2.jpg\" alt=\"\" width=\"722\" height=\"480\" srcset=\"https:\/\/www.uv.mx\/prensa\/files\/2019\/12\/131219-Reconocimientos-2.jpg 722w, https:\/\/www.uv.mx\/prensa\/files\/2019\/12\/131219-Reconocimientos-2-300x199.jpg 300w\" sizes=\"(max-width: 722px) 100vw, 722px\" \/><\/a><p id=\"caption-attachment-78167\" class=\"wp-caption-text\">La rectora Sara Ladr\u00f3n de Guevara entreg\u00f3 cartas de felicitaci\u00f3n a los acad\u00e9micos e investigadores<\/p><\/div>\n<p>Aracely L\u00f3pez Monteon, docente de la Facultad de Ciencias Qu\u00edmicas, regi\u00f3n Orizaba-C\u00f3rdoba, habl\u00f3 a nombre de los acad\u00e9micos y expres\u00f3 que este reconocimiento no s\u00f3lo representa el otorgamiento de est\u00edmulos econ\u00f3micos a los profesores de tiempo completo altamente calificados, tambi\u00e9n es un reconocimiento al trabajo realizado en los salones de clases, oficinas, talleres o laboratorios.<\/p>\n<p>\u201cEste trabajo incide directamente en el logro de la transformaci\u00f3n en los perfiles de egreso de los estudiantes que atendemos, incrementando as\u00ed la calidad de la educaci\u00f3n de nuestra casa de estudios.\u201d<\/p>\n<p>Liliana Betancourt Trevedhan, directora general de Desarrollo Acad\u00e9mico e Innovaci\u00f3n Educativa, dijo que la \u00faltima convocatoria del Programa Carrera Docente U040 constituye un ejercicio de autoevaluaci\u00f3n para los acad\u00e9micos e investigadores, as\u00ed como para la instituci\u00f3n, cuyos resultados permitir\u00e1n saber c\u00f3mo contribuye en los procesos de innovaci\u00f3n, transformaci\u00f3n y diversificaci\u00f3n de las actividades acad\u00e9micas, docentes, de investigaci\u00f3n y extensi\u00f3n, y c\u00f3mo se ha reflejado en la eficiencia de los estudiantes.<\/p>\n<p>Aunque este programa es individual, uno de los indicadores es que los participantes sean integrantes de Cuerpos Acad\u00e9micos (CA) Consolidados o en Consolidaci\u00f3n; en este sentido, su quehacer colaborativo se ha reflejado en la meta institucional de alcanzar el 20 por ciento de los CA Consolidados. Con esta evaluaci\u00f3n se logr\u00f3 consolidar al 23 por ciento de \u00e9stos, es decir, 68 CA.<\/p>\n<p>\u201cTambi\u00e9n hemos podido sumar un incremento de cuatro puntos porcentuales en el indicador de perfiles <em>Prodep<\/em>, en este momento es del 58 por ciento, trabajaremos afanosamente hasta llegar a la meta institucional, que es de 62 por ciento\u201d, finaliz\u00f3 Betancourt Trevedhan.<\/p>\n<p>Cabe mencionar que el acto se transmiti\u00f3 por videoconferencia, de manera simult\u00e1nea, a las regiones universitarias de Coatzacoalcos-Minatitl\u00e1n, Orizaba-C\u00f3rdoba, Poza Rica-Tuxpan, y Veracruz.<\/p>\n","protected":false},"excerpt":{"rendered":"<p>De los 427 acad\u00e9micos e investigadores que recibieron el Est\u00edmulo del Programa Carrera Docente en Universidades P\u00fablicas Estatales, 34 son de la regi\u00f3n Poza Rica-Tuxpan, 38 de Orizaba-C\u00f3rdoba, 258 de Xalapa, 90 de Veracruz y siete de Coatzacoalcos-Minatitl\u00e1n<\/p>\n","protected":false},"author":1508,"featured_media":78169,"comment_status":"closed","ping_status":"closed","sticky":false,"template":"","format":"standard","meta":[],"categories":[61],"tags":[],"_links":{"self":[{"href":"https:\/\/www.uv.mx\/prensa\/wp-json\/wp\/v2\/posts\/78184"}],"collection":[{"href":"https:\/\/www.uv.mx\/prensa\/wp-json\/wp\/v2\/posts"}],"about":[{"href":"https:\/\/www.uv.mx\/prensa\/wp-json\/wp\/v2\/types\/post"}],"author":[{"embeddable":true,"href":"https:\/\/www.uv.mx\/prensa\/wp-json\/wp\/v2\/users\/1508"}],"replies":[{"embeddable":true,"href":"https:\/\/www.uv.mx\/prensa\/wp-json\/wp\/v2\/comments?post=78184"}],"version-history":[{"count":0,"href":"https:\/\/www.uv.mx\/prensa\/wp-json\/wp\/v2\/posts\/78184\/revisions"}],"wp:featuredmedia":[{"embeddable":true,"href":"https:\/\/www.uv.mx\/prensa\/wp-json\/wp\/v2\/media\/78169"}],"wp:attachment":[{"href":"https:\/\/www.uv.mx\/prensa\/wp-json\/wp\/v2\/media?parent=78184"}],"wp:term":[{"taxonomy":"category","embeddable":true,"href":"https:\/\/www.uv.mx\/prensa\/wp-json\/wp\/v2\/categories?post=78184"},{"taxonomy":"post_tag","embeddable":true,"href":"https:\/\/www.uv.mx\/prensa\/wp-json\/wp\/v2\/tags?post=78184"}],"curies":[{"name":"wp","href":"https:\/\/api.w.org\/{rel}","templated":true}]}}