{"id":78877,"date":"2020-01-09T14:27:09","date_gmt":"2020-01-09T20:27:09","guid":{"rendered":"https:\/\/www.uv.mx\/prensa\/?p=78877"},"modified":"2020-01-13T14:25:26","modified_gmt":"2020-01-13T20:25:26","slug":"voluntariado-uv-llevo-juguetes-a-ninos-de-acayucan-y-uxpanapa","status":"publish","type":"post","link":"https:\/\/www.uv.mx\/prensa\/regiones\/coatzacoalcos\/voluntariado-uv-llevo-juguetes-a-ninos-de-acayucan-y-uxpanapa\/","title":{"rendered":"Voluntariado UV llev\u00f3 juguetes a ni\u00f1os de Acayucan y Uxpanapa"},"content":{"rendered":"<ul>\n<li><em><span class=\"TextRun SCXW95707363 BCX2\" lang=\"ES-ES\" xml:lang=\"ES-ES\" data-contrast=\"auto\"><span class=\"NormalTextRun SCXW95707363 BCX2\">La campa\u00f1a \u00abApadrina una carta\u00bb surgi\u00f3 en 2013 y desde entonces ha sido apoyada por la comunidad universitaria<\/span><\/span><\/em><\/li>\n<\/ul>\n<div id=\"attachment_78876\" style=\"width: 732px\" class=\"wp-caption aligncenter\"><a href=\"https:\/\/www.uv.mx\/prensa\/files\/2020\/01\/09012020-Coatza-juguetes1.jpg\"><img aria-describedby=\"caption-attachment-78876\" decoding=\"async\" loading=\"lazy\" class=\"size-full wp-image-78876\" src=\"https:\/\/www.uv.mx\/prensa\/files\/2020\/01\/09012020-Coatza-juguetes1.jpg\" alt=\"\" width=\"722\" height=\"481\" srcset=\"https:\/\/www.uv.mx\/prensa\/files\/2020\/01\/09012020-Coatza-juguetes1.jpg 722w, https:\/\/www.uv.mx\/prensa\/files\/2020\/01\/09012020-Coatza-juguetes1-300x200.jpg 300w\" sizes=\"(max-width: 722px) 100vw, 722px\" \/><\/a><p id=\"caption-attachment-78876\" class=\"wp-caption-text\">Ni\u00f1os del preescolar \u201cFrancisco Gonz\u00e1lez Bocanegra\u201d de la localidad Tecuanapa<\/p><\/div>\n<p><b><i><span data-contrast=\"auto\">Cecilia Escribano Reyes<\/span><\/i><\/b><span data-ccp-props=\"{&quot;201341983&quot;:0,&quot;335559739&quot;:160,&quot;335559740&quot;:240}\"><br \/>\n<\/span><\/p>\n<p><b><i><span data-contrast=\"auto\">09\/01\/2020, Coatzacoalcos<\/span><\/i><\/b><b><i><span data-contrast=\"auto\">, Ver.- <\/span><\/i><\/b><span data-contrast=\"auto\">El<\/span> <span data-contrast=\"auto\"><a href=\"https:\/\/www.uv.mx\/voluntariado\/\">Voluntariado de la Universidad Veracruzana<\/a> (UV) realiz\u00f3 en la regi\u00f3n Coatzacoalcos-Minatitl\u00e1n la campa\u00f1a \u201cApadrina una carta\u201d, con la cual se benefici\u00f3 a ni\u00f1os de los municipios de Acayucan y <\/span><span data-contrast=\"auto\">Uxpanapa<\/span><span data-contrast=\"auto\">.<\/span><span data-ccp-props=\"{&quot;201341983&quot;:0,&quot;335559739&quot;:160,&quot;335559740&quot;:240}\">\u00a0<\/span><\/p>\n<p><span data-contrast=\"auto\">Esta campa\u00f1a se cre\u00f3 <\/span><span data-contrast=\"auto\">en 2013<\/span><span data-contrast=\"auto\"> con la finalidad de obsequiar regalos en el D\u00eda de Reyes a los ni\u00f1os de diversas comunidades del estado.<\/span><span data-ccp-props=\"{&quot;201341983&quot;:0,&quot;335559731&quot;:708,&quot;335559739&quot;:160,&quot;335559740&quot;:240}\">\u00a0<\/span><\/p>\n<p><span data-contrast=\"auto\">En esta ocasi\u00f3n los beneficiados fueron 380 alumnos de los preescolares \u201c<\/span><span data-contrast=\"auto\">Francisco Gonz\u00e1lez Bocanegra<\/span><span data-contrast=\"auto\">\u201d,<\/span><span data-contrast=\"auto\"> de la localidad <\/span><span data-contrast=\"auto\">Tecuanapa<\/span><span data-contrast=\"auto\">,<\/span><span data-contrast=\"auto\"> y <\/span><span data-contrast=\"auto\">\u201c<\/span><span data-contrast=\"auto\">Sor Juana In\u00e9s de la Cruz<\/span><span data-contrast=\"auto\">\u201d, de la C<\/span><span data-contrast=\"auto\">olonia <\/span><span data-contrast=\"auto\">A<\/span><span data-contrast=\"auto\">gr\u00edcola <\/span><span data-contrast=\"auto\">Michapan<\/span><span data-contrast=\"auto\">, <\/span><span data-contrast=\"auto\">ambos en el <\/span><span data-contrast=\"auto\">municipio de Acayucan. <\/span><span data-contrast=\"auto\">Asimismo, de los preescolares \u201c<\/span><span data-contrast=\"auto\">Agust\u00edn Melgar<\/span><span data-contrast=\"auto\">\u201d, \u201c<\/span><span data-contrast=\"auto\">Rosaura Zapata<\/span><span data-contrast=\"auto\">\u201d<\/span><span data-contrast=\"auto\"> y <\/span><span data-contrast=\"auto\">\u201c<\/span><span data-contrast=\"auto\">Mar\u00eda Montessori<\/span><span data-contrast=\"auto\">\u201d, del municipio de <\/span><span data-contrast=\"auto\">Uxpanapa<\/span><span data-contrast=\"auto\">.<\/span><span data-ccp-props=\"{&quot;201341983&quot;:0,&quot;335559731&quot;:708,&quot;335559739&quot;:160,&quot;335559740&quot;:240}\">\u00a0<\/span><\/p>\n<p><span data-contrast=\"auto\">Teodora Gonz\u00e1lez Rodr\u00edguez, coordinadora del Voluntariado en la regi\u00f3n, y Edgar Jim\u00e9nez Vald\u00e9s, c<\/span><span data-contrast=\"auto\">oordinador de Programas Transversales<\/span><span data-contrast=\"auto\">, fueron los responsables de la campa\u00f1a que recaud\u00f3 juguetes, dulces, pi\u00f1atas y roscas.<\/span><span data-ccp-props=\"{&quot;201341983&quot;:0,&quot;335559731&quot;:708,&quot;335559739&quot;:160,&quot;335559740&quot;:240}\">\u00a0<\/span><\/p>\n<p><span data-contrast=\"auto\">Gonz\u00e1lez Rodr\u00edguez explic\u00f3 que con esta campa\u00f1a se lleva alegr\u00eda a ni\u00f1os de las comunidades donde la UV tiene presencia; en este a\u00f1o se benefici\u00f3 a Acayucan y <\/span><span data-contrast=\"auto\">Uxpanapa<\/span><span data-contrast=\"auto\">, donde se encuentran la Facultad de Ingenier\u00eda en Sistemas de Producci\u00f3n Agropecuaria (FISPA) y la Casa UV, respectivamente.<\/span><span data-ccp-props=\"{&quot;201341983&quot;:0,&quot;335559731&quot;:708,&quot;335559739&quot;:160,&quot;335559740&quot;:240}\">\u00a0<\/span><\/p>\n<p><span data-contrast=\"auto\">La Coordinadora del Voluntariado en la regi\u00f3n <\/span><span data-contrast=\"auto\">Coatza<\/span><span data-contrast=\"auto\">-Mina explic\u00f3 que en noviembre se acudi\u00f3 a las seis instituciones educativas para recolectar las cartas a los Reyes Magos y posteriormente fueron entregadas para obtener el regalo solicitado.<\/span><span data-ccp-props=\"{&quot;201341983&quot;:0,&quot;335559731&quot;:708,&quot;335559739&quot;:160,&quot;335559740&quot;:240}\">\u00a0<\/span><\/p>\n<p><span data-contrast=\"auto\">\u201cLa participaci\u00f3n de la comunidad universitaria consisti\u00f3 en ser los intermediarios con los Reyes Magos para llevar alegr\u00eda y felicidad a los ni\u00f1os; son presentes que intentan dar cari\u00f1o a las nuevas generaciones\u201d, enfatiz\u00f3.<\/span><span data-ccp-props=\"{&quot;201341983&quot;:0,&quot;335559731&quot;:708,&quot;335559739&quot;:160,&quot;335559740&quot;:240}\">\u00a0<\/span><\/p>\n<div id=\"attachment_78874\" style=\"width: 732px\" class=\"wp-caption aligncenter\"><a href=\"https:\/\/www.uv.mx\/prensa\/files\/2020\/01\/09012020-Coatza-juguetes2.jpg\"><img aria-describedby=\"caption-attachment-78874\" decoding=\"async\" loading=\"lazy\" class=\"size-full wp-image-78874\" src=\"https:\/\/www.uv.mx\/prensa\/files\/2020\/01\/09012020-Coatza-juguetes2.jpg\" alt=\"\" width=\"722\" height=\"481\" srcset=\"https:\/\/www.uv.mx\/prensa\/files\/2020\/01\/09012020-Coatza-juguetes2.jpg 722w, https:\/\/www.uv.mx\/prensa\/files\/2020\/01\/09012020-Coatza-juguetes2-300x200.jpg 300w\" sizes=\"(max-width: 722px) 100vw, 722px\" \/><\/a><p id=\"caption-attachment-78874\" class=\"wp-caption-text\">Adem\u00e1s de juguetes hubo dulces y pi\u00f1atas<\/p><\/div>\n<p><span data-contrast=\"auto\">Durante la entrega de los juguetes en Acayucan se cont\u00f3 con la participaci\u00f3n de los acad\u00e9micos de la FISPA: <\/span><span data-contrast=\"auto\">Eduwiges<\/span><span data-contrast=\"auto\"> Gonz\u00e1lez Rodr\u00edguez<\/span><span data-contrast=\"auto\">, Marina Mart\u00ednez <\/span><span data-contrast=\"auto\">Mart\u00ednez<\/span><span data-contrast=\"auto\">, Cuauht\u00e9moc Landa Torralba y <\/span><span data-contrast=\"auto\">Guadalupe Castillo Capit\u00e1n, quienes festejaron con los ni\u00f1os ese d\u00eda tan especial para ellos.<\/span><span data-ccp-props=\"{&quot;201341983&quot;:0,&quot;335559731&quot;:708,&quot;335559739&quot;:160,&quot;335559740&quot;:240}\">\u00a0<\/span><\/p>\n<p><span data-contrast=\"auto\">Por su parte, <\/span><span data-contrast=\"auto\">Hiram Xavier Santos Gonz\u00e1lez<\/span><span data-contrast=\"auto\">, coordinador de la Casa UV en <\/span><span data-contrast=\"auto\">Uxpanapa<\/span><span data-contrast=\"auto\">, fue el encargado de entregar los regalos y agradeci\u00f3 a los alumnos y acad\u00e9micos de las facultades de <\/span><span data-contrast=\"auto\">Contadur\u00eda y Admi<\/span><span data-contrast=\"auto\">nistraci\u00f3n, Ciencias Qu\u00edmicas e I<\/span><span data-contrast=\"auto\">ngenier\u00eda, <\/span><span data-contrast=\"auto\">as\u00ed como al Sistema de Ense\u00f1anza Abierta (<\/span><span data-contrast=\"auto\">SEA<\/span><span data-contrast=\"auto\">) y a la <\/span><span data-contrast=\"auto\">Vicerrector\u00eda Coatzacoalcos<\/span><span data-contrast=\"auto\">&#8211;<\/span><span data-contrast=\"auto\">Minatitl\u00e1n<\/span><span data-contrast=\"auto\"> por la generosa donaci\u00f3n.<\/span><span data-ccp-props=\"{&quot;201341983&quot;:0,&quot;335559731&quot;:708,&quot;335559739&quot;:160,&quot;335559740&quot;:240}\">\u00a0<\/span><\/p>\n<p><span data-contrast=\"auto\">\u201cPara Uxpanapa se lograron recolectar 300 juguetes durante noviembre y diciembre destinados a tres <\/span><span data-contrast=\"auto\">centros de <\/span><span data-contrast=\"auto\">preescola<\/span><span data-contrast=\"auto\">r<\/span> <span data-contrast=\"auto\">en<\/span><span data-contrast=\"auto\"> este municipio. La celebraci\u00f3n fue organizada por la Coordinaci\u00f3n de la Casa UV y las brigadistas: Diana Edith Vargas Reyes, Sandra Graciela Antonio Palomec, <\/span><span data-contrast=\"auto\">Itzayany<\/span><span data-contrast=\"auto\"> del Carmen Ram\u00edrez Alvarado, Juana Patricia Campos Mart\u00ednez y <\/span><span data-contrast=\"auto\">Yahana<\/span><span data-contrast=\"auto\"> Jim\u00e9nez Aguilar.\u201d<\/span><span data-ccp-props=\"{&quot;201341983&quot;:0,&quot;335559731&quot;:708,&quot;335559739&quot;:160,&quot;335559740&quot;:240}\">\u00a0<\/span><\/p>\n<p><span data-contrast=\"auto\">Santos Gonz\u00e1lez agradeci\u00f3 tambi\u00e9n el apoyo del <\/span><span data-contrast=\"auto\">Ayuntamiento de <\/span><span data-contrast=\"auto\">Uxpanapa<\/span> <span data-contrast=\"auto\">por el <\/span><span data-contrast=\"auto\">traslado de los juguetes desde Coatzacoalcos a l<\/span><span data-contrast=\"auto\">a cabecera municipal; adem\u00e1s destac\u00f3 que <\/span><span data-contrast=\"auto\">Naomi <\/span><span data-contrast=\"auto\">Desire\u00e9<\/span> <span data-contrast=\"auto\">Solorzano<\/span><span data-contrast=\"auto\"> Jim\u00e9nez, <\/span><span data-contrast=\"auto\">alumna <\/span><span data-contrast=\"auto\">del C<\/span><span data-contrast=\"auto\">olegio de <\/span><span data-contrast=\"auto\">E<\/span><span data-contrast=\"auto\">studios <\/span><span data-contrast=\"auto\">C<\/span><span data-contrast=\"auto\">ient\u00edficos <\/span><span data-contrast=\"auto\">y<\/span> <span data-contrast=\"auto\">T<\/span><span data-contrast=\"auto\">ecnol\u00f3gicos del <\/span><span data-contrast=\"auto\">E<\/span><span data-contrast=\"auto\">stado de Veracruz,<\/span> <span data-contrast=\"auto\">p<\/span><span data-contrast=\"auto\">lantel <\/span><span data-contrast=\"auto\">L<\/span><span data-contrast=\"auto\">a <\/span><span data-contrast=\"auto\">L<\/span><span data-contrast=\"auto\">aguna, <\/span><span data-contrast=\"auto\">particip\u00f3 <\/span><span data-contrast=\"auto\">en la distrib<\/span><span data-contrast=\"auto\">uci\u00f3n y entrega de los juguetes.<\/span><span data-ccp-props=\"{&quot;201341983&quot;:0,&quot;335559731&quot;:708,&quot;335559739&quot;:160,&quot;335559740&quot;:240}\">\u00a0<\/span><\/p>\n<div id=\"attachment_78875\" style=\"width: 732px\" class=\"wp-caption aligncenter\"><a href=\"https:\/\/www.uv.mx\/prensa\/files\/2020\/01\/09012020-Coatza-juguetes3.jpg\"><img aria-describedby=\"caption-attachment-78875\" decoding=\"async\" loading=\"lazy\" class=\"size-full wp-image-78875\" src=\"https:\/\/www.uv.mx\/prensa\/files\/2020\/01\/09012020-Coatza-juguetes3.jpg\" alt=\"\" width=\"722\" height=\"542\" srcset=\"https:\/\/www.uv.mx\/prensa\/files\/2020\/01\/09012020-Coatza-juguetes3.jpg 722w, https:\/\/www.uv.mx\/prensa\/files\/2020\/01\/09012020-Coatza-juguetes3-300x225.jpg 300w\" sizes=\"(max-width: 722px) 100vw, 722px\" \/><\/a><p id=\"caption-attachment-78875\" class=\"wp-caption-text\">Alumnos del Preescolar \u201cMar\u00eda Montessori\u201d<\/p><\/div>\n","protected":false},"excerpt":{"rendered":"<p>Los beneficiados fueron 380 alumnos de nivel preescolar de Tecuanapa y la Colonia Agr\u00edcola Michapan, en el municipio de Acayucan, y de La Chinantla, en el municipio de Uxpanapa<\/p>\n","protected":false},"author":1508,"featured_media":78873,"comment_status":"closed","ping_status":"closed","sticky":false,"template":"","format":"standard","meta":[],"categories":[52,61],"tags":[],"_links":{"self":[{"href":"https:\/\/www.uv.mx\/prensa\/wp-json\/wp\/v2\/posts\/78877"}],"collection":[{"href":"https:\/\/www.uv.mx\/prensa\/wp-json\/wp\/v2\/posts"}],"about":[{"href":"https:\/\/www.uv.mx\/prensa\/wp-json\/wp\/v2\/types\/post"}],"author":[{"embeddable":true,"href":"https:\/\/www.uv.mx\/prensa\/wp-json\/wp\/v2\/users\/1508"}],"replies":[{"embeddable":true,"href":"https:\/\/www.uv.mx\/prensa\/wp-json\/wp\/v2\/comments?post=78877"}],"version-history":[{"count":0,"href":"https:\/\/www.uv.mx\/prensa\/wp-json\/wp\/v2\/posts\/78877\/revisions"}],"wp:featuredmedia":[{"embeddable":true,"href":"https:\/\/www.uv.mx\/prensa\/wp-json\/wp\/v2\/media\/78873"}],"wp:attachment":[{"href":"https:\/\/www.uv.mx\/prensa\/wp-json\/wp\/v2\/media?parent=78877"}],"wp:term":[{"taxonomy":"category","embeddable":true,"href":"https:\/\/www.uv.mx\/prensa\/wp-json\/wp\/v2\/categories?post=78877"},{"taxonomy":"post_tag","embeddable":true,"href":"https:\/\/www.uv.mx\/prensa\/wp-json\/wp\/v2\/tags?post=78877"}],"curies":[{"name":"wp","href":"https:\/\/api.w.org\/{rel}","templated":true}]}}