{"id":78892,"date":"2020-01-10T08:00:52","date_gmt":"2020-01-10T14:00:52","guid":{"rendered":"https:\/\/www.uv.mx\/prensa\/?p=78892"},"modified":"2020-01-13T14:19:05","modified_gmt":"2020-01-13T20:19:05","slug":"egresada-de-historia-analizo-imagen-del-mapa-de-nuremberg-de-1524","status":"publish","type":"post","link":"https:\/\/www.uv.mx\/prensa\/banner\/egresada-de-historia-analizo-imagen-del-mapa-de-nuremberg-de-1524\/","title":{"rendered":"Egresada de Historia analiz\u00f3 imagen del mapa de N\u00fcremberg de 1524"},"content":{"rendered":"<ul>\n<li data-leveltext=\"\uf0b7\" data-font=\"Symbol\" data-listid=\"1\" data-aria-posinset=\"1\" data-aria-level=\"1\"><i><span data-contrast=\"auto\">La universitaria dijo que siempre tuvo un inter\u00e9s por el estudio de la historia, especialmente por el periodo conocido como <\/span><\/i><i><span data-contrast=\"auto\">L<\/span><\/i><i><span data-contrast=\"auto\">a Conquista<\/span><\/i><span data-ccp-props=\"{&quot;134233279&quot;:true}\">\u00a0<\/span><\/li>\n<li data-leveltext=\"\uf0b7\" data-font=\"Symbol\" data-listid=\"1\" data-aria-posinset=\"2\" data-aria-level=\"1\"><i><span data-contrast=\"auto\">Realiz\u00f3 el an\u00e1lisis de imagen <\/span><\/i><i><span data-contrast=\"auto\">de dicho documento cartogr\u00e1fico<\/span><\/i><span data-ccp-props=\"{&quot;134233279&quot;:true}\">\u00a0<\/span><\/li>\n<\/ul>\n<div id=\"attachment_78804\" style=\"width: 732px\" class=\"wp-caption aligncenter\"><a href=\"https:\/\/www.uv.mx\/prensa\/files\/2020\/01\/070120-PAOLA-Fabiola-Ferman-1.jpg\"><img aria-describedby=\"caption-attachment-78804\" decoding=\"async\" loading=\"lazy\" class=\"size-full wp-image-78804\" src=\"https:\/\/www.uv.mx\/prensa\/files\/2020\/01\/070120-PAOLA-Fabiola-Ferman-1.jpg\" alt=\"\" width=\"722\" height=\"481\" srcset=\"https:\/\/www.uv.mx\/prensa\/files\/2020\/01\/070120-PAOLA-Fabiola-Ferman-1.jpg 722w, https:\/\/www.uv.mx\/prensa\/files\/2020\/01\/070120-PAOLA-Fabiola-Ferman-1-300x200.jpg 300w\" sizes=\"(max-width: 722px) 100vw, 722px\" \/><\/a><p id=\"caption-attachment-78804\" class=\"wp-caption-text\">Fabiola Ferman gan\u00f3 el Premio \u201cArte, Ciencia, Luz\u201d<\/p><\/div>\n<p><b><i><span data-contrast=\"auto\">Paola Cort\u00e9s P\u00e9rez<\/span><\/i><\/b><span data-ccp-props=\"{}\">\u00a0<\/span><\/p>\n<p><b><i><span data-contrast=\"auto\">10\/01\/2020, Xalapa, Ver.-<\/span><\/i><\/b><span data-contrast=\"auto\"> Fabiola Ferman Cruz, egresada de la <a href=\"https:\/\/www.uv.mx\/historia\/\" target=\"_blank\" rel=\"noopener noreferrer\">Facultad de Historia<\/a> de la Universidad Veracruzana (UV), gan\u00f3 el Premio \u201cArte, Ciencia, Luz\u201d 2019<\/span><span data-contrast=\"auto\"> (PACL)<\/span><span data-contrast=\"auto\">, en la categor\u00eda de Licenciatura <\/span><span data-contrast=\"auto\">del \u00c1rea Acad\u00e9mica de Humanidades<\/span><span data-contrast=\"auto\">, por su tesis en la que hizo un an\u00e1lisis de<\/span><span data-contrast=\"auto\"> la<\/span> <span data-contrast=\"auto\">imagen del <\/span><span data-contrast=\"auto\">m<\/span><span data-contrast=\"auto\">apa de <\/span><span data-contrast=\"auto\">N\u00fcremberg<\/span><span data-contrast=\"auto\"> de 1524.<\/span><span data-ccp-props=\"{}\">\u00a0<\/span><\/p>\n<p><span data-contrast=\"auto\">La tesis intitulada \u201cEl <\/span><span data-contrast=\"auto\">m<\/span><span data-contrast=\"auto\">apa de N\u00fcremberg de 1524: un acercamiento a la visi\u00f3n espa\u00f1ola de M\u00e9xico-Tenochtitl\u00e1n\u201d, fue dirigida por el acad\u00e9mico<\/span><span data-contrast=\"auto\"> Jes\u00fas Javier Bonilla Palmeros.<\/span><span data-ccp-props=\"{&quot;335559731&quot;:708}\">\u00a0<\/span><\/p>\n<p><span data-contrast=\"auto\">En entrevista para <\/span><i><span data-contrast=\"auto\">Universo<\/span><\/i><span data-contrast=\"auto\">, <\/span><span data-contrast=\"auto\">Ferman Cruz dijo que particip\u00f3 gracias a que fue animada por su tutora, la profesora Ana Mar\u00eda Garc\u00eda <\/span><span data-contrast=\"auto\">del Socorro, <\/span><span data-contrast=\"auto\">quien consider\u00f3 <\/span><span data-contrast=\"auto\">que <\/span><span data-contrast=\"auto\">deb<\/span><span data-contrast=\"auto\">\u00eda<\/span><span data-contrast=\"auto\"> dar a conocer la investigaci\u00f3n por<\/span> <span data-contrast=\"auto\">la relevante aportaci\u00f3n que hace<\/span><span data-contrast=\"auto\"> a la disciplina<\/span><span data-contrast=\"auto\">.<\/span><span data-ccp-props=\"{&quot;335559731&quot;:708}\">\u00a0<\/span><\/p>\n<p><span data-contrast=\"auto\">\u201cElla siempre me anim\u00f3 a que mostrara mi <\/span><span data-contrast=\"auto\">investigaci\u00f3n <\/span><span data-contrast=\"auto\">porque es muy importante para nuestro \u00e1mbito, <\/span><span data-contrast=\"auto\">es algo inusual<\/span><span data-contrast=\"auto\"> por la temporalidad (siglo XVI) y el tipo de trabajo realizado (an\u00e1lisis de la imagen).\u201d<\/span><span data-ccp-props=\"{&quot;335559731&quot;:708}\">\u00a0<\/span><\/p>\n<p><span data-contrast=\"auto\">Con respecto al PACL, <\/span><span data-contrast=\"auto\">cont\u00f3 que se enter\u00f3 de los resultados mientras volv\u00eda de su trabajo<\/span><span data-contrast=\"auto\"> en la C<\/span><span data-contrast=\"auto\">iudad de M\u00e9xico<\/span><span data-contrast=\"auto\">, revis\u00f3 la p\u00e1gina <\/span><i><span data-contrast=\"auto\">web<\/span><\/i><span data-contrast=\"auto\"> de la UV <\/span><span data-contrast=\"auto\">y se encontr\u00f3 con la magn\u00edfica noticia que era un<\/span><span data-contrast=\"auto\">a<\/span><span data-contrast=\"auto\"> de los ganadores.<\/span><span data-ccp-props=\"{&quot;335559731&quot;:708}\">\u00a0<\/span><\/p>\n<p><span data-contrast=\"auto\">El premio, expres\u00f3, le dio una gran satisfacci\u00f3n <\/span><span data-contrast=\"auto\">pues con \u00e9l le<\/span><span data-contrast=\"auto\"> fue reconocida <\/span><span data-contrast=\"auto\">su<\/span><span data-contrast=\"auto\"> pasi\u00f3n por la historia y las ganas por desarrollar investigaci\u00f3n, representa un impulso para continuar con su formaci\u00f3n acad\u00e9mica.<\/span><span data-ccp-props=\"{&quot;335559731&quot;:708}\">\u00a0<\/span><\/p>\n<p><span data-contrast=\"auto\">\u201cEs magn\u00edfico que la Universidad reconozca el esfuerzo, la dedicaci\u00f3n y el coraje <\/span><span data-contrast=\"auto\">de<\/span><span data-contrast=\"auto\"> sus estudiantes para emprender una investigaci\u00f3n, y que se nos reconozca en el \u00e1mbito acad\u00e9mico. Esto nos impulsa a seguir, es un aliciente para nuestra vida personal y acad\u00e9mica, es un reconocimiento a todo<\/span><span data-contrast=\"auto\">s<\/span><span data-contrast=\"auto\"> nuestros esfuerzos.<\/span><span data-contrast=\"auto\">\u201d<\/span><span data-ccp-props=\"{&quot;335559731&quot;:708}\">\u00a0<\/span><\/p>\n<div id=\"attachment_78805\" style=\"width: 732px\" class=\"wp-caption aligncenter\"><a href=\"https:\/\/www.uv.mx\/prensa\/files\/2020\/01\/070120-PAOLA-Fabiola-Ferman-2.jpg\"><img aria-describedby=\"caption-attachment-78805\" decoding=\"async\" loading=\"lazy\" class=\"size-full wp-image-78805\" src=\"https:\/\/www.uv.mx\/prensa\/files\/2020\/01\/070120-PAOLA-Fabiola-Ferman-2.jpg\" alt=\"\" width=\"722\" height=\"460\" srcset=\"https:\/\/www.uv.mx\/prensa\/files\/2020\/01\/070120-PAOLA-Fabiola-Ferman-2.jpg 722w, https:\/\/www.uv.mx\/prensa\/files\/2020\/01\/070120-PAOLA-Fabiola-Ferman-2-300x191.jpg 300w\" sizes=\"(max-width: 722px) 100vw, 722px\" \/><\/a><p id=\"caption-attachment-78805\" class=\"wp-caption-text\">El mapa de N\u00fcremberg fue publicado en lat\u00edn en Alemania, junto con la segunda carta de relaci\u00f3n de Hern\u00e1ndez Cort\u00e9s<\/p><\/div>\n<p><b><span data-contrast=\"auto\">El m<\/span><\/b><b><span data-contrast=\"auto\">apa de <\/span><\/b><b><span data-contrast=\"auto\">N\u00fcremberg<\/span><\/b><span data-ccp-props=\"{}\">\u00a0<\/span><\/p>\n<p><span data-contrast=\"auto\">Fabiola Ferman dijo que siempre ha tenido un inter\u00e9s y pasi\u00f3n por la historia, especialmente por el periodo denominado <\/span><span data-contrast=\"auto\">L<\/span><span data-contrast=\"auto\">a Conquista, por ello quiso ingresar a la Facultad de Historia.<\/span><span data-ccp-props=\"{}\">\u00a0<\/span><\/p>\n<p><span data-contrast=\"auto\">\u201cDesde muy peque\u00f1a tuve un inter\u00e9s por la historia, impulsada por mis padres que me compraban libros de las antiguas civilizaciones para que los leyera; crec\u00ed y mi panorama sobre esta disciplina se ampli\u00f3.<\/span><span data-ccp-props=\"{&quot;335559731&quot;:708}\">\u00a0<\/span><\/p>\n<p><span data-contrast=\"auto\">\u201d<\/span><span data-contrast=\"auto\">Cuando<\/span><span data-contrast=\"auto\"> deb\u00eda decidir qu\u00e9 carrera estudiar, mi hermano me llev\u00f3 al Museo Nacional de Antropolog\u00eda y al estar en la sala \u2018Teotihuac\u00e1n\u2019 supe que quer\u00eda estudiar la historia prehisp\u00e1nica.\u201d<\/span><span data-ccp-props=\"{&quot;335559731&quot;:708}\">\u00a0<\/span><\/p>\n<p><span data-contrast=\"auto\">Narr\u00f3 que desde su ingreso a la entidad acad\u00e9mica se dedic\u00f3 a buscar y definir alguna tem\u00e1tica relacionada con el siglo XVI. <\/span><span data-contrast=\"none\">Llegado el momento de escoger el tema de su trabajo <\/span><span data-contrast=\"none\">recepcional<\/span><span data-contrast=\"none\">, lo \u00fanico que ten\u00eda claro es que le gustar\u00eda i<\/span><span data-contrast=\"none\">nvestigar<\/span><span data-contrast=\"none\"> alg\u00fan documento referente a la \u00e9poca prehisp\u00e1nica y que fuera sobre los mexicas.<\/span><span data-ccp-props=\"{&quot;335559731&quot;:708}\">\u00a0<\/span><\/p>\n<p><span data-contrast=\"auto\">\u201cCuando entr\u00e9 a la carrera hubo muchos profesores que me inspiraron, quien sin duda marco mi desarrollo en la Universidad fue el profesor Jes\u00fas Bonilla Palmeros (mi director de tesis), ense\u00f1\u00e1ndome que los documentos en su contexto \u2013adem\u00e1s del dato arqueol\u00f3gico y etnogr\u00e1fico\u2013 son parte de un estudio integral.\u201d<\/span><span data-ccp-props=\"{&quot;335559731&quot;:708}\">\u00a0<\/span><\/p>\n<p><span data-contrast=\"auto\">\u201cLos historiadores somos especialistas en los documentos, me di a la tarea de buscar cu\u00e1les podr\u00edan hablarme de este proceso\u201d, as\u00ed que realiz\u00f3 diversas lecturas y una de ellas hablaba sobre el mapa de <\/span><span data-contrast=\"auto\">N\u00fcremberg<\/span><span data-contrast=\"auto\">, <\/span><span data-contrast=\"auto\">\u00fanica cartograf\u00eda existente <\/span><span data-contrast=\"auto\">q<\/span><span data-contrast=\"auto\">ue plasma a la ciudad de M\u00e9xico-Tenochtitl\u00e1n antes de que fuera tomada por los espa\u00f1oles en 1521.<\/span><span data-ccp-props=\"{&quot;335559731&quot;:708}\">\u00a0<\/span><\/p>\n<p><span data-contrast=\"auto\">\u201cEn alguna ocasi\u00f3n le\u00ed que el arque\u00f3logo Eduardo Matos Moctezuma hablaba de un mapa sobre M\u00e9xico-Tenochtitl\u00e1n, el cual es llamado mapa de N\u00fcremberg, situaci\u00f3n que llam\u00f3 mi atenci\u00f3n, por qu\u00e9 un mapa que representa a una ciudad <\/span><span data-contrast=\"auto\">mesoamericana fue nombrado as\u00ed<\/span><span data-contrast=\"auto\">.<\/span><span data-contrast=\"auto\">\u201d<\/span><span data-ccp-props=\"{&quot;335559731&quot;:708}\">\u00a0<\/span><\/p>\n<p><span data-contrast=\"auto\">S<\/span><span data-contrast=\"auto\">e trata de un <\/span><span data-contrast=\"auto\">documento<\/span><span data-contrast=\"auto\"> \u00fanico en su especie<\/span><span data-contrast=\"auto\">,<\/span><span data-contrast=\"auto\"> por ello decidi\u00f3 desarrollar<\/span><span data-contrast=\"auto\"> su tesis sobre el mismo<\/span><span data-contrast=\"auto\">; se enfoc\u00f3 en hacer un an\u00e1lisis de la imagen que diera una perspectiva integral sobre <\/span><span data-contrast=\"auto\">el<\/span><span data-contrast=\"auto\"> documento, abordar la historiograf\u00eda, lo que se ha investigado sobre \u00e9l y mostrar las representaciones entendidas desde la cosmovisi\u00f3n de los pueblos originarios y la visi\u00f3n de los espa\u00f1oles.<\/span><span data-ccp-props=\"{&quot;335559731&quot;:708}\">\u00a0<\/span><\/p>\n<p><span data-contrast=\"auto\">Destac\u00f3 que este documento cartogr\u00e1fico <\/span><span data-contrast=\"auto\">generado por<\/span><span data-contrast=\"auto\"> manos europeas, <\/span><span data-contrast=\"auto\">que <\/span><span data-contrast=\"auto\">habla de un espacio de tradici\u00f3n mesoamericana, resulta muy interesante de investigar, por ello lo tom\u00f3 como tema <\/span><span data-contrast=\"auto\">para <\/span><span data-contrast=\"auto\">su tesis de licenciatura.<\/span><span data-ccp-props=\"{&quot;335559731&quot;:708}\">\u00a0<\/span><\/p>\n<p><span data-contrast=\"auto\">Esta cartograf\u00eda, mencion\u00f3, fue enviada a Espa\u00f1a, espec\u00edficamente al rey Carlos V, junto con la segunda carta de relaci\u00f3n de Hern\u00e1n Cort\u00e9s, alrededor de 1520, sin embargo pasar\u00edan algunos a\u00f1os sin saber de su paradero.<\/span><span data-ccp-props=\"{&quot;335559731&quot;:708}\">\u00a0<\/span><\/p>\n<p><span data-contrast=\"auto\">Mencion\u00f3 que en N\u00fcremberg empezaron a publicar las cartas de relaci\u00f3n de Hern\u00e1n Cort<\/span><span data-contrast=\"auto\">\u00e9<\/span><span data-contrast=\"auto\">s; un editor de la ciudad alemana public\u00f3 el mapa por primera vez en una edici\u00f3n en lat\u00edn, junto con la segunda carta de relaci\u00f3n de Hern\u00e1n Cort\u00e9s, de ah\u00ed que esta cartograf\u00eda lleve el nombre de este poblado.<\/span><span data-ccp-props=\"{&quot;335559731&quot;:708}\">\u00a0<\/span><\/p>\n<p><span data-contrast=\"auto\">Lo interesante de analizar la imagen es observar la fusi\u00f3n de la<\/span><span data-contrast=\"auto\">s<\/span><span data-contrast=\"auto\"> tradici<\/span><span data-contrast=\"auto\">ones <\/span><span data-contrast=\"auto\">europea y mesoamericana. \u201cEn la tesis propongo que se <\/span><span data-contrast=\"auto\">trata de un mapa totalmente europeo, basado en alg\u00fan mapa que les fue mostrado de la tradici\u00f3n mesoamericana, as\u00ed lo demuestran ciertos elementos \u2013muy exactos\u2013 en cuanto a los espacios, disposiciones y conocimiento sobre c\u00f3mo estaba ordenada la ciudad<\/span> <span data-contrast=\"auto\">espacialmente.<\/span><span data-ccp-props=\"{&quot;335559731&quot;:708}\">\u00a0<\/span><\/p>\n<p><span data-contrast=\"auto\">\u201dAunque todos los dibujos son representaciones europeizadas, no creo que los europeos hayan sido capaces de tener tanta precisi\u00f3n espacial para elaborar un mapa \u2013desde cero\u2013 sobre la cuenca de M\u00e9xico, ya que el mapa no s\u00f3lo muestra a M\u00e9xico-Tenochtitl\u00e1n, tambi\u00e9n sus alrededores y las poblaciones m\u00e1s importantes.\u201d<\/span><span data-ccp-props=\"{&quot;335559731&quot;:708}\">\u00a0<\/span><\/p>\n<p><span data-contrast=\"auto\">Las ciudades que se muestran, destac\u00f3, no son las m\u00e1s cercanas a la ciudad mexica, sino las m\u00e1s relevantes al momento de la llegada de los espa\u00f1oles a territorio mesoamericano.<\/span><span data-ccp-props=\"{&quot;335559731&quot;:708}\">\u00a0<\/span><\/p>\n<p><span data-contrast=\"auto\">Actualmente este documento est\u00e1 resguardado en tres partes del mundo: en la biblioteca de la Universidad Sorbona Nueva Par\u00eds 3, Francia; en la biblioteca de New Barrie, Estados Unidos, y en M\u00e9xico, bajo la responsabilidad de Fomento Cultural <\/span><i><span data-contrast=\"auto\">Banamex<\/span><\/i><span data-contrast=\"auto\">.<\/span><span data-ccp-props=\"{&quot;335559731&quot;:708}\">\u00a0<\/span><\/p>\n","protected":false},"excerpt":{"rendered":"<p>Con esta investigaci\u00f3n, Fabiola Ferman Cruz gan\u00f3 el Premio \u201cArte, Ciencia, Luz\u201d 2019, en la categor\u00eda de Licenciatura del \u00c1rea Acad\u00e9mica de Humanidades <\/p>\n","protected":false},"author":1508,"featured_media":78893,"comment_status":"closed","ping_status":"closed","sticky":false,"template":"","format":"standard","meta":[],"categories":[61],"tags":[],"_links":{"self":[{"href":"https:\/\/www.uv.mx\/prensa\/wp-json\/wp\/v2\/posts\/78892"}],"collection":[{"href":"https:\/\/www.uv.mx\/prensa\/wp-json\/wp\/v2\/posts"}],"about":[{"href":"https:\/\/www.uv.mx\/prensa\/wp-json\/wp\/v2\/types\/post"}],"author":[{"embeddable":true,"href":"https:\/\/www.uv.mx\/prensa\/wp-json\/wp\/v2\/users\/1508"}],"replies":[{"embeddable":true,"href":"https:\/\/www.uv.mx\/prensa\/wp-json\/wp\/v2\/comments?post=78892"}],"version-history":[{"count":0,"href":"https:\/\/www.uv.mx\/prensa\/wp-json\/wp\/v2\/posts\/78892\/revisions"}],"wp:featuredmedia":[{"embeddable":true,"href":"https:\/\/www.uv.mx\/prensa\/wp-json\/wp\/v2\/media\/78893"}],"wp:attachment":[{"href":"https:\/\/www.uv.mx\/prensa\/wp-json\/wp\/v2\/media?parent=78892"}],"wp:term":[{"taxonomy":"category","embeddable":true,"href":"https:\/\/www.uv.mx\/prensa\/wp-json\/wp\/v2\/categories?post=78892"},{"taxonomy":"post_tag","embeddable":true,"href":"https:\/\/www.uv.mx\/prensa\/wp-json\/wp\/v2\/tags?post=78892"}],"curies":[{"name":"wp","href":"https:\/\/api.w.org\/{rel}","templated":true}]}}