{"id":79687,"date":"2020-01-28T11:45:11","date_gmt":"2020-01-28T17:45:11","guid":{"rendered":"https:\/\/www.uv.mx\/prensa\/?p=79687"},"modified":"2020-01-28T14:41:12","modified_gmt":"2020-01-28T20:41:12","slug":"academicos-del-inbioteca-coordinaron-libro-sobre-mosca-de-la-fruta","status":"publish","type":"post","link":"https:\/\/www.uv.mx\/prensa\/ciencia\/academicos-del-inbioteca-coordinaron-libro-sobre-mosca-de-la-fruta\/","title":{"rendered":"Acad\u00e9micos del <em>Inbioteca<\/em> coordinaron libro sobre mosca de la fruta"},"content":{"rendered":"<ul>\n<li data-leveltext=\"\uf0b7\" data-font=\"Symbol\" data-listid=\"1\" data-aria-posinset=\"1\" data-aria-level=\"1\"><i><span data-contrast=\"auto\">Contribuyero<\/span><\/i><i><span data-contrast=\"auto\">n 126 cient\u00edficos del mundo dedicados al<\/span><\/i><i><span data-contrast=\"auto\"> tema<\/span><\/i><span data-ccp-props=\"{&quot;134233279&quot;:true,&quot;201341983&quot;:0,&quot;335559739&quot;:160,&quot;335559740&quot;:240}\">\u00a0<\/span><\/li>\n<li data-leveltext=\"\uf0b7\" data-font=\"Symbol\" data-listid=\"1\" data-aria-posinset=\"2\" data-aria-level=\"1\"><i><span data-contrast=\"auto\">Aborda<\/span><\/i><i><span data-contrast=\"auto\"> los grandes programas que se han manejado en otros pa\u00edses, as\u00ed como m\u00e9todos de control biol\u00f3gic <\/span><\/i><\/li>\n<\/ul>\n<div id=\"attachment_79692\" style=\"width: 732px\" class=\"wp-caption aligncenter\"><a href=\"https:\/\/www.uv.mx\/prensa\/files\/2020\/01\/280120-Mosca-de-la-fruta-2.jpg\"><img aria-describedby=\"caption-attachment-79692\" decoding=\"async\" loading=\"lazy\" class=\"size-full wp-image-79692\" src=\"https:\/\/www.uv.mx\/prensa\/files\/2020\/01\/280120-Mosca-de-la-fruta-2.jpg\" alt=\"\" width=\"722\" height=\"481\" srcset=\"https:\/\/www.uv.mx\/prensa\/files\/2020\/01\/280120-Mosca-de-la-fruta-2.jpg 722w, https:\/\/www.uv.mx\/prensa\/files\/2020\/01\/280120-Mosca-de-la-fruta-2-300x200.jpg 300w\" sizes=\"(max-width: 722px) 100vw, 722px\" \/><\/a><p id=\"caption-attachment-79692\" class=\"wp-caption-text\">Diana P\u00e9rez Staples y Francisco D\u00edaz Fleischer<\/p><\/div>\n<p><b><i><span data-contrast=\"auto\">Karina de la Paz Reyes D\u00edaz<\/span><\/i><\/b><span data-ccp-props=\"{&quot;134233279&quot;:true,&quot;201341983&quot;:0,&quot;335559739&quot;:160,&quot;335559740&quot;:240}\">\u00a0<\/span><\/p>\n<p><b><i><span data-contrast=\"auto\">28\/01\/2020, Xalapa, Ver<\/span><\/i><\/b><span data-contrast=\"auto\">.- <\/span><span data-contrast=\"auto\">Diana <\/span><span data-contrast=\"auto\">P\u00e9rez<\/span><span data-contrast=\"auto\"> Staples y Francisco D\u00edaz <\/span><span data-contrast=\"auto\">Fleischer<\/span><span data-contrast=\"auto\">, acad\u00e9micos <\/span><span data-contrast=\"auto\">del <\/span><span data-contrast=\"auto\">I<a href=\"https:\/\/www.uv.mx\/inbioteca\/\" target=\"_blank\" rel=\"noopener noreferrer\">nstituto de Biotecnolog\u00ed<\/a><\/span><span data-contrast=\"auto\">a y Ecolog\u00eda Aplicada (<\/span><i><span data-contrast=\"auto\">Inbioteca<\/span><\/i><span data-contrast=\"auto\">)<\/span><span data-contrast=\"auto\"> de la Universidad Veracruzana (UV)<\/span><span data-contrast=\"auto\">,<\/span> <span data-contrast=\"auto\">coordinaron<\/span><span data-contrast=\"auto\"> el libro <\/span><i><span data-contrast=\"auto\">Area<\/span><\/i><i><span data-contrast=\"auto\">-Wide Management <\/span><\/i><i><span data-contrast=\"auto\">of<\/span><\/i> <i><span data-contrast=\"auto\">Fruit<\/span><\/i> <i><span data-contrast=\"auto\">Fly<\/span><\/i> <i><span data-contrast=\"auto\">Pests<\/span><\/i><span data-contrast=\"auto\">, que circula bajo el sello editorial <\/span><span data-contrast=\"auto\">CRC <\/span><span data-contrast=\"auto\">Press<\/span> <span data-contrast=\"auto\">en versi\u00f3n impresa o virtual <\/span><span data-contrast=\"auto\">de <a href=\"https:\/\/bit.ly\/2U73Pax\" target=\"_blank\" rel=\"noopener noreferrer\">acceso libre<\/a>.<\/span><\/p>\n<p><span data-contrast=\"auto\">Los cient\u00edficos Pablo Montoya y<\/span> <span data-contrast=\"auto\">Mar\u00eda<\/span><span data-contrast=\"auto\"> Teresa Vera tambi\u00e9n participaron en la coordinaci\u00f3n de la obra,<\/span><span data-contrast=\"auto\"> producto del<\/span> <span data-contrast=\"auto\">10<\/span><span data-contrast=\"auto\">\u00ba <\/span><span data-contrast=\"auto\">Simposio Internacional sobre Moscas de la Fruta de Importancia Econ\u00f3mica<\/span><span data-contrast=\"auto\">, que se desarroll\u00f3 en<\/span><span data-contrast=\"auto\"> abril de 2018<\/span><span data-contrast=\"auto\"> en<\/span><span data-contrast=\"auto\"> Tapachula, Chiapas.<\/span><span data-ccp-props=\"{&quot;134233279&quot;:true,&quot;201341983&quot;:0,&quot;335559739&quot;:160,&quot;335559740&quot;:240}\">\u00a0<\/span><\/p>\n<p><i><span data-contrast=\"auto\">Area<\/span><\/i><i><span data-contrast=\"auto\">-Wide Management of <\/span><\/i><i><span data-contrast=\"auto\">Fruit<\/span><\/i> <i><span data-contrast=\"auto\">Fly<\/span><\/i> <i><span data-contrast=\"auto\">Pests<\/span><\/i><span data-contrast=\"auto\"> est\u00e1 <\/span><span data-contrast=\"auto\">conformado<\/span><span data-contrast=\"auto\"> por 31 cap\u00edtulos<\/span><span data-contrast=\"auto\">, <\/span><span data-contrast=\"auto\">cada uno de ellos arbitrado<\/span><span data-contrast=\"auto\"> por al menos dos expertos<\/span><span data-contrast=\"auto\">, en los que participaron 126 autores <\/span><span data-contrast=\"auto\">de todas partes del mundo<\/span><span data-contrast=\"auto\">, <\/span><span data-contrast=\"auto\">donde hay <\/span><span data-contrast=\"auto\">presencia de moscas de la fruta, coment\u00f3 <\/span><span data-contrast=\"auto\">P\u00e9rez Staples<\/span><span data-contrast=\"auto\">.<\/span><span data-ccp-props=\"{&quot;134233279&quot;:true,&quot;201341983&quot;:0,&quot;335559739&quot;:160,&quot;335559740&quot;:240}\">\u00a0<\/span><\/p>\n<p><span data-contrast=\"auto\">Abarca temas de <\/span><span data-contrast=\"auto\">biolog\u00eda, ecolog\u00eda, fisiolog\u00eda, comportamiento, taxonom\u00eda y morfolog\u00eda de las moscas de la fruta; <\/span><span data-contrast=\"auto\">trabajos exitosos de programas operativos en pa\u00edses como Brasil y Tailandia<\/span><span data-contrast=\"auto\">, as\u00ed como <\/span><span data-contrast=\"auto\">propuestas de <\/span><span data-contrast=\"auto\">metodolog\u00edas <\/span><span data-contrast=\"auto\">de cuarentenas, control biol\u00f3gico, incluso aspectos sociales y econ\u00f3micos relacionados con el tema.<\/span><span data-ccp-props=\"{&quot;134233279&quot;:true,&quot;201341983&quot;:0,&quot;335559739&quot;:160,&quot;335559740&quot;:240}\">\u00a0<\/span><\/p>\n<p><span data-contrast=\"auto\">\u201cIncluye una gama desde los estudios b\u00e1sicos hasta la parte aplicada\u201d, <\/span><span data-contrast=\"auto\">subray\u00f3 <\/span><span data-contrast=\"auto\">D\u00ed<\/span><span data-contrast=\"auto\">az <\/span><span data-contrast=\"auto\">Fleischer<\/span><span data-contrast=\"auto\">.<\/span><span data-contrast=\"auto\"> \u201cLas moscas de la fruta son una de las principales <\/span><span data-contrast=\"auto\">pla<\/span><span data-contrast=\"auto\">gas <\/span><span data-contrast=\"auto\">de los cultivos frutales. Su importancia est\u00e1 en que ataca un producto terminado que est\u00e1 en condiciones de madurez para ser cortado, a diferencia de otras; adem\u00e1s, eso implica el riesgo d<\/span><span data-contrast=\"auto\">e diseminarse en otros pa\u00edses.\u201d<\/span><span data-ccp-props=\"{&quot;134233279&quot;:true,&quot;201341983&quot;:0,&quot;335559739&quot;:160,&quot;335559740&quot;:240}\">\u00a0<\/span><\/p>\n<p><span data-contrast=\"auto\">En el libro se abordan los grandes programas que se ha<\/span><span data-contrast=\"auto\">n manejado en otros pa\u00edses, as\u00ed como <\/span><span data-contrast=\"auto\">m\u00e9todos de control biol\u00f3gico<\/span><span data-contrast=\"auto\">, como la llamada<\/span><span data-contrast=\"auto\"> t\u00e9cnica<\/span><span data-contrast=\"auto\"> del insecto est\u00e9ril<\/span><span data-contrast=\"auto\">, <\/span><span data-contrast=\"auto\">amigable con el ambiente,<\/span><span data-contrast=\"auto\">\u00a0 que representa una fuente de empleo y <\/span><span data-contrast=\"auto\">requiere la<\/span><span data-contrast=\"auto\"> conjunci\u00f3n de conocimientos para hacerla efectiva.<\/span><span data-ccp-props=\"{&quot;134233279&quot;:true,&quot;201341983&quot;:0,&quot;335559739&quot;:160,&quot;335559740&quot;:240}\">\u00a0<\/span><\/p>\n<p><span data-contrast=\"auto\">El t\u00edtulo, <\/span><i><span data-contrast=\"auto\">Area<\/span><\/i><i><span data-contrast=\"auto\">-Wide Management of <\/span><\/i><i><span data-contrast=\"auto\">Fruit<\/span><\/i> <i><span data-contrast=\"auto\">Fly<\/span><\/i> <i><span data-contrast=\"auto\">Pests<\/span><\/i><span data-contrast=\"auto\">, se refiere a que el combate de la mosca de la fruta se haga a <\/span><span data-contrast=\"auto\">un<\/span><span data-contrast=\"auto\"> nivel <\/span><span data-contrast=\"auto\">amplio<\/span><span data-contrast=\"auto\"> y no a nivel de huerta. \u201cHay que integrar a la <\/span><span data-contrast=\"auto\">sociedad y<\/span><span data-contrast=\"auto\"> a todos los productores de una zona, para de esa forma reducir la poblaci\u00f3n de esos insectos\u201d, remarc\u00f3 el cient\u00edfico del <\/span><i><span data-contrast=\"auto\">Inbioteca<\/span><\/i><span data-contrast=\"auto\">.<\/span><span data-ccp-props=\"{&quot;134233279&quot;:true,&quot;201341983&quot;:0,&quot;335559739&quot;:160,&quot;335559740&quot;:240}\">\u00a0<\/span><\/p>\n<p><span data-contrast=\"auto\">El libro <\/span><span data-contrast=\"auto\">de 440 p\u00e1ginas <\/span><span data-contrast=\"auto\">est\u00e1 escrito<\/span><span data-contrast=\"auto\"> totalmente en ingl\u00e9s, toda vez que se trata de un problema mundial, pero en un nivel de f\u00e1cil comprensi\u00f3n<\/span><span data-contrast=\"auto\">, aclararon los entrevistados.<\/span><span data-ccp-props=\"{&quot;134233279&quot;:true,&quot;201341983&quot;:0,&quot;335559739&quot;:160,&quot;335559740&quot;:240}\">\u00a0<\/span><\/p>\n<p><span data-contrast=\"auto\">La <\/span><span data-contrast=\"auto\">versi\u00f3n impresa <\/span><span data-contrast=\"auto\">fue donada<\/span><span data-contrast=\"auto\"> a la Unidad de Servicios Bibliotecarios y de Informaci\u00f3n (USBI) de la regi\u00f3n Xalapa, donde est\u00e1 disponible para su consulta.<\/span><span data-ccp-props=\"{&quot;134233279&quot;:true,&quot;201341983&quot;:0,&quot;335559739&quot;:160,&quot;335559740&quot;:240}\">\u00a0<\/span><\/p>\n<div id=\"attachment_79691\" style=\"width: 489px\" class=\"wp-caption aligncenter\"><a href=\"https:\/\/www.uv.mx\/prensa\/files\/2020\/01\/280120-Mosca-de-la-fruta-1.jpg\"><img aria-describedby=\"caption-attachment-79691\" decoding=\"async\" loading=\"lazy\" class=\"size-full wp-image-79691\" src=\"https:\/\/www.uv.mx\/prensa\/files\/2020\/01\/280120-Mosca-de-la-fruta-1.jpg\" alt=\"\" width=\"479\" height=\"722\" srcset=\"https:\/\/www.uv.mx\/prensa\/files\/2020\/01\/280120-Mosca-de-la-fruta-1.jpg 479w, https:\/\/www.uv.mx\/prensa\/files\/2020\/01\/280120-Mosca-de-la-fruta-1-199x300.jpg 199w\" sizes=\"(max-width: 479px) 100vw, 479px\" \/><\/a><p id=\"caption-attachment-79691\" class=\"wp-caption-text\"><i><span data-contrast=\"auto\">Area<\/span><\/i><i><span data-contrast=\"auto\">-Wide Management <\/span><\/i><i><span data-contrast=\"auto\">of<\/span><\/i> <i><span data-contrast=\"auto\">Fruit<\/span><\/i> <i><span data-contrast=\"auto\">Fly<\/span><\/i> <i><span data-contrast=\"auto\">Pests<\/span><\/i><span data-contrast=\"auto\"> est\u00e1 disponible <\/span><span data-contrast=\"auto\">en la USBI-Xalapao o en <a href=\"https:\/\/bit.ly\/2U73Pax\" target=\"_blank\" rel=\"noopener noreferrer\">versi\u00f3n digital de acceso libre<\/a><\/span><\/p><\/div>\n","protected":false},"excerpt":{"rendered":"<p>Area<\/span><\/i><i><span data-contrast=\"auto\">-Wide Management <\/span><\/i><i><span data-contrast=\"auto\">of<\/span><\/i> <i><span data-contrast=\"auto\">Fruit<\/span><\/i> <i><span data-contrast=\"auto\">Fly<\/span><\/i> <i><span data-contrast=\"auto\">Pests<\/span><\/i><span data-contrast=\"auto\"> est\u00e1 disponible <\/span><span data-contrast=\"auto\">en la USBI-Xalapao o en <a href=\"https:\/\/bit.ly\/2U73Pax\" target=\"_blank\" rel=\"noopener noreferrer\">versi\u00f3n digital de acceso libre<\/p>\n","protected":false},"author":1508,"featured_media":79691,"comment_status":"closed","ping_status":"closed","sticky":false,"template":"","format":"standard","meta":[],"categories":[45],"tags":[],"_links":{"self":[{"href":"https:\/\/www.uv.mx\/prensa\/wp-json\/wp\/v2\/posts\/79687"}],"collection":[{"href":"https:\/\/www.uv.mx\/prensa\/wp-json\/wp\/v2\/posts"}],"about":[{"href":"https:\/\/www.uv.mx\/prensa\/wp-json\/wp\/v2\/types\/post"}],"author":[{"embeddable":true,"href":"https:\/\/www.uv.mx\/prensa\/wp-json\/wp\/v2\/users\/1508"}],"replies":[{"embeddable":true,"href":"https:\/\/www.uv.mx\/prensa\/wp-json\/wp\/v2\/comments?post=79687"}],"version-history":[{"count":0,"href":"https:\/\/www.uv.mx\/prensa\/wp-json\/wp\/v2\/posts\/79687\/revisions"}],"wp:featuredmedia":[{"embeddable":true,"href":"https:\/\/www.uv.mx\/prensa\/wp-json\/wp\/v2\/media\/79691"}],"wp:attachment":[{"href":"https:\/\/www.uv.mx\/prensa\/wp-json\/wp\/v2\/media?parent=79687"}],"wp:term":[{"taxonomy":"category","embeddable":true,"href":"https:\/\/www.uv.mx\/prensa\/wp-json\/wp\/v2\/categories?post=79687"},{"taxonomy":"post_tag","embeddable":true,"href":"https:\/\/www.uv.mx\/prensa\/wp-json\/wp\/v2\/tags?post=79687"}],"curies":[{"name":"wp","href":"https:\/\/api.w.org\/{rel}","templated":true}]}}