{"id":80114,"date":"2020-02-07T08:00:09","date_gmt":"2020-02-07T14:00:09","guid":{"rendered":"https:\/\/www.uv.mx\/prensa\/?p=80114"},"modified":"2020-02-07T10:48:54","modified_gmt":"2020-02-07T16:48:54","slug":"uv-de-las-mejores-universidades-del-pais-estudiantes-de-movilidad","status":"publish","type":"post","link":"https:\/\/www.uv.mx\/prensa\/banner\/uv-de-las-mejores-universidades-del-pais-estudiantes-de-movilidad\/","title":{"rendered":"UV, de las mejores universidades del pa\u00eds: estudiantes de movilidad"},"content":{"rendered":"<ul>\n<li data-leveltext=\"\uf0b7\" data-font=\"Symbol\" data-listid=\"1\" data-aria-posinset=\"1\" data-aria-level=\"1\"><i><span data-contrast=\"auto\">Zeret<\/span><\/i> <i><span data-contrast=\"auto\">Eliena\u00ed<\/span><\/i><i><span data-contrast=\"auto\"> L\u00f3pez S\u00e1nchez y Jos\u00e9 Alberto Salazar Garc\u00eda<\/span><\/i><i><span data-contrast=\"auto\">,<\/span><\/i> <i><span data-contrast=\"auto\">de la Universidad Aut\u00f3noma de Guerrero (<\/span><\/i><i><span data-contrast=\"auto\">UAGro<\/span><\/i><i><span data-contrast=\"auto\">)<\/span><\/i><i><span data-contrast=\"auto\">, <\/span><\/i><i><span data-contrast=\"auto\">cursar\u00e1n un semestre en la <\/span><\/i><i><span data-contrast=\"auto\">Facultad de Derecho<\/span><\/i><span data-ccp-props=\"{&quot;134233279&quot;:true,&quot;201341983&quot;:0,&quot;335559739&quot;:160,&quot;335559740&quot;:240}\">\u00a0<\/span><\/li>\n<li data-leveltext=\"\uf0b7\" data-font=\"Symbol\" data-listid=\"1\" data-aria-posinset=\"2\" data-aria-level=\"1\"><i><span data-contrast=\"auto\">Se mostraron motivados por ampliar sus conocimientos y generar<\/span><\/i><i><span data-contrast=\"auto\"> nuevas<\/span><\/i><i><span data-contrast=\"auto\"> experiencias<\/span><\/i><span data-ccp-props=\"{&quot;134233279&quot;:true,&quot;201341983&quot;:0,&quot;335559739&quot;:160,&quot;335559740&quot;:240}\">\u00a0<\/span><\/li>\n<\/ul>\n<div id=\"attachment_80054\" style=\"width: 732px\" class=\"wp-caption aligncenter\"><a href=\"https:\/\/www.uv.mx\/prensa\/files\/2020\/02\/050220-MOVILIDAD-NACIONAL1.jpg\"><img aria-describedby=\"caption-attachment-80054\" decoding=\"async\" loading=\"lazy\" class=\"size-full wp-image-80054\" src=\"https:\/\/www.uv.mx\/prensa\/files\/2020\/02\/050220-MOVILIDAD-NACIONAL1.jpg\" alt=\"\" width=\"722\" height=\"481\" srcset=\"https:\/\/www.uv.mx\/prensa\/files\/2020\/02\/050220-MOVILIDAD-NACIONAL1.jpg 722w, https:\/\/www.uv.mx\/prensa\/files\/2020\/02\/050220-MOVILIDAD-NACIONAL1-300x200.jpg 300w\" sizes=\"(max-width: 722px) 100vw, 722px\" \/><\/a><p id=\"caption-attachment-80054\" class=\"wp-caption-text\">Zeret Eliena\u00ed L\u00f3pez S\u00e1nchez, alumna de la UAGro, realiza una estancia semestral de movilidad<\/p><\/div>\n<p><b><i><span data-contrast=\"auto\">Claudia Peralta V\u00e1zquez<\/span><\/i><\/b><span data-ccp-props=\"{&quot;201341983&quot;:0,&quot;335559739&quot;:160,&quot;335559740&quot;:240}\">\u00a0<\/span><\/p>\n<p><b><i><span data-contrast=\"auto\">07<\/span><\/i><\/b><b><i><span data-contrast=\"auto\">\/<\/span><\/i><\/b><b><i><span data-contrast=\"auto\">02<\/span><\/i><\/b><b><i><span data-contrast=\"auto\">\/<\/span><\/i><\/b><b><i><span data-contrast=\"auto\">20<\/span><\/i><\/b><b><i><span data-contrast=\"auto\">20<\/span><\/i><\/b><b><i><span data-contrast=\"auto\">, Xalapa, Ver.-<\/span><\/i><\/b> <span data-contrast=\"auto\">Zeret<\/span> <span data-contrast=\"auto\">Eliena\u00ed<\/span><span data-contrast=\"auto\"> L\u00f3pez S\u00e1nchez y Jos\u00e9 Alberto Salazar Garc\u00eda, estudiantes de la Universidad Aut\u00f3noma de Guerrero (<\/span><span data-contrast=\"auto\">UAGro<\/span><span data-contrast=\"auto\">), realizar\u00e1n una estancia semestral en la <a href=\"https:\/\/www.uv.mx\/derecho\/\" target=\"_blank\" rel=\"noopener noreferrer\">Facultad de Derecho<\/a> de la Universidad Veracruzana (UV), instituci\u00f3n que eligieron por ser una de las <\/span><span data-contrast=\"auto\">10<\/span><span data-contrast=\"auto\"> mejores a nivel nacional.<\/span><span data-ccp-props=\"{&quot;201341983&quot;:0,&quot;335559739&quot;:160,&quot;335559740&quot;:240}\">\u00a0<\/span><\/p>\n<p><span data-contrast=\"auto\">Provenientes<\/span><span data-contrast=\"auto\"> de la ciudad de Chilpancingo,<\/span> <span data-contrast=\"auto\">a<\/span><span data-contrast=\"auto\">mbos estuviero<\/span><span data-contrast=\"auto\">n el mi\u00e9rcoles 5 de febrero en<\/span><span data-contrast=\"auto\"> la ceremonia de<\/span> <span data-contrast=\"auto\">bienvenida a los j\u00f3venes de movilidad naci<\/span><span data-contrast=\"auto\">onal e internacional, encabezada<\/span><span data-contrast=\"auto\"> por la rectora de la UV, Sara Ladr\u00f3n de Guevara,<\/span><span data-contrast=\"auto\"> en la sala de videoconferencias de la Unidad de Servicios Bibliotecarios y de Informaci\u00f3n (USBI).<\/span><span data-ccp-props=\"{&quot;201341983&quot;:0,&quot;335559731&quot;:708,&quot;335559739&quot;:160,&quot;335559740&quot;:240}\">\u00a0<\/span><\/p>\n<p><span data-contrast=\"auto\">Tras el acto, expresaron sentirse motivados de vivir esta experiencia en una de las <\/span><span data-contrast=\"auto\">10<\/span> <span data-contrast=\"auto\">mejores universidades del pa\u00eds, pues p<\/span><span data-contrast=\"auto\">recisamente <\/span><span data-contrast=\"auto\">\u00e9<\/span><span data-contrast=\"auto\">sta fue una de las principales razones por la<\/span><span data-contrast=\"auto\">s<\/span> <span data-contrast=\"auto\">que<\/span><span data-contrast=\"auto\"> la eligieron, as\u00ed como por el modelo educativo que ofrece.<\/span><span data-ccp-props=\"{&quot;201341983&quot;:0,&quot;335559739&quot;:160,&quot;335559740&quot;:240}\">\u00a0<\/span><\/p>\n<p><span data-contrast=\"auto\">Zeret<\/span> <span data-contrast=\"auto\">Eliena\u00ed<\/span><span data-contrast=\"auto\"> L\u00f3pez cursa el cuarto semestre en la Facultad de Derecho de la <\/span><span data-contrast=\"auto\">universidad guerrerense <\/span><span data-contrast=\"auto\">y planea<\/span><span data-contrast=\"auto\"> permanecer <\/span><span data-contrast=\"auto\">en la UV<\/span><span data-contrast=\"auto\"> durante un semestre con posibilidad de prolongar este periodo, ya que tanto la <\/span><span data-contrast=\"auto\">instituci\u00f3n<\/span><span data-contrast=\"auto\"> como la ciudad de Xalapa le parec<\/span><span data-contrast=\"auto\">en <\/span><span data-contrast=\"auto\">atractivas.<\/span><span data-ccp-props=\"{&quot;201341983&quot;:0,&quot;335559731&quot;:708,&quot;335559739&quot;:160,&quot;335559740&quot;:240}\">\u00a0<\/span><\/p>\n<p><span data-contrast=\"auto\">Coment\u00f3 <\/span><span data-contrast=\"auto\">que debido a sus posibilidade<\/span><span data-contrast=\"auto\">s econ\u00f3micas<\/span> <span data-contrast=\"auto\">en este momento s\u00f3<\/span><span data-contrast=\"auto\">lo pudo aspirar a<\/span><span data-contrast=\"auto\"> realizar una estancia nacional;<\/span> <span data-contrast=\"auto\">por eso, al buscar entre las u<\/span><span data-contrast=\"auto\">niversidades de M\u00e9xico no dud\u00f3 en decidirse por la UV<\/span><span data-contrast=\"auto\">, dado su nivel acad\u00e9mico.<\/span> <span data-contrast=\"auto\">\u201cTiene un excelente nivel, por eso me gust\u00f3 mucho\u201d, destac\u00f3 <\/span><span data-contrast=\"auto\">Zeret<\/span><span data-contrast=\"auto\">.<\/span><span data-ccp-props=\"{&quot;201341983&quot;:0,&quot;335559731&quot;:708,&quot;335559739&quot;:160,&quot;335559740&quot;:240}\">\u00a0<\/span><\/p>\n<div id=\"attachment_80056\" style=\"width: 732px\" class=\"wp-caption aligncenter\"><a href=\"https:\/\/www.uv.mx\/prensa\/files\/2020\/02\/050220-MOVILIDAD-NACIONAL2.jpg\"><img aria-describedby=\"caption-attachment-80056\" decoding=\"async\" loading=\"lazy\" class=\"size-full wp-image-80056\" src=\"https:\/\/www.uv.mx\/prensa\/files\/2020\/02\/050220-MOVILIDAD-NACIONAL2.jpg\" alt=\"\" width=\"722\" height=\"481\" srcset=\"https:\/\/www.uv.mx\/prensa\/files\/2020\/02\/050220-MOVILIDAD-NACIONAL2.jpg 722w, https:\/\/www.uv.mx\/prensa\/files\/2020\/02\/050220-MOVILIDAD-NACIONAL2-300x200.jpg 300w\" sizes=\"(max-width: 722px) 100vw, 722px\" \/><\/a><p id=\"caption-attachment-80056\" class=\"wp-caption-text\">Jos\u00e9 Alberto Salazar Garc\u00eda se mostr\u00f3 motivado por estudiar en la Facultad de Derecho de la UV<\/p><\/div>\n<p><span data-contrast=\"auto\">Al hablar de sus expectativas, confi\u00f3 en poder relacionarse y conocer muchas personas, adem\u00e1s de ampliar sus conocimientos en lo que a su carrera se refiere.<\/span> <span data-contrast=\"auto\">Tambi\u00e9n manifest\u00f3 que desea enfocarse en el \u00e1rea pena<\/span><span data-contrast=\"auto\">l, por lo cual no duda <\/span><span data-contrast=\"auto\">en <\/span><span data-contrast=\"auto\">que sus nuevos maestros la orienten y le transmitan sus experiencias sobre este orden normativo.<\/span><span data-ccp-props=\"{&quot;201341983&quot;:0,&quot;335559731&quot;:708,&quot;335559739&quot;:160,&quot;335559740&quot;:240}\">\u00a0<\/span><\/p>\n<p><span data-contrast=\"auto\">Comparti\u00f3 que en su caso <\/span><span data-contrast=\"auto\">no fue dif\u00edcil alcanzar esta movilidad, pues adem\u00e1s de esforzarse por reunir los requisitos la UV no le puso tantos obst\u00e1culos, sobre todo porque pens\u00f3 que al ser alumna de cuarto semestre no ten\u00eda derecho a esta oportunidad.<\/span><span data-ccp-props=\"{&quot;201341983&quot;:0,&quot;335559731&quot;:708,&quot;335559739&quot;:160,&quot;335559740&quot;:240}\">\u00a0<\/span><\/p>\n<p><span data-contrast=\"auto\">Jos\u00e9 Alberto Salazar <\/span><span data-contrast=\"auto\">dijo que el <\/span><span data-contrast=\"auto\">motivo de su estancia en la UV es por las mismas razones<\/span><span data-contrast=\"auto\"> que <\/span><span data-contrast=\"auto\">Zeret<\/span><span data-contrast=\"auto\">:<\/span><span data-contrast=\"auto\"> \u201c<\/span><span data-contrast=\"auto\">Eleg\u00ed la UV por toda la experiencia <\/span><span data-contrast=\"auto\">que tiene en el nivel educativo<\/span><span data-contrast=\"auto\"> y porque se encuentra entre las<\/span><span data-contrast=\"auto\"> primeras <\/span><span data-contrast=\"auto\">10<\/span><span data-contrast=\"auto\"> a nivel nacional\u201d.<\/span><span data-ccp-props=\"{&quot;201341983&quot;:0,&quot;335559739&quot;:160,&quot;335559740&quot;:240}\">\u00a0<\/span><\/p>\n<p><span data-contrast=\"auto\">Catalog\u00f3 a Xalapa como una ciudad muy tranquila para estudiar, pero sobre todo en la UV espera adquirir muchos saberes en cuanto a su profesi\u00f3n.<\/span><span data-ccp-props=\"{&quot;201341983&quot;:0,&quot;335559739&quot;:160,&quot;335559740&quot;:240}\">\u00a0<\/span><\/p>\n<p><span data-contrast=\"auto\">\u201cQuiero enfocarme en la<\/span><span data-contrast=\"auto\"> experiencia d<\/span><span data-contrast=\"auto\">e vida seguida de la educativa,<\/span><span data-contrast=\"auto\"> pienso que eso me ayudar\u00e1 a<\/span><span data-contrast=\"auto\"> impulsarme y a obtener un curr\u00ed<\/span><span data-contrast=\"auto\">culum acad\u00e9mico<\/span><span data-contrast=\"auto\">\u201d<\/span><span data-contrast=\"auto\">.<\/span><span data-ccp-props=\"{&quot;201341983&quot;:0,&quot;335559731&quot;:708,&quot;335559739&quot;:160,&quot;335559740&quot;:240}\">\u00a0<\/span><\/p>\n<p><span data-contrast=\"auto\">Es <\/span><span data-contrast=\"auto\">la primera movilidad que realiza y<\/span> <span data-contrast=\"auto\">s<\/span><span data-contrast=\"auto\">e sient<\/span><span data-contrast=\"auto\">e<\/span><span data-contrast=\"auto\"> muy entusiasmado, <\/span><span data-contrast=\"auto\">\u201c<\/span><span data-contrast=\"auto\">a pesar de que<\/span><span data-contrast=\"auto\"> tengo cuatro d\u00edas en la UV, s\u00e9 que es una buena <\/span><span data-contrast=\"auto\">instituci\u00f3n<\/span><span data-contrast=\"auto\">\u201d, agreg\u00f3.<\/span><span data-ccp-props=\"{&quot;201341983&quot;:0,&quot;335559731&quot;:708,&quot;335559739&quot;:160,&quot;335559740&quot;:240}\">\u00a0<\/span><\/p>\n","protected":false},"excerpt":{"rendered":"<p>Zeret Eliena\u00ed L\u00f3pez y Jos\u00e9 Alberto Salazar, de la Universidad Aut\u00f3noma de Guerrero, quienes cursan un semestre en la Facultad de Derecho de la UV, destacaron el modelo educativo de esta casa de estudios<\/p>\n","protected":false},"author":1508,"featured_media":80132,"comment_status":"closed","ping_status":"closed","sticky":false,"template":"","format":"standard","meta":[],"categories":[61],"tags":[],"_links":{"self":[{"href":"https:\/\/www.uv.mx\/prensa\/wp-json\/wp\/v2\/posts\/80114"}],"collection":[{"href":"https:\/\/www.uv.mx\/prensa\/wp-json\/wp\/v2\/posts"}],"about":[{"href":"https:\/\/www.uv.mx\/prensa\/wp-json\/wp\/v2\/types\/post"}],"author":[{"embeddable":true,"href":"https:\/\/www.uv.mx\/prensa\/wp-json\/wp\/v2\/users\/1508"}],"replies":[{"embeddable":true,"href":"https:\/\/www.uv.mx\/prensa\/wp-json\/wp\/v2\/comments?post=80114"}],"version-history":[{"count":0,"href":"https:\/\/www.uv.mx\/prensa\/wp-json\/wp\/v2\/posts\/80114\/revisions"}],"wp:featuredmedia":[{"embeddable":true,"href":"https:\/\/www.uv.mx\/prensa\/wp-json\/wp\/v2\/media\/80132"}],"wp:attachment":[{"href":"https:\/\/www.uv.mx\/prensa\/wp-json\/wp\/v2\/media?parent=80114"}],"wp:term":[{"taxonomy":"category","embeddable":true,"href":"https:\/\/www.uv.mx\/prensa\/wp-json\/wp\/v2\/categories?post=80114"},{"taxonomy":"post_tag","embeddable":true,"href":"https:\/\/www.uv.mx\/prensa\/wp-json\/wp\/v2\/tags?post=80114"}],"curies":[{"name":"wp","href":"https:\/\/api.w.org\/{rel}","templated":true}]}}