{"id":80194,"date":"2020-02-10T08:00:48","date_gmt":"2020-02-10T14:00:48","guid":{"rendered":"https:\/\/www.uv.mx\/prensa\/?p=80194"},"modified":"2020-02-10T11:39:35","modified_gmt":"2020-02-10T17:39:35","slug":"el-jazz-y-las-humanidades-atraen-estudiantes-extranjeros-a-la-uv","status":"publish","type":"post","link":"https:\/\/www.uv.mx\/prensa\/banner\/el-jazz-y-las-humanidades-atraen-estudiantes-extranjeros-a-la-uv\/","title":{"rendered":"El jazz y las humanidades atraen estudiantes extranjeros a la UV"},"content":{"rendered":"<ul>\n<li data-leveltext=\"\uf0b7\" data-font=\"Symbol\" data-listid=\"1\" data-aria-posinset=\"1\" data-aria-level=\"1\"><i><span data-contrast=\"auto\">\u201c<\/span><\/i><i><span data-contrast=\"auto\">P<\/span><\/i><i><span data-contrast=\"auto\">ersonalmente valoro mucho el jazz, pero considero que aspirar a tocarlo como los <\/span><\/i><i><span data-contrast=\"auto\">estadounidenses<\/span><\/i><i><span data-contrast=\"auto\"> no est\u00e1 bien\u201d<\/span><\/i><i><span data-contrast=\"auto\">, expres\u00f3<\/span><\/i><i><span data-contrast=\"auto\"> la colombiana <\/span><\/i><i><span data-contrast=\"auto\">Mar\u00eda Jos\u00e9 Restrepo<\/span><\/i><span data-ccp-props=\"{&quot;134233279&quot;:true,&quot;201341983&quot;:0,&quot;335559739&quot;:160,&quot;335559740&quot;:240}\">\u00a0<\/span><\/li>\n<\/ul>\n<div id=\"attachment_80157\" style=\"width: 732px\" class=\"wp-caption aligncenter\"><a href=\"https:\/\/www.uv.mx\/prensa\/files\/2020\/02\/070220-Restrepo-1.jpg\"><img aria-describedby=\"caption-attachment-80157\" decoding=\"async\" loading=\"lazy\" class=\"size-full wp-image-80157\" src=\"https:\/\/www.uv.mx\/prensa\/files\/2020\/02\/070220-Restrepo-1.jpg\" alt=\"\" width=\"722\" height=\"481\" srcset=\"https:\/\/www.uv.mx\/prensa\/files\/2020\/02\/070220-Restrepo-1.jpg 722w, https:\/\/www.uv.mx\/prensa\/files\/2020\/02\/070220-Restrepo-1-300x200.jpg 300w\" sizes=\"(max-width: 722px) 100vw, 722px\" \/><\/a><p id=\"caption-attachment-80157\" class=\"wp-caption-text\">Mar\u00eda Jos\u00e9 Restrepo, de la Universidad de Caldas, Colombia<\/p><\/div>\n<p><b><i><span data-contrast=\"auto\">Karina de la Paz Reyes D\u00edaz<\/span><\/i><\/b><span data-ccp-props=\"{&quot;134233279&quot;:true,&quot;201341983&quot;:0,&quot;335559739&quot;:160,&quot;335559740&quot;:240}\">\u00a0<\/span><\/p>\n<p><b><i><span data-contrast=\"auto\">10\/02\/2020, Xalapa, Ver.- <\/span><\/i><\/b><span data-contrast=\"auto\">C<\/span><span data-contrast=\"auto\">on el objetivo de favorecer la cooperaci\u00f3n internacional y coadyuvar al desarrollo de lazos acad\u00e9micos, <\/span><span data-contrast=\"auto\">cada ciclo escolar <\/span><span data-contrast=\"auto\">l<\/span><span data-contrast=\"auto\">a Universidad Veracruzana <\/span><span data-contrast=\"auto\">(UV)<\/span> <span data-contrast=\"auto\">recibe estudiantes<\/span><span data-contrast=\"auto\"> del pa\u00eds y del extranjero<\/span><span data-contrast=\"auto\">, quienes hacen notar las disciplinas<\/span><span data-contrast=\"auto\"> por las que la instituci\u00f3n<\/span><span data-contrast=\"auto\"> es conoc<\/span><span data-contrast=\"auto\">ida en el <\/span><span data-contrast=\"auto\">mundo.<\/span><span data-ccp-props=\"{&quot;134233279&quot;:true,&quot;201341983&quot;:0,&quot;335559739&quot;:160,&quot;335559740&quot;:240}\">\u00a0<\/span><\/p>\n<p><span data-contrast=\"auto\">R<\/span><span data-contrast=\"auto\">ecientemente, la UV<\/span><span data-contrast=\"auto\"> recibi\u00f3 a 83 estudiantes, 53 de ellos extranjeros, como parte del Programa de Movilidad Nacional e Internacional Primavera 2020<\/span><span data-contrast=\"auto\">.<\/span><span data-contrast=\"auto\"> L<\/span><span data-contrast=\"auto\">a colombiana <\/span><span data-contrast=\"auto\">Mar\u00eda Jos\u00e9 Restrepo<\/span><span data-contrast=\"auto\"> y la francesa <\/span><span data-contrast=\"auto\">Claire Marie <\/span><span data-contrast=\"auto\">Isabelle<\/span> <span data-contrast=\"auto\">Papillon<\/span><span data-contrast=\"auto\"> hablaron del jazz y <\/span><span data-contrast=\"auto\">la literatura, respectivamente.<\/span><span data-ccp-props=\"{&quot;134233279&quot;:true,&quot;201341983&quot;:0,&quot;335559739&quot;:160,&quot;335559740&quot;:240}\">\u00a0<\/span><\/p>\n<p><span data-contrast=\"auto\">Mar\u00eda Jos\u00e9 Restrepo<\/span><span data-contrast=\"auto\"> e<\/span><span data-contrast=\"auto\">studia el programa de Mae<\/span><span data-contrast=\"auto\">stro en M\u00fasica, con \u00e9nfasis en C<\/span><span data-contrast=\"auto\">ontrabajo, en el Departamento de M\u00fasica adscrito a la Facultad de Artes y Humanidades de la Universidad de Caldas, Colombia.<\/span><span data-contrast=\"auto\"> A <\/span><span data-contrast=\"auto\">partir del sexto semestre se enfocan ya se<\/span><span data-contrast=\"auto\">a<\/span><span data-contrast=\"auto\"> en direcci\u00f3n coral, orquestal, composici\u00f3n, instrumento cl\u00e1sico o jazz<\/span><span data-contrast=\"auto\">;<\/span><span data-contrast=\"auto\"> ella eligi\u00f3 <\/span><span data-contrast=\"auto\">e<\/span><span data-contrast=\"auto\">ste<\/span><span data-contrast=\"auto\"> \u00faltimo.<\/span><span data-ccp-props=\"{&quot;134233279&quot;:true,&quot;201341983&quot;:0,&quot;335559739&quot;:160,&quot;335559740&quot;:240}\">\u00a0<\/span><\/p>\n<p><span data-contrast=\"auto\">En ese tenor, u<\/span><span data-contrast=\"auto\">na amiga suya<\/span><span data-contrast=\"auto\"> que<\/span><span data-contrast=\"auto\"> vi<\/span><span data-contrast=\"auto\">no a estudiar una maestr\u00eda a<\/span><span data-contrast=\"auto\"> la<\/span><span data-contrast=\"auto\"> UV<\/span> <span data-contrast=\"auto\">en<\/span><span data-contrast=\"auto\"> Xalapa<\/span><span data-contrast=\"auto\">,<\/span><span data-contrast=\"auto\"> le recomend\u00f3<\/span> <span data-contrast=\"auto\">que hiciera una movilidad al <\/span><span data-contrast=\"auto\"><a href=\"https:\/\/www.uv.mx\/jazzuv\/\" target=\"_blank\" rel=\"noopener noreferrer\">Centro de Estudios de Jazz<\/a> (<\/span><i><span data-contrast=\"auto\">Jazz<\/span><\/i><i><span data-contrast=\"auto\">uv<\/span><\/i><span data-contrast=\"auto\">)<\/span><i><span data-contrast=\"auto\">, <\/span><\/i><span data-contrast=\"auto\">dado<\/span><span data-contrast=\"auto\"> el <\/span><span data-contrast=\"auto\">prestigio <\/span><span data-contrast=\"auto\">que tiene <\/span><span data-contrast=\"auto\">a nivel nacional e <\/span><span data-contrast=\"auto\">internacional.<\/span><span data-ccp-props=\"{&quot;134233279&quot;:true,&quot;201341983&quot;:0,&quot;335559731&quot;:708,&quot;335559739&quot;:160,&quot;335559740&quot;:240}\">\u00a0<\/span><\/p>\n<p><span data-contrast=\"auto\">\u201cEl <\/span><i><span data-contrast=\"auto\">Jazzuv<\/span><\/i> <span data-contrast=\"auto\">tiene muy buen nivel musical y caracter\u00edsticas bastante especiales en el <\/span><span data-contrast=\"auto\">estudio<\/span><span data-contrast=\"auto\"> del jazz\u201d, dijo emocionada.<\/span><span data-contrast=\"auto\"> No obstante, aclar\u00f3 que su estancia en M\u00e9xico, m\u00e1s que<\/span><span data-contrast=\"auto\"> para<\/span><span data-contrast=\"auto\"> aprender de este g\u00e9nero musical, <\/span><span data-contrast=\"auto\">es para conocer del folclor de estos lares.<\/span><span data-ccp-props=\"{&quot;134233279&quot;:true,&quot;201341983&quot;:0,&quot;335559739&quot;:160,&quot;335559740&quot;:240}\">\u00a0<\/span><\/p>\n<p><span data-contrast=\"auto\">\u201cMe gustar\u00eda <\/span><span data-contrast=\"auto\">conocer un poco del folclor;<\/span><span data-contrast=\"auto\"> soy contrabajista y cantante<\/span><span data-contrast=\"auto\">,<\/span><span data-contrast=\"auto\"> y en Colombia lo que m\u00e1s me gusta hace<\/span><span data-contrast=\"auto\">r es m\u00fasica colombiana, andina\u201d,<\/span><span data-contrast=\"auto\"> dijo. \u201cEl jazz no es algo propio, no es latino, realmente lo estudiamos como un recurso, m\u00e1s que como un enfoque para hacer nuestra m\u00fasica\u201d.<\/span><span data-ccp-props=\"{&quot;134233279&quot;:true,&quot;201341983&quot;:0,&quot;335559731&quot;:708,&quot;335559739&quot;:160,&quot;335559740&quot;:240}\">\u00a0<\/span><\/p>\n<p><span data-contrast=\"auto\">Adem\u00e1s de conocer de la m\u00fasica tradicional de ac\u00e1<\/span><span data-contrast=\"auto\">,<\/span> <span data-contrast=\"auto\">tiene <\/span><span data-contrast=\"auto\">inter\u00e9s por mostrar del <\/span><span data-contrast=\"auto\">folclor<\/span><span data-contrast=\"auto\"> de su pa\u00eds<\/span><span data-contrast=\"auto\">, aunque<\/span> <span data-contrast=\"auto\">son <\/span><span data-contrast=\"auto\">diferentes<\/span><span data-contrast=\"auto\"> en t\u00e9rminos generales<\/span><span data-contrast=\"auto\">,<\/span><span data-contrast=\"auto\"> hay l\u00edneas que les hermanan. <\/span><span data-contrast=\"auto\">\u201cHe escuchado <\/span><span data-contrast=\"auto\">algo del son jarocho<\/span><span data-contrast=\"auto\">,<\/span><span data-contrast=\"auto\"> que es un ritmo similar a nuest<\/span><span data-contrast=\"auto\">ro bambuco colombiano\u201d, refiri\u00f3.<\/span><span data-ccp-props=\"{&quot;134233279&quot;:true,&quot;201341983&quot;:0,&quot;335559739&quot;:160,&quot;335559740&quot;:240}\">\u00a0<\/span><\/p>\n<p><span data-contrast=\"auto\">Para <\/span><span data-contrast=\"auto\">Mar\u00eda Jos\u00e9 Restrepo<\/span><span data-contrast=\"auto\"> es fundamental conocer de las m\u00fasicas tradicionales y el folclor de las n<\/span><span data-contrast=\"auto\">aciones de las que somos parte.<\/span><span data-ccp-props=\"{&quot;134233279&quot;:true,&quot;201341983&quot;:0,&quot;335559739&quot;:160,&quot;335559740&quot;:240}\">\u00a0<\/span><\/p>\n<p><span data-contrast=\"auto\">En sus palabras: \u201c<\/span><span data-contrast=\"auto\">Necesitamos la identidad. Eso es algo que se ha ido perdiendo. <\/span><span data-contrast=\"auto\">P<\/span><span data-contrast=\"auto\">ersonalmente valoro mu<\/span><span data-contrast=\"auto\">cho el jazz, pero considero que aspirar a tocarlo como los <\/span><span data-contrast=\"auto\">estadounidenses<\/span> <span data-contrast=\"auto\">no est\u00e1 bien, nosotros somos latinos y tenemos muchas otras cosas que resaltar y qu\u00e9 mejor forma de hacerlo desde nuestro folclor y desde nuestra identidad, que fue lo que crecimos escuchando, es lo que est\u00e1 en nuestra cabeza, en nuestra cultura y en nuestra <\/span><span data-contrast=\"auto\">sangre<\/span><span data-contrast=\"auto\">\u201d.<\/span><span data-ccp-props=\"{&quot;134233279&quot;:true,&quot;201341983&quot;:0,&quot;335559739&quot;:160,&quot;335559740&quot;:240}\">\u00a0<\/span><\/p>\n<p><span data-contrast=\"auto\">A la colombiana t<\/span><span data-contrast=\"auto\">ambi\u00e9n le llam\u00f3 la atenci\u00f3n que en la UV es notorio que los recursos financieros est\u00e1n bien enfocados, algo por lo que actualmente luchan en Colombia, incluso con paros nacionales de las comunidades universitarias. <\/span><span data-contrast=\"auto\">\u201cEl <\/span><i><span data-contrast=\"auto\">campus<\/span><\/i><span data-contrast=\"auto\"> me pareci\u00f3 incre\u00edble\u201d, destac\u00f3.<\/span><span data-ccp-props=\"{&quot;134233279&quot;:true,&quot;201341983&quot;:0,&quot;335559739&quot;:160,&quot;335559740&quot;:240}\">\u00a0<\/span><\/p>\n<div id=\"attachment_80158\" style=\"width: 732px\" class=\"wp-caption aligncenter\"><a href=\"https:\/\/www.uv.mx\/prensa\/files\/2020\/02\/070220-Restrepo-2.jpg\"><img aria-describedby=\"caption-attachment-80158\" decoding=\"async\" loading=\"lazy\" class=\"size-full wp-image-80158\" src=\"https:\/\/www.uv.mx\/prensa\/files\/2020\/02\/070220-Restrepo-2.jpg\" alt=\"\" width=\"722\" height=\"481\" srcset=\"https:\/\/www.uv.mx\/prensa\/files\/2020\/02\/070220-Restrepo-2.jpg 722w, https:\/\/www.uv.mx\/prensa\/files\/2020\/02\/070220-Restrepo-2-300x200.jpg 300w\" sizes=\"(max-width: 722px) 100vw, 722px\" \/><\/a><p id=\"caption-attachment-80158\" class=\"wp-caption-text\">Claire Marie Isabelle Papillon, de la Universidad de Nantes, Francia<\/p><\/div>\n<p><span data-contrast=\"auto\">Por su parte,<\/span> <span data-contrast=\"auto\">Claire Marie <\/span><span data-contrast=\"auto\">Isabelle<\/span> <span data-contrast=\"auto\">Papillon<\/span> <span data-contrast=\"auto\">estudia el programa Lenguas, Literaturas y Civilizaciones Extranjeras, en la modalidad biling\u00fce ingl\u00e9s-espa\u00f1ol<\/span><span data-contrast=\"auto\">, <\/span><span data-contrast=\"auto\">en<\/span><span data-contrast=\"auto\"> la Universidad de Nantes, Francia. <\/span><span data-contrast=\"auto\">L<\/span><span data-contrast=\"auto\">leg\u00f3 en el ciclo escolar pasado, por lo que el<\/span><span data-contrast=\"auto\"> actual es su segundo en la UV, donde <\/span><span data-contrast=\"auto\">cursa<\/span><span data-contrast=\"auto\"> experiencias educativas en la<\/span><span data-contrast=\"auto\">s<\/span> <span data-contrast=\"auto\">f<\/span><span data-contrast=\"auto\">acultad<\/span><span data-contrast=\"auto\">es<\/span><span data-contrast=\"auto\"> de Idiomas y de Letras Espa\u00f1olas, lo cual<\/span><span data-contrast=\"auto\"> le<\/span><span data-contrast=\"auto\"> ha resultad<\/span><span data-contrast=\"auto\">o \u201cmuy enriquecedor\u201d.<\/span><span data-ccp-props=\"{&quot;134233279&quot;:true,&quot;201341983&quot;:0,&quot;335559739&quot;:160,&quot;335559740&quot;:240}\">\u00a0<\/span><\/p>\n<p><span data-contrast=\"auto\">Coment\u00f3 como ejemplo que le gusta mucho m\u00e1s la manera en que imparten clases ac\u00e1, pues hay <\/span><span data-contrast=\"auto\">una estrecha<\/span><span data-contrast=\"auto\"> interacci\u00f3n<\/span><span data-contrast=\"auto\"> entre el estudiante y el profesor<\/span><span data-contrast=\"auto\">.<\/span> <span data-contrast=\"auto\">\u201cTambi\u00e9n me gusta Xalapa y el hecho de hablar espa\u00f1ol de manera cotidiana es muy enriquecedor. <\/span><span data-contrast=\"auto\">\u00a1<\/span><span data-contrast=\"auto\">Todo es positivo, todo<\/span><span data-contrast=\"auto\">!<\/span><span data-contrast=\"auto\">\u201d, coment\u00f3 sonriente.<\/span><span data-ccp-props=\"{&quot;134233279&quot;:true,&quot;201341983&quot;:0,&quot;335559739&quot;:160,&quot;335559740&quot;:240}\">\u00a0<\/span><\/p>\n<p><span data-contrast=\"auto\">Claire Marie<\/span><span data-contrast=\"auto\"> eligi\u00f3 venir de movilidad a la UV por la \u201cbuena reputaci\u00f3n\u201d que tiene en el concierto internacional <\/span><span data-contrast=\"auto\">el \u00c1rea Acad\u00e9mica<\/span><span data-contrast=\"auto\"> de Humanidades.<\/span> <span data-contrast=\"auto\">\u201cConozco a personas que vinieron de intercambio el a\u00f1o pasado y me dijeron que<\/span><span data-contrast=\"auto\"> la UV es una buena universidad<\/span><span data-contrast=\"auto\">\u201d<\/span><span data-contrast=\"auto\">.<\/span><span data-ccp-props=\"{&quot;134233279&quot;:true,&quot;201341983&quot;:0,&quot;335559739&quot;:160,&quot;335559740&quot;:240}\">\u00a0<\/span><\/p>\n<p><span data-contrast=\"auto\">Entre los intereses de la universitaria francesa est\u00e1n la literatura <\/span><span data-contrast=\"auto\">espa\u00f1ola, <\/span><span data-contrast=\"auto\">la <\/span><span data-contrast=\"auto\">mexicana, los pueblos originarios<\/span><span data-contrast=\"auto\"> mesoamericanos <\/span><span data-contrast=\"auto\">y <\/span><span data-contrast=\"auto\">el Museo<\/span><span data-contrast=\"auto\"> de Antropolog\u00eda de la UV.<\/span><span data-ccp-props=\"{&quot;134233279&quot;:true,&quot;201341983&quot;:0,&quot;335559739&quot;:160,&quot;335559740&quot;:240}\">\u00a0<\/span><\/p>\n","protected":false},"excerpt":{"rendered":"<p>La colombiana Mar\u00eda Jos\u00e9 Restrepo y la francesa Claire Marie Isabelle Papillon hablaron sobre su estancia en la Universidad Veracruzana<\/p>\n","protected":false},"author":1508,"featured_media":80197,"comment_status":"closed","ping_status":"closed","sticky":false,"template":"","format":"standard","meta":[],"categories":[61],"tags":[],"_links":{"self":[{"href":"https:\/\/www.uv.mx\/prensa\/wp-json\/wp\/v2\/posts\/80194"}],"collection":[{"href":"https:\/\/www.uv.mx\/prensa\/wp-json\/wp\/v2\/posts"}],"about":[{"href":"https:\/\/www.uv.mx\/prensa\/wp-json\/wp\/v2\/types\/post"}],"author":[{"embeddable":true,"href":"https:\/\/www.uv.mx\/prensa\/wp-json\/wp\/v2\/users\/1508"}],"replies":[{"embeddable":true,"href":"https:\/\/www.uv.mx\/prensa\/wp-json\/wp\/v2\/comments?post=80194"}],"version-history":[{"count":0,"href":"https:\/\/www.uv.mx\/prensa\/wp-json\/wp\/v2\/posts\/80194\/revisions"}],"wp:featuredmedia":[{"embeddable":true,"href":"https:\/\/www.uv.mx\/prensa\/wp-json\/wp\/v2\/media\/80197"}],"wp:attachment":[{"href":"https:\/\/www.uv.mx\/prensa\/wp-json\/wp\/v2\/media?parent=80194"}],"wp:term":[{"taxonomy":"category","embeddable":true,"href":"https:\/\/www.uv.mx\/prensa\/wp-json\/wp\/v2\/categories?post=80194"},{"taxonomy":"post_tag","embeddable":true,"href":"https:\/\/www.uv.mx\/prensa\/wp-json\/wp\/v2\/tags?post=80194"}],"curies":[{"name":"wp","href":"https:\/\/api.w.org\/{rel}","templated":true}]}}