{"id":80522,"date":"2020-02-17T11:14:51","date_gmt":"2020-02-17T17:14:51","guid":{"rendered":"https:\/\/www.uv.mx\/prensa\/?p=80522"},"modified":"2020-02-17T12:28:58","modified_gmt":"2020-02-17T18:28:58","slug":"adan-buscando-su-paraiso-muestra-de-cartel-y-poesia-en-casa-del-lago","status":"publish","type":"post","link":"https:\/\/www.uv.mx\/prensa\/eventos\/adan-buscando-su-paraiso-muestra-de-cartel-y-poesia-en-casa-del-lago\/","title":{"rendered":"<em>Ad\u00e1n buscando su para\u00edso<\/em>, muestra de cartel y poes\u00eda en Casa del Lago"},"content":{"rendered":"<ul>\n<li data-leveltext=\"\uf0b7\" data-font=\"Symbol\" data-listid=\"1\" data-aria-posinset=\"1\" data-aria-level=\"1\"><i><span data-contrast=\"auto\">El s\u00e1bado 22 de febrero, a partir de las 17:00 hora<\/span><\/i><i><span data-contrast=\"auto\">s<\/span><\/i><span data-ccp-props=\"{&quot;134233279&quot;:true,&quot;201341983&quot;:0,&quot;335559739&quot;:160,&quot;335559740&quot;:240}\">\u00a0<\/span><\/li>\n<\/ul>\n<div id=\"attachment_80523\" style=\"width: 732px\" class=\"wp-caption aligncenter\"><a href=\"https:\/\/www.uv.mx\/prensa\/files\/2020\/02\/170220-Adan-busca.jpg\"><img aria-describedby=\"caption-attachment-80523\" decoding=\"async\" loading=\"lazy\" class=\"size-full wp-image-80523\" src=\"https:\/\/www.uv.mx\/prensa\/files\/2020\/02\/170220-Adan-busca.jpg\" alt=\"Ad\u00e1n buscando su para\u00edso se puede visitar en el espacio expositivo Ernesto \u201cPel\u00f3n\u201d Bautista \" width=\"722\" height=\"481\" srcset=\"https:\/\/www.uv.mx\/prensa\/files\/2020\/02\/170220-Adan-busca.jpg 722w, https:\/\/www.uv.mx\/prensa\/files\/2020\/02\/170220-Adan-busca-300x200.jpg 300w\" sizes=\"(max-width: 722px) 100vw, 722px\" \/><\/a><p id=\"caption-attachment-80523\" class=\"wp-caption-text\">Ad\u00e1n buscando su para\u00edso se puede visitar en el espacio expositivo Ernesto \u201cPel\u00f3n\u201d Bautista<\/p><\/div>\n<p><b><i><span data-contrast=\"auto\">1<\/span><\/i><\/b><b><i><span data-contrast=\"auto\">7<\/span><\/i><\/b><b><i><span data-contrast=\"auto\">\/02\/2020, Xalapa, Ver.- <\/span><\/i><\/b><span data-contrast=\"auto\">La <a href=\"https:\/\/www.uv.mx\/cluv\/\" target=\"_blank\" rel=\"noopener noreferrer\">Casa del Lago<\/a> de la Universidad Veracruzana (UV) inaugurar\u00e1 el s\u00e1bado 22 de febrero, a las 17:00 horas, la muestra de cartel y poes\u00eda <\/span><i><span data-contrast=\"auto\">Ad\u00e1n buscando su p<\/span><\/i><i><span data-contrast=\"auto\">ara\u00edso<\/span><\/i><span data-contrast=\"auto\">, <\/span><span data-contrast=\"auto\">de Ad\u00e1n Paredes, en el espacio expositivo Ernesto \u201cPel\u00f3n\u201d Bautista.<\/span><span data-ccp-props=\"{&quot;201341983&quot;:0,&quot;335559739&quot;:160,&quot;335559740&quot;:240}\">\u00a0<\/span><\/p>\n<p><span data-contrast=\"auto\">El autor es Licenciado en Artes Visuales con estudios en Dise\u00f1o de la Comunicaci\u00f3n Visual por la UV. Desde 2007 se orient\u00f3 al dise\u00f1o de cartel y ha tenido una constante y destacada participaci\u00f3n en concursos, bienales y trienales vinculadas con este medio de expresi\u00f3n.<\/span><span data-ccp-props=\"{&quot;201341983&quot;:0,&quot;335559731&quot;:708,&quot;335559739&quot;:160,&quot;335559740&quot;:240}\">\u00a0<\/span><\/p>\n<p><span data-contrast=\"auto\">Su trabajo ha sido seleccionado, premiado y expuesto en M\u00e9xico, Macedonia, Serbia, Chin<\/span><span data-contrast=\"auto\">a, Polonia, Rusia, Bolivia, Rep\u00fa<\/span><span data-contrast=\"auto\">blica Checa, Ucrania, Ecuador, Corea, Italia y Eslovaquia. En 2013 obtuvo un premio especial en el <\/span><span data-contrast=\"auto\">Taipei<\/span><span data-contrast=\"auto\"> International <\/span><span data-contrast=\"auto\">Design<\/span> <span data-contrast=\"auto\">Award<\/span><span data-contrast=\"auto\">.<\/span><span data-ccp-props=\"{&quot;201341983&quot;:0,&quot;335559731&quot;:708,&quot;335559739&quot;:160,&quot;335559740&quot;:240}\">\u00a0<\/span><\/p>\n<p><span data-contrast=\"auto\">La muestra <\/span><span data-contrast=\"auto\">es una s\u00edntesis e interpretaci\u00f3n pl\u00e1sti<\/span><span data-contrast=\"auto\">ca de la poes\u00eda. En palabras de<\/span><span data-contrast=\"auto\"> Jos\u00e9 Manuel Morelos<\/span><span data-contrast=\"auto\">: \u201cA<\/span><span data-contrast=\"auto\"> trasluz de una alegor\u00eda sobre Ad\u00e1n \u2013el personaje b\u00edblico\u2013, suerte de boutade, o bien para introducir la propia firma, <\/span><i><span data-contrast=\"auto\">Ad\u00e1n buscando su para\u00edso<\/span><\/i><span data-contrast=\"auto\"> es un acto de creaci\u00f3n, un juego del arte, de significados e iconograf\u00edas cuya g\u00e9nesis es la poes\u00eda de 25 autores mexicanos que se entretejen con el cartel desde los hilos de las analog\u00edas y met\u00e1foras, entre otros tropos ret\u00f3ricos\u201d.<\/span><span data-ccp-props=\"{&quot;201341983&quot;:0,&quot;335559731&quot;:708,&quot;335559739&quot;:160,&quot;335559740&quot;:240}\">\u00a0<\/span><\/p>\n<p><span data-contrast=\"auto\">Paredes, quien tambi\u00e9n ha sido miembro del consejo de selecci\u00f3n o jurado en distintos cert\u00e1menes de cartel, <\/span><span data-contrast=\"auto\">adem\u00e1s ha<\/span><span data-contrast=\"auto\"> organizado exposiciones e impartido talleres en algunas ciudades de nuestro pa\u00eds, present\u00f3 una selecci\u00f3n de los carteles de esta colecci<\/span><span data-contrast=\"auto\">\u00f3n en <\/span><span data-contrast=\"auto\">Jarkov<\/span><span data-contrast=\"auto\">, Ucrania, en 2018.<\/span><span data-ccp-props=\"{&quot;201341983&quot;:0,&quot;335559731&quot;:708,&quot;335559739&quot;:160,&quot;335559740&quot;:240}\">\u00a0<\/span><\/p>\n<p><span data-contrast=\"auto\">Sobre \u00e9l escribe <\/span><span data-contrast=\"auto\">Oleg<\/span> <span data-contrast=\"auto\">Veklenko<\/span><span data-contrast=\"auto\">: \u201cCada fragmento po\u00e9tico tiene su propia imagen gr\u00e1fica sofisticada. Ad\u00e1n Paredes no utiliza <\/span><span data-contrast=\"auto\">en sus obras <\/span><span data-contrast=\"auto\">las t\u00e9cnicas formales del p\u00f3ster posmoderno, no carga al p\u00fablico con riqueza de detalles, textos enigm\u00e1ticos y acertijos tipogr\u00e1ficos. Sus met\u00e1foras tienen una composici\u00f3n simple. Sin embargo, la intriga es construida por el autor sobre fragmentos gigantes de objetos reales, coloc\u00e1ndolos en entornos inesperados, combinando diferentes im\u00e1genes en una sola, lo cual es t\u00edpico del surrealismo.\u201d<\/span><span data-ccp-props=\"{&quot;201341983&quot;:0,&quot;335559731&quot;:708,&quot;335559739&quot;:160,&quot;335559740&quot;:240}\">\u00a0<\/span><\/p>\n<p><span data-contrast=\"auto\">El espacio expositivo Ernesto \u201cPel\u00f3n\u201d Bautista abre sus puertas de <\/span><span data-contrast=\"auto\">lunes a viernes, <\/span><span data-contrast=\"auto\">de 9:00<\/span> <span data-contrast=\"auto\">a 15:00 y de 17:00 a 19:00 horas. Los s\u00e1bados y domingos <\/span><span data-contrast=\"auto\">de 11:00 a <\/span><span data-contrast=\"auto\">15:00<\/span><span data-contrast=\"auto\">.<\/span> <span data-contrast=\"auto\">La entra<\/span><span data-contrast=\"auto\">da a la exposici\u00f3n es gratuita.<\/span><span data-ccp-props=\"{&quot;201341983&quot;:0,&quot;335559731&quot;:708,&quot;335559739&quot;:160,&quot;335559740&quot;:240}\">\u00a0<\/span><\/p>\n","protected":false},"excerpt":{"rendered":"<p>El s\u00e1bado 22 de febrero, a partir de las 17:00 horas, en el espacio expositivo Ernesto \u201cPel\u00f3n\u201d Bautista <\/p>\n","protected":false},"author":1508,"featured_media":80523,"comment_status":"closed","ping_status":"closed","sticky":false,"template":"","format":"standard","meta":[],"categories":[47],"tags":[],"_links":{"self":[{"href":"https:\/\/www.uv.mx\/prensa\/wp-json\/wp\/v2\/posts\/80522"}],"collection":[{"href":"https:\/\/www.uv.mx\/prensa\/wp-json\/wp\/v2\/posts"}],"about":[{"href":"https:\/\/www.uv.mx\/prensa\/wp-json\/wp\/v2\/types\/post"}],"author":[{"embeddable":true,"href":"https:\/\/www.uv.mx\/prensa\/wp-json\/wp\/v2\/users\/1508"}],"replies":[{"embeddable":true,"href":"https:\/\/www.uv.mx\/prensa\/wp-json\/wp\/v2\/comments?post=80522"}],"version-history":[{"count":0,"href":"https:\/\/www.uv.mx\/prensa\/wp-json\/wp\/v2\/posts\/80522\/revisions"}],"wp:featuredmedia":[{"embeddable":true,"href":"https:\/\/www.uv.mx\/prensa\/wp-json\/wp\/v2\/media\/80523"}],"wp:attachment":[{"href":"https:\/\/www.uv.mx\/prensa\/wp-json\/wp\/v2\/media?parent=80522"}],"wp:term":[{"taxonomy":"category","embeddable":true,"href":"https:\/\/www.uv.mx\/prensa\/wp-json\/wp\/v2\/categories?post=80522"},{"taxonomy":"post_tag","embeddable":true,"href":"https:\/\/www.uv.mx\/prensa\/wp-json\/wp\/v2\/tags?post=80522"}],"curies":[{"name":"wp","href":"https:\/\/api.w.org\/{rel}","templated":true}]}}