{"id":80861,"date":"2020-02-23T07:59:20","date_gmt":"2020-02-23T13:59:20","guid":{"rendered":"https:\/\/www.uv.mx\/prensa\/?p=80861"},"modified":"2020-03-02T12:49:20","modified_gmt":"2020-03-02T18:49:20","slug":"cambio-climatico-importante-desafio-para-mexico-anandam-kavoori","status":"publish","type":"post","link":"https:\/\/www.uv.mx\/prensa\/banner\/cambio-climatico-importante-desafio-para-mexico-anandam-kavoori\/","title":{"rendered":"Cambio clim\u00e1tico, importante desaf\u00edo para M\u00e9xico: Anandam Kavoori"},"content":{"rendered":"<ul>\n<li data-leveltext=\"\uf0b7\" data-font=\"Symbol\" data-listid=\"5\" data-aria-posinset=\"1\" data-aria-level=\"1\"><i><span data-contrast=\"auto\">\u201c<\/span><\/i><i><span data-contrast=\"auto\">La comunicaci\u00f3n de la ciencia en el pa\u00eds enfrenta diversos retos, entre los que <\/span><\/i><i><span data-contrast=\"auto\">destaca la<\/span><\/i><i><span data-contrast=\"auto\"> apat\u00eda del p\u00fablico joven por las noticias cient\u00edficas<\/span><\/i><i><span data-contrast=\"auto\">\u201d<\/span><\/i><i><span data-contrast=\"auto\">:<\/span><\/i> <i><span data-contrast=\"auto\">Anandam<\/span><\/i> <i><span data-contrast=\"auto\">Kavoori<\/span><\/i><span data-ccp-props=\"{}\">\u00a0<\/span><\/li>\n<\/ul>\n<div id=\"attachment_80863\" style=\"width: 732px\" class=\"wp-caption aligncenter\"><a href=\"https:\/\/www.uv.mx\/prensa\/files\/2020\/02\/220220-Anandam-Kavoori-1.jpg\"><img aria-describedby=\"caption-attachment-80863\" decoding=\"async\" loading=\"lazy\" class=\"size-full wp-image-80863\" src=\"https:\/\/www.uv.mx\/prensa\/files\/2020\/02\/220220-Anandam-Kavoori-1.jpg\" alt=\"\" width=\"722\" height=\"481\" srcset=\"https:\/\/www.uv.mx\/prensa\/files\/2020\/02\/220220-Anandam-Kavoori-1.jpg 722w, https:\/\/www.uv.mx\/prensa\/files\/2020\/02\/220220-Anandam-Kavoori-1-300x200.jpg 300w\" sizes=\"(max-width: 722px) 100vw, 722px\" \/><\/a><p id=\"caption-attachment-80863\" class=\"wp-caption-text\">Anandam Kavoori<\/p><\/div>\n<p><b><i><span data-contrast=\"auto\">Carlos Hugo Hermida Rosales<\/span><\/i><\/b><span data-ccp-props=\"{}\">\u00a0<\/span><\/p>\n<p><b><i><span data-contrast=\"auto\">23\/02\/2020<\/span><\/i><\/b><b><i><span data-contrast=\"auto\">,<\/span><\/i><\/b> <b><i><span data-contrast=\"auto\">Xalapa, Ver.<\/span><\/i><\/b><b><i><span data-contrast=\"auto\">&#8211;<\/span><\/i><\/b> <span data-contrast=\"auto\">Anandam<\/span> <span data-contrast=\"auto\">Kavoori<\/span><span data-contrast=\"auto\">, acad\u00e9mico e investigador de la Universidad de <\/span><span data-contrast=\"auto\">Georgia<\/span><span data-contrast=\"auto\">, Estados Unidos<\/span><span data-contrast=\"auto\">, dialog\u00f3 con estudiantes de la Licenciatura en Econom\u00eda y de la Maestr\u00eda en Econom\u00eda Ambiental y Ecol\u00f3gica (MEAE) de la Universidad Veracruzana (UV), sobre la importancia de <\/span><span data-contrast=\"auto\">realizar <\/span><span data-contrast=\"auto\">comunicaci\u00f3n ambiental entre la poblaci\u00f3n.<\/span><span data-ccp-props=\"{}\">\u00a0<\/span><\/p>\n<p><span data-contrast=\"auto\">El <\/span><span data-contrast=\"auto\">catedr\u00e1tico <\/span><span data-contrast=\"auto\">imparti\u00f3 la conferencia <\/span><span data-contrast=\"auto\">\u201c<\/span><span data-contrast=\"auto\">Environmental<\/span> <span data-contrast=\"auto\">Communication<\/span><span data-contrast=\"auto\">. Un di\u00e1logo\u201d<\/span><span data-contrast=\"auto\">, el 20 de febrero en el auditorio de la <a href=\"https:\/\/www.uv.mx\/fei\/\" target=\"_blank\" rel=\"noopener noreferrer\">Facultad de <\/a><\/span><span data-contrast=\"auto\">Estad\u00edstica<\/span><span data-contrast=\"auto\"> e Inform\u00e1tica <\/span><span data-contrast=\"auto\">(FEI<\/span><span data-contrast=\"auto\">); esta presentaci\u00f3n fue organizada por la <\/span><span data-contrast=\"auto\">M<\/span><span data-contrast=\"auto\">E<\/span><span data-contrast=\"auto\">AE<\/span><span data-contrast=\"auto\">, en conjunto con el <\/span><span data-contrast=\"auto\">Programa de Estudios sobre Am\u00e9rica del Norte (PEAN).<\/span><span data-ccp-props=\"{&quot;335559731&quot;:708}\">\u00a0<\/span><\/p>\n<p><span data-contrast=\"auto\">La comunicaci\u00f3n ambiental <\/span><span data-contrast=\"auto\">c<\/span><span data-contrast=\"auto\">onsiste en dar y recibir informaci\u00f3n sobre el <\/span><span data-contrast=\"auto\">entorno<\/span><span data-contrast=\"auto\"> en que vivimos, <\/span><span data-contrast=\"auto\">y alude al derecho que cada miembro de la sociedad tiene a estar bien informado sobre la situaci\u00f3n del medio ambiente.\u00a0<\/span><span data-ccp-props=\"{&quot;335559731&quot;:708}\">\u00a0<\/span><\/p>\n<p><span data-contrast=\"auto\">Dentro de ella se abordan tem\u00e1ticas muy variadas como los diversos tipos de contaminaci\u00f3n, energ\u00edas alternativas y la situaci\u00f3n de la capa de ozono<\/span><span data-contrast=\"auto\">,<\/span><span data-contrast=\"auto\"> por mencionar algunas.\u00a0<\/span><span data-ccp-props=\"{&quot;335559731&quot;:708}\">\u00a0<\/span><\/p>\n<p><span data-contrast=\"auto\">Anandam<\/span> <span data-contrast=\"auto\">Kavoori<\/span><span data-contrast=\"auto\"> mencion\u00f3 que el impacto del cambio clim\u00e1tico y el poco tiempo disponible para prepararse ante las consecuencias <\/span><span data-contrast=\"auto\">que <\/span><span data-contrast=\"auto\">trae consigo, es uno de los desaf\u00edos ecol\u00f3gicos m\u00e1s importantes para M\u00e9xico.<\/span><span data-ccp-props=\"{&quot;335559731&quot;:708}\">\u00a0<\/span><\/p>\n<p><span data-contrast=\"auto\">\u201cAunado a ello<\/span><span data-contrast=\"auto\">,<\/span><span data-contrast=\"auto\"> un amplio sector de los medios de comunicaci\u00f3n ignora e incluso niega este problema\u201d, enfatiz\u00f3.\u00a0<\/span><span data-ccp-props=\"{&quot;335559731&quot;:708}\">\u00a0<\/span><\/p>\n<p><span data-contrast=\"auto\">El <\/span><span data-contrast=\"auto\">investigador<\/span> <span data-contrast=\"auto\">coment\u00f3<\/span><span data-contrast=\"auto\"> que<\/span><span data-contrast=\"auto\"> a su vez<\/span><span data-contrast=\"auto\"> la comunicaci\u00f3n de la ciencia en M\u00e9xico enfrenta diversos <\/span><span data-contrast=\"auto\">retos<\/span><span data-contrast=\"auto\">, <\/span><span data-contrast=\"auto\">entre los que se encuentra la apat\u00eda <\/span><span data-contrast=\"auto\">del p\u00fablico joven<\/span><span data-contrast=\"auto\"> por <\/span><span data-contrast=\"auto\">la<\/span><span data-contrast=\"auto\">s noticias cient\u00edficas, ya que \u00e9<\/span><span data-contrast=\"auto\">ste prefiere leer informaci\u00f3n humor\u00edstica que se publica en redes sociales.<\/span><span data-contrast=\"auto\">\u00a0<\/span><span data-ccp-props=\"{&quot;335559731&quot;:708}\">\u00a0<\/span><\/p>\n<p><span data-contrast=\"auto\">Destac\u00f3 <\/span><span data-contrast=\"auto\">asimismo <\/span><span data-contrast=\"auto\">que en <\/span><span data-contrast=\"auto\">I<\/span><span data-contrast=\"auto\">nternet abundan noticias falsas, que en lugar de difundir<\/span><span data-contrast=\"auto\"> conocimiento cient\u00edfico fidedigno entre la poblaci\u00f3n, <\/span><span data-contrast=\"auto\">la confunde al <\/span><span data-contrast=\"auto\">propaga<\/span><span data-contrast=\"auto\">r<\/span><span data-contrast=\"auto\"> datos y conceptos err\u00f3neos.<\/span><span data-ccp-props=\"{&quot;335559731&quot;:708}\">\u00a0<\/span><\/p>\n<p><span data-contrast=\"auto\">Enunci\u00f3 que es indispensable relacionar a la <\/span><span data-contrast=\"auto\">toda la poblaci\u00f3n con los sectores de la sociedad que influyen en las pol\u00edticas ambientales, as\u00ed como con aquellos cuya agenda est\u00e1 relacionada con la defensa del entorno.\u00a0<\/span><span data-ccp-props=\"{&quot;335559731&quot;:708}\">\u00a0<\/span><\/p>\n<p><span data-contrast=\"auto\">Declar\u00f3 que si queremos salvar nuestro planeta de origen, y por extensi\u00f3n a nuestra especie, primero debemos aprender a contar su historia.\u00a0<\/span><span data-ccp-props=\"{&quot;335559731&quot;:708}\">\u00a0<\/span><\/p>\n<div id=\"attachment_80862\" style=\"width: 732px\" class=\"wp-caption aligncenter\"><a href=\"https:\/\/www.uv.mx\/prensa\/files\/2020\/02\/220220-Anandam-Kavoori-2.jpg\"><img aria-describedby=\"caption-attachment-80862\" decoding=\"async\" loading=\"lazy\" class=\"size-full wp-image-80862\" src=\"https:\/\/www.uv.mx\/prensa\/files\/2020\/02\/220220-Anandam-Kavoori-2.jpg\" alt=\"\" width=\"722\" height=\"481\" srcset=\"https:\/\/www.uv.mx\/prensa\/files\/2020\/02\/220220-Anandam-Kavoori-2.jpg 722w, https:\/\/www.uv.mx\/prensa\/files\/2020\/02\/220220-Anandam-Kavoori-2-300x200.jpg 300w\" sizes=\"(max-width: 722px) 100vw, 722px\" \/><\/a><p id=\"caption-attachment-80862\" class=\"wp-caption-text\">El ponente acompa\u00f1ado por estudiantes de la Facultad de Econom\u00eda<\/p><\/div>\n","protected":false},"excerpt":{"rendered":"<p>El investigador de la Universidad de Georgia, Estados Unidos, coment\u00f3 que la comunicaci\u00f3n de la ciencia en M\u00e9xico enfrenta diversos retos, entre los que se encuentra la apat\u00eda del p\u00fablico joven<\/p>\n","protected":false},"author":1508,"featured_media":80864,"comment_status":"closed","ping_status":"closed","sticky":false,"template":"","format":"standard","meta":[],"categories":[61],"tags":[],"_links":{"self":[{"href":"https:\/\/www.uv.mx\/prensa\/wp-json\/wp\/v2\/posts\/80861"}],"collection":[{"href":"https:\/\/www.uv.mx\/prensa\/wp-json\/wp\/v2\/posts"}],"about":[{"href":"https:\/\/www.uv.mx\/prensa\/wp-json\/wp\/v2\/types\/post"}],"author":[{"embeddable":true,"href":"https:\/\/www.uv.mx\/prensa\/wp-json\/wp\/v2\/users\/1508"}],"replies":[{"embeddable":true,"href":"https:\/\/www.uv.mx\/prensa\/wp-json\/wp\/v2\/comments?post=80861"}],"version-history":[{"count":0,"href":"https:\/\/www.uv.mx\/prensa\/wp-json\/wp\/v2\/posts\/80861\/revisions"}],"wp:featuredmedia":[{"embeddable":true,"href":"https:\/\/www.uv.mx\/prensa\/wp-json\/wp\/v2\/media\/80864"}],"wp:attachment":[{"href":"https:\/\/www.uv.mx\/prensa\/wp-json\/wp\/v2\/media?parent=80861"}],"wp:term":[{"taxonomy":"category","embeddable":true,"href":"https:\/\/www.uv.mx\/prensa\/wp-json\/wp\/v2\/categories?post=80861"},{"taxonomy":"post_tag","embeddable":true,"href":"https:\/\/www.uv.mx\/prensa\/wp-json\/wp\/v2\/tags?post=80861"}],"curies":[{"name":"wp","href":"https:\/\/api.w.org\/{rel}","templated":true}]}}