{"id":81108,"date":"2020-03-01T08:00:10","date_gmt":"2020-03-01T14:00:10","guid":{"rendered":"https:\/\/www.uv.mx\/prensa\/?p=81108"},"modified":"2020-03-23T11:06:30","modified_gmt":"2020-03-23T17:06:30","slug":"neutralidad-en-internet-tema-de-analisis-en-mexico","status":"publish","type":"post","link":"https:\/\/www.uv.mx\/prensa\/general\/neutralidad-en-internet-tema-de-analisis-en-mexico\/","title":{"rendered":"Neutralidad en Internet, tema de an\u00e1lisis en M\u00e9xico"},"content":{"rendered":"<ul>\n<li data-leveltext=\"\uf0b7\" data-font=\"Symbol\" data-listid=\"1\" data-aria-posinset=\"1\" data-aria-level=\"1\"><i><span data-contrast=\"auto\">IFT apela a mantener la libertad de decisi\u00f3n y a favorecer la <\/span><\/i><i><span data-contrast=\"auto\">disminuci\u00f3n <\/span><\/i><i><span data-contrast=\"auto\">de la brecha digital, entre otros puntos<\/span><\/i><span data-ccp-props=\"{&quot;134233279&quot;:true,&quot;201341983&quot;:0,&quot;335559739&quot;:160,&quot;335559740&quot;:240}\">\u00a0<\/span><\/li>\n<\/ul>\n<div id='gallery-1' class='gallery galleryid-81108 gallery-columns-2 gallery-size-full'><dl class='gallery-item'>\n\t\t\t<dt class='gallery-icon landscape'>\n\t\t\t\t<a href='https:\/\/www.uv.mx\/prensa\/files\/2020\/02\/270220-Neutralidad-del-internet-1.jpg'><img width=\"722\" height=\"481\" src=\"https:\/\/www.uv.mx\/prensa\/files\/2020\/02\/270220-Neutralidad-del-internet-1.jpg\" class=\"attachment-full size-full\" alt=\"\" decoding=\"async\" loading=\"lazy\" aria-describedby=\"gallery-1-81046\" srcset=\"https:\/\/www.uv.mx\/prensa\/files\/2020\/02\/270220-Neutralidad-del-internet-1.jpg 722w, https:\/\/www.uv.mx\/prensa\/files\/2020\/02\/270220-Neutralidad-del-internet-1-300x200.jpg 300w\" sizes=\"(max-width: 722px) 100vw, 722px\" \/><\/a>\n\t\t\t<\/dt>\n\t\t\t\t<dd class='wp-caption-text gallery-caption' id='gallery-1-81046'>\n\t\t\t\tCarlos Adolfo Pi\u00f1a Garc\u00eda, coordinador del LARSI\n\t\t\t\t<\/dd><\/dl><dl class='gallery-item'>\n\t\t\t<dt class='gallery-icon landscape'>\n\t\t\t\t<a href='https:\/\/www.uv.mx\/prensa\/files\/2020\/02\/270220-Neutralidad-del-internet-2.jpg'><img width=\"722\" height=\"481\" src=\"https:\/\/www.uv.mx\/prensa\/files\/2020\/02\/270220-Neutralidad-del-internet-2.jpg\" class=\"attachment-full size-full\" alt=\"\" decoding=\"async\" loading=\"lazy\" aria-describedby=\"gallery-1-81047\" srcset=\"https:\/\/www.uv.mx\/prensa\/files\/2020\/02\/270220-Neutralidad-del-internet-2.jpg 722w, https:\/\/www.uv.mx\/prensa\/files\/2020\/02\/270220-Neutralidad-del-internet-2-300x200.jpg 300w\" sizes=\"(max-width: 722px) 100vw, 722px\" \/><\/a>\n\t\t\t<\/dt>\n\t\t\t\t<dd class='wp-caption-text gallery-caption' id='gallery-1-81047'>\n\t\t\t\tAlberto Ram\u00edrez Martinell, investigador del CIIES \n\t\t\t\t<\/dd><\/dl><br style=\"clear: both\" \/>\n\t\t<\/div>\n\n<p><b><i><span data-contrast=\"auto\">Karina de la Paz Reyes D\u00edaz<\/span><\/i><\/b><span data-ccp-props=\"{&quot;134233279&quot;:true,&quot;201341983&quot;:0,&quot;335559739&quot;:160,&quot;335559740&quot;:240}\">\u00a0<\/span><\/p>\n<p><b><i><span data-contrast=\"auto\">01\/03\/2020, Xalapa, Ver.-<\/span><\/i><\/b> <span data-contrast=\"auto\">La neutralidad del Internet<\/span><span data-contrast=\"auto\">, PSI, PACS, <\/span><i><span data-contrast=\"auto\">zero<\/span><\/i><i><span data-contrast=\"auto\"> rating<\/span><\/i><span data-contrast=\"auto\">, datos auspiciados, <\/span><span data-contrast=\"auto\">son t\u00e9rminos que se analizan <\/span><span data-contrast=\"auto\">a prop\u00f3sito <\/span><span data-contrast=\"auto\">del <\/span><span data-contrast=\"auto\">\u201cAnteproyecto de lineamientos para la gesti\u00f3n de tr\u00e1fico y administr<\/span><span data-contrast=\"auto\">aci\u00f3n de red a los que deber\u00e1n <\/span><span data-contrast=\"auto\">sujetarse los concesionarios y autorizados que presten el servicio <\/span><span data-contrast=\"auto\">de acceso a I<\/span><span data-contrast=\"auto\">nternet\u201d<\/span><span data-contrast=\"auto\">, q<\/span><span data-contrast=\"auto\">ue el <\/span><span data-contrast=\"auto\">Instituto Federal de Telecomunicaciones (IFT) <\/span><span data-contrast=\"auto\">tiene sometido <\/span><span data-contrast=\"auto\">a consulta p\u00fablica<\/span><span data-contrast=\"auto\"> hasta el 6 de marzo.<\/span><span data-ccp-props=\"{&quot;134233279&quot;:true,&quot;201341983&quot;:0,&quot;335559739&quot;:160,&quot;335559740&quot;:240}\">\u00a0<\/span><\/p>\n<p><span data-contrast=\"auto\">De acuerdo con el propio IFT<\/span><span data-contrast=\"auto\"> (<\/span><a href=\"https:\/\/bit.ly\/2HZnJN5\"><span data-contrast=\"none\">https:\/\/bit.ly\/2HZ<\/span><span data-contrast=\"none\">n<\/span><span data-contrast=\"none\">JN5<\/span><\/a><span data-contrast=\"auto\">),<\/span><span data-contrast=\"auto\"> la neutralidad del I<\/span><span data-contrast=\"auto\">nternet se asocia con el principio de garantizar que todo usuario puede acceder libremente a los contenidos, aplicaciones y servicios de su elecci\u00f3n, as\u00ed como a que los presta<\/span><span data-contrast=\"auto\">dores del servicio de acceso a I<\/span><span data-contrast=\"auto\">nternet traten el tr\u00e1fico generado por sus usuarios en las mismas condiciones, independientemente del contenido, origen y destino.<\/span><span data-ccp-props=\"{&quot;134233279&quot;:true,&quot;201341983&quot;:0,&quot;335559739&quot;:160,&quot;335559740&quot;:240}\">\u00a0<\/span><\/p>\n<p><span data-contrast=\"auto\">En palabras de <\/span><span data-contrast=\"auto\">Carlos Adolfo Pi\u00f1a Garc\u00eda, coordinador del <a href=\"https:\/\/www.uv.mx\/larsi\/\" target=\"_blank\" rel=\"noopener noreferrer\">Laboratorio para el An\u00e1lisis de Informaci\u00f3n Generada a trav\u00e9s de las Redes Sociales en Internet<\/a> (LARSI) de la U<\/span><span data-contrast=\"auto\">niversidad <\/span><span data-contrast=\"auto\">V<\/span><span data-contrast=\"auto\">eracruzana<\/span><span data-contrast=\"auto\"> (UV)<\/span><span data-contrast=\"auto\">, <\/span><span data-contrast=\"auto\">la neutralidad deber\u00eda garantizar <\/span><span data-contrast=\"auto\">navega<\/span><span data-contrast=\"auto\">r a una misma velocidad y tiempo<\/span><span data-contrast=\"auto\"> en<\/span><span data-contrast=\"auto\"> el <\/span><i><span data-contrast=\"auto\">blog<\/span><\/i><span data-contrast=\"auto\"> personal de un acad\u00e9mico o de una amistad,<\/span> <span data-contrast=\"auto\">que en<\/span><span data-contrast=\"auto\"> la red social <\/span><i><span data-contrast=\"auto\">Facebook<\/span><\/i><span data-contrast=\"auto\">.<\/span><span data-ccp-props=\"{&quot;134233279&quot;:true,&quot;201341983&quot;:0,&quot;335559731&quot;:708,&quot;335559739&quot;:160,&quot;335559740&quot;:240}\">\u00a0<\/span><\/p>\n<p><span data-contrast=\"auto\">El IFT plantea seis objetivos del <\/span><span data-contrast=\"auto\">anteproyecto: g<\/span><span data-contrast=\"auto\">arantizar que el usuario final <\/span><span data-contrast=\"auto\">siga teniendo libertad de decisi\u00f3n sobre los contenidos, aplicaciones y servicios a los que accede; favorecer la d<\/span><span data-contrast=\"auto\">isminuci\u00f3n de la brecha digital;<\/span> <span data-contrast=\"auto\">favorecer <\/span><span data-contrast=\"auto\">la transparencia hacia los usuarios finales sobre las t\u00e9cnicas de tr\u00e1fico implementadas por los PSI (<\/span><span data-contrast=\"auto\">Proveedores de Servicio de acceso a <\/span><span data-contrast=\"auto\">I<\/span><span data-contrast=\"auto\">nternet<\/span><span data-contrast=\"auto\">).<\/span><span data-ccp-props=\"{&quot;134233279&quot;:true,&quot;201341983&quot;:0,&quot;335559731&quot;:708,&quot;335559739&quot;:160,&quot;335559740&quot;:240}\">\u00a0<\/span><\/p>\n<p><span data-contrast=\"auto\">Otorgar certidumbre jur\u00eddica a la industria sobre la utilizaci\u00f3n de pol\u00edticas de gesti\u00f3n de tr\u00e1fico y administraci\u00f3n de red y las pr\u00e1ctic<\/span><span data-contrast=\"auto\">as comerciales asociadas a ello;<\/span><span data-contrast=\"auto\"> fomentar la innovaci\u00f3n comercial en el sector<\/span><span data-contrast=\"auto\">;<\/span><span data-contrast=\"auto\"> incentivar la inversi\u00f3n<\/span><span data-contrast=\"auto\"> en redes para la provisi\u00f3n de I<\/span><span data-contrast=\"auto\">nternet con<\/span><span data-contrast=\"auto\"> mayor calidad y m\u00e1s cobertura.<\/span><span data-ccp-props=\"{&quot;134233279&quot;:true,&quot;201341983&quot;:0,&quot;335559731&quot;:708,&quot;335559739&quot;:160,&quot;335559740&quot;:240}\">\u00a0<\/span><\/p>\n<p><span data-contrast=\"auto\">El <\/span><span data-contrast=\"auto\">propio IFT explica<\/span> <span data-contrast=\"auto\">que la gesti\u00f3n de tr\u00e1fico es el conjunto de t\u00e9cnicas utilizadas por los PIS para el manejo, tratamiento y procesamiento del flujo de tr\u00e1fico cursado por una red<\/span><span data-contrast=\"auto\"> p\u00fablica de telecomunicaciones.<\/span><span data-ccp-props=\"{&quot;134233279&quot;:true,&quot;201341983&quot;:0,&quot;335559739&quot;:160,&quot;335559740&quot;:240}\">\u00a0<\/span><\/p>\n<p><span data-contrast=\"auto\">Mientras los PIS son los concesionarios y autorizados que proporcionan a los usuarios el acceso a <\/span><span data-contrast=\"auto\">I<\/span><span data-contrast=\"auto\">nternet, a trav\u00e9s de una red p\u00fablica de telecomunicaciones<\/span><span data-contrast=\"auto\">,<\/span><span data-contrast=\"auto\"> y los PACS (los proveedores de aplicaciones, contenidos o servicios) es la persona f\u00edsica o moral que pone a disposici\u00f3n de los usuarios aplicaciones, contenidos o <\/span><span data-contrast=\"auto\">servicios a trav\u00e9s de I<\/span><span data-contrast=\"auto\">nternet.<\/span><span data-ccp-props=\"{&quot;134233279&quot;:true,&quot;201341983&quot;:0,&quot;335559739&quot;:160,&quot;335559740&quot;:240}\">\u00a0<\/span><\/p>\n<p><span data-contrast=\"auto\">Para el acad\u00e9mico <\/span><span data-contrast=\"auto\">Carlos Adolfo Pi\u00f1a<\/span><span data-contrast=\"auto\">,<\/span> <span data-contrast=\"auto\">el <\/span><span data-contrast=\"auto\">a<\/span><span data-contrast=\"auto\">nteproyecto <\/span><span data-contrast=\"auto\">desembocar\u00e1<\/span><span data-contrast=\"auto\">, por ejemplo, <\/span><span data-contrast=\"auto\">en un mayor preci<\/span><span data-contrast=\"auto\">o de los servi<\/span><span data-contrast=\"auto\">cios de <\/span><span data-contrast=\"auto\">I<\/span><span data-contrast=\"auto\">nternet<\/span><span data-contrast=\"auto\">, <\/span><span data-contrast=\"auto\">\u201c<\/span><span data-contrast=\"auto\">si queremos tener un mejor acceso<\/span><span data-contrast=\"auto\">\u201d<\/span><span data-contrast=\"auto\">.<\/span><span data-ccp-props=\"{&quot;134233279&quot;:true,&quot;201341983&quot;:0,&quot;335559739&quot;:160,&quot;335559740&quot;:240}\">\u00a0<\/span><\/p>\n<p><span data-contrast=\"auto\">En su opini\u00f3n, l<\/span><span data-contrast=\"auto\">a neutralidad <\/span><span data-contrast=\"auto\">del <\/span><span data-contrast=\"auto\">I<\/span><span data-contrast=\"auto\">nternet tambi\u00e9n se ver\u00eda<\/span><span data-contrast=\"auto\"> tr<\/span><span data-contrast=\"auto\">astocada: <\/span><span data-contrast=\"auto\">\u201cActualmente no estamos tan mal, porque t\u00fa puedes entrar a la p\u00e1gina que quieras y en teor\u00eda deber\u00eda ser la misma velocidad al ingresar al <\/span><i><span data-contrast=\"auto\">blog<\/span><\/i><span data-contrast=\"auto\"> de tu amigo <\/span><span data-contrast=\"auto\">o a la p\u00e1gina de <\/span><i><span data-contrast=\"auto\">Facebook<\/span><\/i><span data-contrast=\"auto\">\u201d.<\/span><span data-ccp-props=\"{&quot;134233279&quot;:true,&quot;201341983&quot;:0,&quot;335559731&quot;:708,&quot;335559739&quot;:160,&quot;335559740&quot;:240}\">\u00a0<\/span><\/p>\n<p><span data-contrast=\"auto\">Un tema<\/span> <span data-contrast=\"auto\">m\u00e1s ser\u00e1 el control del flujo de informaci\u00f3n ante cualquier crisis<\/span><span data-contrast=\"auto\">, a l<\/span><span data-contrast=\"auto\">o cual est\u00e1n apelando los PACS. \u201cEso nos llevar\u00eda a esta<\/span><span data-contrast=\"auto\">r<\/span><span data-contrast=\"auto\"> un poco como <\/span><span data-contrast=\"auto\">la <\/span><i><span data-contrast=\"auto\">Great Firewall<\/span><\/i><span data-contrast=\"auto\"> (<\/span><span data-contrast=\"auto\">Gran Muralla de Fueg<\/span><span data-contrast=\"auto\">o) de China, que pueden controlar ante cualquier <\/span><span data-contrast=\"auto\">cosa lo que fluye a trav\u00e9s del I<\/span><span data-contrast=\"auto\">nternet, por eso la importancia de la defensor\u00eda d<\/span><span data-contrast=\"auto\">e la neutralidad de<\/span> <span data-contrast=\"auto\">l<\/span><span data-contrast=\"auto\">a<\/span> <span data-contrast=\"auto\">red<\/span><span data-contrast=\"auto\">\u201d.<\/span><span data-ccp-props=\"{&quot;134233279&quot;:true,&quot;201341983&quot;:0,&quot;335559739&quot;:160,&quot;335559740&quot;:240}\">\u00a0<\/span><\/p>\n<p><span data-contrast=\"auto\">Alberto Ram\u00edrez <\/span><span data-contrast=\"auto\">Martinell<\/span><span data-contrast=\"auto\">, investigador <\/span><span data-contrast=\"auto\">de<\/span><span data-contrast=\"auto\">l <\/span><span data-contrast=\"auto\">Centro de Investigaci\u00f3n e Innovaci\u00f3n en Educaci\u00f3n Superior (CIIES)<\/span><span data-contrast=\"auto\"> de la UV<\/span><span data-contrast=\"auto\">,<\/span><span data-contrast=\"auto\"> tambi\u00e9n cit\u00f3 el tema de la censura y<\/span><span data-contrast=\"auto\"> precis\u00f3 el a<\/span><span data-contrast=\"auto\">rt\u00edculo 5<\/span><span data-contrast=\"auto\">,<\/span> <span data-contrast=\"auto\">f<\/span><span data-contrast=\"auto\">racci<\/span><span data-contrast=\"auto\">ones <\/span><span data-contrast=\"auto\">III y IV<\/span><span data-contrast=\"auto\"> (de los 16 <\/span><span data-contrast=\"auto\">art\u00edculos que lo conforman el a<\/span><span data-contrast=\"auto\">nteproyecto), mismo que a la letra dice:<\/span> <span data-contrast=\"auto\">\u201cLos PSI podr\u00e1n implementar, de manera temporal, pol\u00edticas de gesti\u00f3n de tr\u00e1fico y administraci\u00f3n de red que resulten en la limitaci\u00f3n, degradaci\u00f3n, restricci\u00f3n, discriminaci\u00f3n, obstrucci\u00f3n, interferencia, filtrado o bloqueo del acceso a contenidos, aplicaciones o servicios a los usuarios finales\u201d.<\/span><span data-ccp-props=\"{&quot;134233279&quot;:true,&quot;201341983&quot;:0,&quot;335559739&quot;:160,&quot;335559740&quot;:240}\">\u00a0<\/span><\/p>\n<p><span data-contrast=\"auto\">Mientras las fracciones III y IV indican: en \u201cSituaciones de emergencia o de seguridad nacional previstas en ley\u201d y \u201cA petici\u00f3n expresa de autoridad competente\u201d, respectivamente.<\/span><span data-ccp-props=\"{&quot;134233279&quot;:true,&quot;201341983&quot;:0,&quot;335559739&quot;:160,&quot;335559740&quot;:240}\">\u00a0<\/span><\/p>\n<p><span data-contrast=\"auto\">El acad\u00e9mico del CIIES aclar\u00f3 que si bien es una necesidad la regulaci\u00f3n del Internet, los t\u00e9rminos propuestos no son objetivos. \u201cPensemos en tres actores: los PSI, los<\/span> <span data-contrast=\"auto\">PACS <\/span><span data-contrast=\"auto\">\u2013como <\/span><i><span data-contrast=\"auto\">Facebook<\/span><\/i><span data-contrast=\"auto\">\u2013 y los usuarios, <\/span><span data-contrast=\"auto\">quienes<\/span><span data-contrast=\"auto\"> convivimos en Internet<\/span><span data-contrast=\"auto\">,<\/span><span data-contrast=\"auto\"> y la <\/span><span data-contrast=\"auto\">l<\/span><span data-contrast=\"auto\">ey est\u00e1 favoreciendo a <\/span><span data-contrast=\"auto\">los dos primeros, principalmente a los PIS que podr\u00e1n hacer acuerdos comerciales con los PACS\u201d.<\/span><span data-ccp-props=\"{&quot;134233279&quot;:true,&quot;201341983&quot;:0,&quot;335559739&quot;:160,&quot;335559740&quot;:240}\">\u00a0<\/span><\/p>\n<p><span data-contrast=\"auto\">Por su parte,<\/span><span data-contrast=\"auto\"> el IFT como parte del apartado \u201cMitos y realidades\u201d de<\/span><span data-contrast=\"auto\">l<\/span><span data-contrast=\"auto\"> documento en el<\/span><span data-contrast=\"auto\"> que informa del tema, dice<\/span><span data-contrast=\"auto\">: \u201cEn ning\u00fan momento se habla de inspeccionar el contenido espec\u00edfico que intercambien los usuarios en <\/span><span data-contrast=\"auto\">I<\/span><span data-contrast=\"auto\">nternet\u201d, <\/span><span data-contrast=\"auto\">incluso \u201cque los lineamientos obligan a los PSI a respetar el derecho de los usuarios finales a acceder libremente a los contenidos, aplicaciones o servicios de su elecci\u00f3n y, no s<\/span><span data-contrast=\"auto\">\u00f3<\/span><span data-contrast=\"auto\">lo eso, sino que los obliga a asegurar que las condiciones de velocidad y calidad del servicio sean las contratadas por el usuario\u201d.<\/span><span data-ccp-props=\"{&quot;134233279&quot;:true,&quot;201341983&quot;:0,&quot;335559731&quot;:708,&quot;335559739&quot;:160,&quot;335559740&quot;:240}\">\u00a0<\/span><\/p>\n","protected":false},"excerpt":{"rendered":"<p>De acuerdo al Instituto Federal de Telecomunicaciones, la neutralidad del Internet se asocia con el principio de garantizar que todo usuario pueda acceder libremente a los contenidos, aplicaciones y servicios de su elecci\u00f3n<\/p>\n","protected":false},"author":1508,"featured_media":81129,"comment_status":"closed","ping_status":"closed","sticky":false,"template":"","format":"standard","meta":[],"categories":[1],"tags":[],"_links":{"self":[{"href":"https:\/\/www.uv.mx\/prensa\/wp-json\/wp\/v2\/posts\/81108"}],"collection":[{"href":"https:\/\/www.uv.mx\/prensa\/wp-json\/wp\/v2\/posts"}],"about":[{"href":"https:\/\/www.uv.mx\/prensa\/wp-json\/wp\/v2\/types\/post"}],"author":[{"embeddable":true,"href":"https:\/\/www.uv.mx\/prensa\/wp-json\/wp\/v2\/users\/1508"}],"replies":[{"embeddable":true,"href":"https:\/\/www.uv.mx\/prensa\/wp-json\/wp\/v2\/comments?post=81108"}],"version-history":[{"count":0,"href":"https:\/\/www.uv.mx\/prensa\/wp-json\/wp\/v2\/posts\/81108\/revisions"}],"wp:featuredmedia":[{"embeddable":true,"href":"https:\/\/www.uv.mx\/prensa\/wp-json\/wp\/v2\/media\/81129"}],"wp:attachment":[{"href":"https:\/\/www.uv.mx\/prensa\/wp-json\/wp\/v2\/media?parent=81108"}],"wp:term":[{"taxonomy":"category","embeddable":true,"href":"https:\/\/www.uv.mx\/prensa\/wp-json\/wp\/v2\/categories?post=81108"},{"taxonomy":"post_tag","embeddable":true,"href":"https:\/\/www.uv.mx\/prensa\/wp-json\/wp\/v2\/tags?post=81108"}],"curies":[{"name":"wp","href":"https:\/\/api.w.org\/{rel}","templated":true}]}}