{"id":81130,"date":"2020-03-01T13:58:17","date_gmt":"2020-03-01T19:58:17","guid":{"rendered":"https:\/\/www.uv.mx\/prensa\/?p=81130"},"modified":"2020-03-02T16:22:24","modified_gmt":"2020-03-02T22:22:24","slug":"hacer-movilidad-me-hizo-crecer-como-persona-estudiante-de-fcas","status":"publish","type":"post","link":"https:\/\/www.uv.mx\/prensa\/general\/hacer-movilidad-me-hizo-crecer-como-persona-estudiante-de-fcas\/","title":{"rendered":"Movilidad me hizo crecer como persona: alumna de FCAS"},"content":{"rendered":"<ul>\n<li data-leveltext=\"\uf0b7\" data-font=\"Symbol\" data-listid=\"1\" data-aria-posinset=\"1\" data-aria-level=\"1\"><i><span data-contrast=\"auto\">Raquel Gonz\u00e1lez <\/span><\/i><i><span data-contrast=\"auto\">Rivadeneyra<\/span><\/i> <i><span data-contrast=\"auto\">c<\/span><\/i><i><span data-contrast=\"auto\">urs\u00f3 un semestre en la Universidad de Santo Tom\u00e1s, en Bucaramanga, Colombia\u00a0<\/span><\/i><span data-ccp-props=\"{&quot;134233279&quot;:true,&quot;201341983&quot;:0,&quot;335559739&quot;:160,&quot;335559740&quot;:240}\">\u00a0<\/span><\/li>\n<li data-leveltext=\"\uf0b7\" data-font=\"Symbol\" data-listid=\"1\" data-aria-posinset=\"2\" data-aria-level=\"1\"><i><span data-contrast=\"auto\">Desde su ingreso a la <\/span><\/i><i><span data-contrast=\"auto\">Universidad Veracruzana<\/span><\/i><i><span data-contrast=\"auto\">, su meta siempre fue realizar una estancia internacional<\/span><\/i><\/li>\n<\/ul>\n<div id=\"attachment_81132\" style=\"width: 732px\" class=\"wp-caption aligncenter\"><a href=\"https:\/\/www.uv.mx\/prensa\/files\/2020\/03\/280220-MOVILIDAD-COLOMBIA-1.jpg\"><img aria-describedby=\"caption-attachment-81132\" decoding=\"async\" loading=\"lazy\" class=\"size-full wp-image-81132\" src=\"https:\/\/www.uv.mx\/prensa\/files\/2020\/03\/280220-MOVILIDAD-COLOMBIA-1.jpg\" alt=\"\" width=\"722\" height=\"481\" srcset=\"https:\/\/www.uv.mx\/prensa\/files\/2020\/03\/280220-MOVILIDAD-COLOMBIA-1.jpg 722w, https:\/\/www.uv.mx\/prensa\/files\/2020\/03\/280220-MOVILIDAD-COLOMBIA-1-300x200.jpg 300w\" sizes=\"(max-width: 722px) 100vw, 722px\" \/><\/a><p id=\"caption-attachment-81132\" class=\"wp-caption-text\">La universitaria hizo amistad con j\u00f3venes de Estados Unidos, Costa Rica, Per\u00fa y Argentina<\/p><\/div>\n<p><b><i><span data-contrast=\"auto\">Claudia Peralta V\u00e1zquez<\/span><\/i><\/b><span data-ccp-props=\"{&quot;201341983&quot;:0,&quot;335559739&quot;:160,&quot;335559740&quot;:240}\">\u00a0<\/span><\/p>\n<p><b><i><span data-contrast=\"auto\">01<\/span><\/i><\/b><b><i><span data-contrast=\"auto\">\/<\/span><\/i><\/b><b><i><span data-contrast=\"auto\">03<\/span><\/i><\/b><b><i><span data-contrast=\"auto\">\/<\/span><\/i><\/b><b><i><span data-contrast=\"auto\">20<\/span><\/i><\/b><b><i><span data-contrast=\"auto\">20<\/span><\/i><\/b><b><i><span data-contrast=\"auto\">, Xalapa, Ver.-<\/span><\/i><\/b> <span data-contrast=\"auto\">\u201c<\/span><span data-contrast=\"auto\">La movilidad me hizo m\u00e1s<\/span><span data-contrast=\"auto\"> paciente<\/span><span data-contrast=\"auto\">, flexible, tolerante, respetuosa ha<\/span><span data-contrast=\"auto\">cia las diferencias y con<\/span><span data-contrast=\"auto\"> una mente m\u00e1s abierta y global<\/span><span data-contrast=\"auto\">;<\/span><span data-contrast=\"auto\"> siento que crec\u00ed como persona<\/span><span data-contrast=\"auto\">\u201d, expres\u00f3<\/span> <span data-contrast=\"auto\">Raquel Gonz\u00e1lez <\/span><span data-contrast=\"auto\">Rivadeneyra<\/span><span data-contrast=\"auto\">, alumna <\/span><span data-contrast=\"auto\">de la<\/span><span data-contrast=\"auto\"><a href=\"https:\/\/www.uv.mx\/fcas\/\" target=\"_blank\" rel=\"noopener noreferrer\"> Facultad de Ciencias Administrativas y Sociales<\/a> (FCAS) de la Universidad Veracruzana (UV)<\/span><span data-contrast=\"auto\">, tras haber hecho una esta<\/span><span data-contrast=\"auto\">ncia semestral<\/span><span data-contrast=\"auto\"> en la <\/span><span data-contrast=\"auto\">Universidad de Santo Tom\u00e1s, situada en Bucaramanga, Colombia<\/span><span data-contrast=\"auto\">.<\/span><span data-ccp-props=\"{&quot;201341983&quot;:0,&quot;335559739&quot;:160,&quot;335559740&quot;:240}\">\u00a0<\/span><\/p>\n<p><span data-contrast=\"auto\">Apoyada por <\/span><span data-contrast=\"auto\">el Programa de Movilidad <\/span><span data-contrast=\"auto\">de <\/span><span data-contrast=\"auto\">la UV<\/span> <span data-contrast=\"auto\">(<\/span><i><span data-contrast=\"auto\">Promuv<\/span><\/i><span data-contrast=\"auto\">), e<\/span><span data-contrast=\"auto\">ntre julio y diciembre<\/span><span data-contrast=\"auto\"> del a\u00f1o pasado<\/span><span data-contrast=\"auto\"> la est<\/span><span data-contrast=\"auto\">udiante de octavo semestre<\/span><span data-contrast=\"auto\"> de la <\/span><span data-contrast=\"auto\">L<\/span><span data-contrast=\"auto\">icencia<\/span><span data-contrast=\"auto\">tura en Relaciones Industriales<\/span><span data-contrast=\"auto\"> estuvo en <\/span><span data-contrast=\"auto\">Colombia <\/span><span data-contrast=\"auto\">con la finalidad de aprender m\u00e1s sobre su cultura y cursar cuatro experiencias educativas (EE) relacionadas con su carrera.<\/span><span data-ccp-props=\"{&quot;201341983&quot;:0,&quot;335559731&quot;:708,&quot;335559739&quot;:160,&quot;335559740&quot;:240}\">\u00a0<\/span><\/p>\n<p><span data-contrast=\"auto\">Desde su ingreso a la UV, Raquel se prepar\u00f3 para hacer esta movilidad, y aunque no sab\u00eda a qu\u00e9 universidad o naci\u00f3n ir\u00eda, confiesa que siempre se esforz\u00f3 por obtener buenas calificaciones<\/span><span data-contrast=\"auto\">, practicar el <\/span><span data-contrast=\"auto\">ingl\u00e9s y cumplir con todos los requisitos que le soli<\/span><span data-contrast=\"auto\">citar\u00edan <\/span><span data-contrast=\"auto\">cuando<\/span><span data-contrast=\"auto\"> llegara esa o<\/span><span data-contrast=\"auto\">portunidad.<\/span><span data-ccp-props=\"{&quot;201341983&quot;:0,&quot;335559731&quot;:708,&quot;335559739&quot;:160,&quot;335559740&quot;:240}\">\u00a0<\/span><\/p>\n<p><span data-contrast=\"auto\">Entrevistada el pasado 5 de febrero, <\/span><span data-contrast=\"auto\">tras<\/span><span data-contrast=\"auto\"> la ceremonia de bienvenida a universitarios de movilidad nacional e internacional, que tuvo lugar en la Unidad de Servicios Bibliotecarios y de Informaci\u00f3n (USBI), la joven expres\u00f3 que durante esa estancia sinti\u00f3 mucho orgullo por ser alumna de la UV, pues sus conocimientos, aptitudes y habilidades destacaron del resto de sus compa\u00f1eros.<\/span><span data-ccp-props=\"{&quot;201341983&quot;:0,&quot;335559731&quot;:708,&quot;335559739&quot;:160,&quot;335559740&quot;:240}\">\u00a0<\/span><\/p>\n<p><span data-contrast=\"auto\">En <\/span><span data-contrast=\"auto\">la <\/span><span data-contrast=\"auto\">Universidad de Santo Tom\u00e1s<\/span><span data-contrast=\"auto\"> curs\u00f3 las EE Simulaci\u00f3n y <\/span><span data-contrast=\"auto\">J<\/span><span data-contrast=\"auto\">uego <\/span><span data-contrast=\"auto\">G<\/span><span data-contrast=\"auto\">erencial, Planeaci\u00f3n <\/span><span data-contrast=\"auto\">E<\/span><span data-contrast=\"auto\">strat\u00e9gica, Seguridad e <\/span><span data-contrast=\"auto\">H<\/span><span data-contrast=\"auto\">igiene en el <\/span><span data-contrast=\"auto\">T<\/span><span data-contrast=\"auto\">rabajo y Competencias <\/span><span data-contrast=\"auto\">C<\/span><span data-contrast=\"auto\">omunicativas<\/span><span data-contrast=\"auto\">, de las que aprendi\u00f3 cosas nuevas, pues <\/span><span data-contrast=\"auto\">all\u00e1 se abordan <\/span><span data-contrast=\"auto\">conceptos distintos, pero al final todo se complement\u00f3.<\/span><span data-ccp-props=\"{&quot;201341983&quot;:0,&quot;335559731&quot;:708,&quot;335559739&quot;:160,&quot;335559740&quot;:240}\">\u00a0<\/span><\/p>\n<p><span data-contrast=\"auto\">Asimismo, sus participaciones en clase fueron constantes y abonaron a la <\/span><span data-contrast=\"auto\">formaci\u00f3n <\/span><span data-contrast=\"auto\">de sus compa\u00f1eros<\/span><span data-contrast=\"auto\">,<\/span><span data-contrast=\"auto\"> quienes recurr\u00edan a ella cu<\/span><span data-contrast=\"auto\">ando algo no comprend\u00edan; i<\/span><span data-contrast=\"auto\">ncluso, los acad\u00e9micos de esa <\/span><span data-contrast=\"auto\">u<\/span><span data-contrast=\"auto\">niversidad<\/span><span data-contrast=\"auto\"> tambi\u00e9n<\/span><span data-contrast=\"auto\"> reconocieron la calidad y ens<\/span><span data-contrast=\"auto\">e\u00f1anza de la UV, y por lo mismo<\/span><span data-contrast=\"auto\"> le exig<\/span><span data-contrast=\"auto\">ieron<\/span><span data-contrast=\"auto\"> m\u00e1s para que su rendimiento no disminuyera.<\/span><span data-ccp-props=\"{&quot;201341983&quot;:0,&quot;335559731&quot;:708,&quot;335559739&quot;:160,&quot;335559740&quot;:240}\">\u00a0<\/span><\/p>\n<p><span data-contrast=\"auto\">\u201cMe pon\u00edan a exponer temas m\u00e1s dif\u00edciles que a los dem\u00e1s, pues vieron<\/span><span data-contrast=\"auto\"> que el nivel de la UV es alto.\u201d<\/span><span data-ccp-props=\"{&quot;201341983&quot;:0,&quot;335559731&quot;:708,&quot;335559739&quot;:160,&quot;335559740&quot;:240}\">\u00a0<\/span><\/p>\n<p><span data-contrast=\"auto\">\u00a0A partir de esta experiencia, <\/span><span data-contrast=\"auto\">dinero que llega a sus manos lo ahorra porque no duda en viajar nuevamente y conocer m\u00e1s personas que incidan favorablemente en su formaci\u00f3n acad\u00e9mica y personal.<\/span><span data-ccp-props=\"{&quot;201341983&quot;:0,&quot;335559731&quot;:708,&quot;335559739&quot;:160,&quot;335559740&quot;:240}\">\u00a0<\/span><\/p>\n<p><span data-contrast=\"auto\">En este sentido, se mostr\u00f3 contenta por haber incluido entre sus contactos y amigos a j\u00f3venes de <\/span><span data-contrast=\"auto\">u<\/span><span data-contrast=\"auto\">niversidades de Estados Unidos, Costa Rica, Per\u00fa y Argentina, que al mismo tiempo hicieron movilidad en Colombia.<\/span><span data-ccp-props=\"{&quot;201341983&quot;:0,&quot;335559731&quot;:708,&quot;335559739&quot;:160,&quot;335559740&quot;:240}\">\u00a0<\/span><\/p>\n<p><span data-contrast=\"auto\">\u201c<\/span><span data-contrast=\"auto\">Me encant\u00f3 irme de movilidad, cuando regres\u00e9 me dio una depresi\u00f3n porque <\/span><span data-contrast=\"auto\">all\u00e1 <\/span><span data-contrast=\"auto\">estaba tan feliz, la escuela e<\/span><span data-contrast=\"auto\">ra incre\u00edble y me trataron muy<\/span><span data-contrast=\"auto\"> bien,<\/span><span data-contrast=\"auto\"> todos fueron amables y me sent\u00ed bienvenida\u201d.<\/span><span data-ccp-props=\"{&quot;201341983&quot;:0,&quot;335559731&quot;:708,&quot;335559739&quot;:160,&quot;335559740&quot;:240}\">\u00a0<\/span><\/p>\n","protected":false},"excerpt":{"rendered":"<p>Raquel Gonz\u00e1lez Rivadeneyra curs\u00f3 un semestre en la Universidad de Santo Tom\u00e1s, en Bucaramanga, Colombia  <\/p>\n","protected":false},"author":1508,"featured_media":81132,"comment_status":"closed","ping_status":"closed","sticky":false,"template":"","format":"standard","meta":[],"categories":[1],"tags":[],"_links":{"self":[{"href":"https:\/\/www.uv.mx\/prensa\/wp-json\/wp\/v2\/posts\/81130"}],"collection":[{"href":"https:\/\/www.uv.mx\/prensa\/wp-json\/wp\/v2\/posts"}],"about":[{"href":"https:\/\/www.uv.mx\/prensa\/wp-json\/wp\/v2\/types\/post"}],"author":[{"embeddable":true,"href":"https:\/\/www.uv.mx\/prensa\/wp-json\/wp\/v2\/users\/1508"}],"replies":[{"embeddable":true,"href":"https:\/\/www.uv.mx\/prensa\/wp-json\/wp\/v2\/comments?post=81130"}],"version-history":[{"count":0,"href":"https:\/\/www.uv.mx\/prensa\/wp-json\/wp\/v2\/posts\/81130\/revisions"}],"wp:featuredmedia":[{"embeddable":true,"href":"https:\/\/www.uv.mx\/prensa\/wp-json\/wp\/v2\/media\/81132"}],"wp:attachment":[{"href":"https:\/\/www.uv.mx\/prensa\/wp-json\/wp\/v2\/media?parent=81130"}],"wp:term":[{"taxonomy":"category","embeddable":true,"href":"https:\/\/www.uv.mx\/prensa\/wp-json\/wp\/v2\/categories?post=81130"},{"taxonomy":"post_tag","embeddable":true,"href":"https:\/\/www.uv.mx\/prensa\/wp-json\/wp\/v2\/tags?post=81130"}],"curies":[{"name":"wp","href":"https:\/\/api.w.org\/{rel}","templated":true}]}}