{"id":81174,"date":"2020-03-02T12:49:28","date_gmt":"2020-03-02T18:49:28","guid":{"rendered":"https:\/\/www.uv.mx\/prensa\/?p=81174"},"modified":"2020-03-02T16:10:30","modified_gmt":"2020-03-02T22:10:30","slug":"la-uv-siempre-conservara-a-ernesto-cardenal","status":"publish","type":"post","link":"https:\/\/www.uv.mx\/prensa\/banner\/la-uv-siempre-conservara-a-ernesto-cardenal\/","title":{"rendered":"La UV siempre conservar\u00e1 a Ernesto Cardenal\u00a0\u00a0"},"content":{"rendered":"<ul>\n<li data-leveltext=\"\uf0b7\" data-font=\"Symbol\" data-listid=\"1\" data-aria-posinset=\"1\" data-aria-level=\"1\"><i><span data-contrast=\"auto\">L<\/span><\/i><i><span data-contrast=\"auto\">a Fundaci\u00f3n UV y Discos Pentagrama presentaron su documental <\/span><\/i><span data-contrast=\"auto\">Solentiname<\/span><em> en 2006\u00a0<\/em><\/li>\n<li data-leveltext=\"\uf0b7\" data-font=\"Symbol\" data-listid=\"1\" data-aria-posinset=\"2\" data-aria-level=\"1\"><i><span data-contrast=\"auto\">En 2009 recibi\u00f3 el Doctorado <\/span><\/i><span data-contrast=\"auto\">Honoris Causa<\/span><i><span data-contrast=\"auto\"> por esta casa de estudios, al igual que Eduardo Galeano, y en 2013 fue el invitado de honor de la FILU<\/span><\/i><span data-ccp-props=\"{&quot;134233279&quot;:true}\">\u00a0<\/span><\/li>\n<li data-leveltext=\"\uf0b7\" data-font=\"Symbol\" data-listid=\"1\" data-aria-posinset=\"2\" data-aria-level=\"1\"><i><span data-contrast=\"auto\">Falleci\u00f3 el primero de marzo de 2020<\/span><\/i><span data-ccp-props=\"{&quot;134233279&quot;:true}\">\u00a0<\/span><span data-ccp-props=\"{}\"><br \/>\n<\/span><\/li>\n<\/ul>\n<div id=\"attachment_81176\" style=\"width: 732px\" class=\"wp-caption aligncenter\"><a href=\"https:\/\/www.uv.mx\/prensa\/files\/2020\/03\/Ernesto-Cardenal.jpg\"><img aria-describedby=\"caption-attachment-81176\" decoding=\"async\" loading=\"lazy\" class=\"wp-image-81176 size-full\" src=\"https:\/\/www.uv.mx\/prensa\/files\/2020\/03\/Ernesto-Cardenal.jpg\" alt=\"\" width=\"722\" height=\"482\" srcset=\"https:\/\/www.uv.mx\/prensa\/files\/2020\/03\/Ernesto-Cardenal.jpg 722w, https:\/\/www.uv.mx\/prensa\/files\/2020\/03\/Ernesto-Cardenal-300x200.jpg 300w\" sizes=\"(max-width: 722px) 100vw, 722px\" \/><\/a><p id=\"caption-attachment-81176\" class=\"wp-caption-text\">La relaci\u00f3n entre el poeta nicrag\u00fcense y la UV inici\u00f3 hace m\u00e1s de 40 a\u00f1os<\/p><\/div>\n<p><b><i><span data-contrast=\"auto\">Redacci\u00f3n Universo<\/span><\/i><\/b><span data-ccp-props=\"{}\">\u00a0<\/span><\/p>\n<p><b><i><span data-contrast=\"auto\">02<\/span><\/i><\/b><b><i><span data-contrast=\"auto\">\/<\/span><\/i><\/b><b><i><span data-contrast=\"auto\">03<\/span><\/i><\/b><b><i><span data-contrast=\"auto\">\/<\/span><\/i><\/b><b><i><span data-contrast=\"auto\">20<\/span><\/i><\/b><b><i><span data-contrast=\"auto\">20<\/span><\/i><\/b><b><i><span data-contrast=\"auto\">,<\/span><\/i><\/b><b><i><span data-contrast=\"auto\"> Xalapa, Ver.-<\/span><\/i><\/b> <span data-contrast=\"auto\">Hoy, a\u00a0 un d\u00eda de su partida, es preciso recordar l<\/span><span data-contrast=\"auto\">a relaci\u00f3n entre la Universidad Veracruzana<\/span><span data-contrast=\"auto\"> (UV)<\/span><span data-contrast=\"auto\"> y el poet<\/span><span data-contrast=\"auto\">a nicarag\u00fcense Ernesto Cardenal<\/span><span data-contrast=\"auto\">. Inici\u00f3<\/span><span data-contrast=\"auto\"> hace <\/span><span data-contrast=\"auto\">m\u00e1s de 40 a\u00f1os, <\/span><span data-contrast=\"auto\">cuando <\/span><span data-contrast=\"auto\">tuvo fugaces encuentros con la revista emblem\u00e1tica de <\/span><span data-contrast=\"auto\">esta casa de estudios<\/span><span data-contrast=\"auto\">, <\/span><i><span data-contrast=\"auto\">La Palabra y el Hombre<\/span><\/i><span data-contrast=\"auto\">, <\/span><span data-contrast=\"auto\">plante\u00f3<\/span><span data-contrast=\"auto\"> Nina <\/span><span data-contrast=\"auto\">Crangle<\/span><span data-contrast=\"auto\">, integrante de <\/span><span data-contrast=\"auto\">la<\/span><span data-contrast=\"auto\"> Editorial UV<\/span><span data-contrast=\"auto\">, durante la presentaci\u00f3n del primer tomo de su <\/span><i><span data-contrast=\"auto\">Poes\u00eda Completa<\/span><\/i><span data-contrast=\"auto\"> en la Feria Internacional del Libro Universitario (FILU) 2007<\/span><span data-contrast=\"auto\">.<\/span><span data-ccp-props=\"{}\">\u00a0<\/span><\/p>\n<p><span data-contrast=\"auto\">En septiembre de 2006 Cardenal estuvo presente en <\/span><span data-contrast=\"auto\">la Feria Internacional del Libro Universitario (FILU) <\/span><span data-contrast=\"auto\">y g<\/span><span data-contrast=\"auto\">racias a la colaboraci\u00f3n de la Fundaci\u00f3n de la UV y Discos Pentagrama <\/span><span data-contrast=\"auto\">se present\u00f3 el documental <\/span><i><span data-contrast=\"auto\">Solentiname<\/span><\/i><span data-contrast=\"auto\"> en <\/span><span data-contrast=\"auto\">torno a su vida<\/span><span data-contrast=\"auto\">,<\/span><span data-contrast=\"auto\"> adem\u00e1s ofreci\u00f3<\/span><span data-contrast=\"auto\"> un recital po\u00e9tico.<\/span><span data-ccp-props=\"{&quot;335559731&quot;:708}\">\u00a0<\/span><\/p>\n<p><span data-contrast=\"auto\">En 2009 <\/span><span data-contrast=\"auto\">se celebr\u00f3 el <\/span><span data-contrast=\"auto\">II Encuen<\/span><span data-contrast=\"auto\">tro de Escritores por la Tierra<\/span><span data-contrast=\"auto\">, <\/span><span data-contrast=\"auto\">donde e<\/span><span data-contrast=\"auto\">l poeta y el <\/span><span data-contrast=\"auto\">m\u00fasico<\/span><span data-contrast=\"auto\"> cubano Silvio Rodr\u00edguez<\/span><span data-contrast=\"auto\">, como integrantes de la <\/span><span data-contrast=\"auto\">Red Internacional de Escritores por la Tierra (RIET)<\/span><span data-contrast=\"auto\">, convivieron con la comunidad universitaria en el Museo de Antropolog\u00eda de Xalapa (MAX).<\/span><span data-ccp-props=\"{&quot;335559731&quot;:708}\">\u00a0<\/span><\/p>\n<p><span data-contrast=\"auto\">El 26 de marzo de ese mismo a\u00f1o, en sesi\u00f3n solemne del Consejo Universitario General (CUG) se entreg\u00f3 el <\/span><span data-contrast=\"auto\">D<\/span><span data-contrast=\"auto\">octorado <\/span><i><span data-contrast=\"auto\">Honoris Causa<\/span><\/i><span data-contrast=\"auto\"> a <\/span><span data-contrast=\"auto\">Ernesto <\/span><span data-contrast=\"auto\">Cardenal <\/span><span data-contrast=\"auto\">y a Eduardo Galeano.<\/span><span data-ccp-props=\"{&quot;335559731&quot;:708}\">\u00a0<\/span><\/p>\n<p><span data-contrast=\"auto\">Ese d\u00eda, el autor de <\/span><i><span data-contrast=\"auto\">Oraci\u00f3n por Marilyn Monroe<\/span><\/i><span data-contrast=\"auto\"> y otros poemas, evoc\u00f3 los lazos de hermandad que nos un<\/span><span data-contrast=\"auto\">en a nicarag\u00fcenses y mexicanos y <\/span><span data-contrast=\"auto\">reiter\u00f3 la preocupaci\u00f3n que domina toda su obra: la lucha con la crisis definitiva del hombre<\/span><span data-contrast=\"auto\">.<\/span><span data-ccp-props=\"{&quot;335559731&quot;:708}\">\u00a0<\/span><\/p>\n<p><span data-contrast=\"auto\">El<\/span><span data-contrast=\"auto\"> 22 de septiembre <\/span><span data-contrast=\"auto\">de 2010, el poeta <\/span><span data-contrast=\"auto\">nicarag\u00fcense<\/span><span data-contrast=\"auto\"> hizo una lectura de poes\u00eda <\/span><span data-contrast=\"auto\">el A<\/span><span data-contrast=\"auto\">uditorio <\/span><span data-contrast=\"auto\">\u201cJes\u00fas Morales Fern\u00e1ndez\u201d <\/span><span data-contrast=\"auto\">de la Unidad de Humanidades, en el marco de las Jornadas Acad\u00e9micas Cuba-UV<\/span><span data-contrast=\"auto\">,<\/span> <span data-contrast=\"auto\">donde expres\u00f3 que<\/span><span data-contrast=\"auto\"> \u201cel poeta ha preparado los cambios hist\u00f3ricos, es su profeta\u2026 la poes\u00eda s<\/span><span data-contrast=\"auto\">iempre ayuda al cambio social\u201d.<\/span><span data-ccp-props=\"{&quot;335559731&quot;:708}\">\u00a0<\/span><\/p>\n<p><span data-contrast=\"auto\">En 2013 l<\/span><span data-contrast=\"auto\">a <\/span><span data-contrast=\"auto\">FILU<\/span><span data-contrast=\"auto\">, en su vig\u00e9si<\/span><span data-contrast=\"auto\">ma edici\u00f3n y bajo el lema \u201cUV: o<\/span><span data-contrast=\"auto\">rgullo que une\u201d, tuvo como invitado especial a Nicaragua y a Ernesto Cardenal como su figura insigne<\/span><span data-contrast=\"auto\">; en dicho marco <\/span><span data-contrast=\"auto\">la UV y la Fundaci\u00f3n Mediterr\u00e1nea Mare Terra instituyeron el Premio Hispanoamericano de Poes\u00eda \u201cErnesto Cardenal\u201d, con el poeta nica<\/span><span data-contrast=\"auto\">rag\u00fcense como testigo de honor.<\/span><span data-ccp-props=\"{&quot;335559731&quot;:708}\">\u00a0<\/span><\/p>\n<p><span data-contrast=\"auto\">Minutos despu\u00e9s de la instauraci\u00f3n del premio, Ernesto Cardenal ofreci\u00f3 un recital de poes\u00eda que dur\u00f3 casi una hora, acompa\u00f1ado del tambi\u00e9n poeta Jos\u00e9 Luis Rivas, Premio Nacional de Ciencias y Artes 2009, quien adem\u00e1s de dar una semblanza del nicarag\u00fcense, habl\u00f3 de su quehacer po\u00e9tico.<\/span><span data-ccp-props=\"{&quot;335559731&quot;:708}\">\u00a0<\/span><\/p>\n<p><span data-contrast=\"auto\">De su quehacer religioso y pol\u00edtico ya han dado cuenta otros medios de comunicaci\u00f3n. Desde aqu\u00ed s\u00f3lo se hizo un breve repaso de su historia con esta casa de <\/span><span data-contrast=\"auto\">estudios, a la que nutri\u00f3 con su trabajo de escritor.<\/span><span data-ccp-props=\"{&quot;335559731&quot;:708}\">\u00a0<\/span><\/p>\n<p><span data-contrast=\"auto\">Descanse en paz<\/span><span data-contrast=\"auto\">.<\/span><span data-ccp-props=\"{&quot;335559731&quot;:708}\">\u00a0<\/span><\/p>\n","protected":false},"excerpt":{"rendered":"<p>En 2009 recibi\u00f3 el Doctorado <em>Honoris Causa<\/em> por esta casa de estudios, al igual que Eduardo Galeano, y en 2013 fue el invitado de honor de la FILU\u00a0<\/p>\n","protected":false},"author":1869,"featured_media":81178,"comment_status":"closed","ping_status":"closed","sticky":false,"template":"","format":"standard","meta":[],"categories":[61],"tags":[],"_links":{"self":[{"href":"https:\/\/www.uv.mx\/prensa\/wp-json\/wp\/v2\/posts\/81174"}],"collection":[{"href":"https:\/\/www.uv.mx\/prensa\/wp-json\/wp\/v2\/posts"}],"about":[{"href":"https:\/\/www.uv.mx\/prensa\/wp-json\/wp\/v2\/types\/post"}],"author":[{"embeddable":true,"href":"https:\/\/www.uv.mx\/prensa\/wp-json\/wp\/v2\/users\/1869"}],"replies":[{"embeddable":true,"href":"https:\/\/www.uv.mx\/prensa\/wp-json\/wp\/v2\/comments?post=81174"}],"version-history":[{"count":0,"href":"https:\/\/www.uv.mx\/prensa\/wp-json\/wp\/v2\/posts\/81174\/revisions"}],"wp:featuredmedia":[{"embeddable":true,"href":"https:\/\/www.uv.mx\/prensa\/wp-json\/wp\/v2\/media\/81178"}],"wp:attachment":[{"href":"https:\/\/www.uv.mx\/prensa\/wp-json\/wp\/v2\/media?parent=81174"}],"wp:term":[{"taxonomy":"category","embeddable":true,"href":"https:\/\/www.uv.mx\/prensa\/wp-json\/wp\/v2\/categories?post=81174"},{"taxonomy":"post_tag","embeddable":true,"href":"https:\/\/www.uv.mx\/prensa\/wp-json\/wp\/v2\/tags?post=81174"}],"curies":[{"name":"wp","href":"https:\/\/api.w.org\/{rel}","templated":true}]}}