{"id":81218,"date":"2020-03-02T20:35:15","date_gmt":"2020-03-03T02:35:15","guid":{"rendered":"https:\/\/www.uv.mx\/prensa\/?p=81218"},"modified":"2020-03-02T20:35:15","modified_gmt":"2020-03-03T02:35:15","slug":"uv-fortalece-procesos-de-ensenanza-con-celulas-de-desarrollo-de-contenidos","status":"publish","type":"post","link":"https:\/\/www.uv.mx\/prensa\/regiones\/coatzacoalcos\/uv-fortalece-procesos-de-ensenanza-con-celulas-de-desarrollo-de-contenidos\/","title":{"rendered":"UV fortalece procesos de ense\u00f1anza con C\u00e9lulas de Desarrollo de Contenidos"},"content":{"rendered":"<div id=\"attachment_81219\" style=\"width: 732px\" class=\"wp-caption aligncenter\"><a href=\"https:\/\/www.uv.mx\/prensa\/files\/2020\/03\/28012020-Celula1.jpg\"><img aria-describedby=\"caption-attachment-81219\" decoding=\"async\" loading=\"lazy\" class=\"size-full wp-image-81219\" src=\"https:\/\/www.uv.mx\/prensa\/files\/2020\/03\/28012020-Celula1.jpg\" alt=\"\" width=\"722\" height=\"481\" srcset=\"https:\/\/www.uv.mx\/prensa\/files\/2020\/03\/28012020-Celula1.jpg 722w, https:\/\/www.uv.mx\/prensa\/files\/2020\/03\/28012020-Celula1-300x200.jpg 300w\" sizes=\"(max-width: 722px) 100vw, 722px\" \/><\/a><p id=\"caption-attachment-81219\" class=\"wp-caption-text\">C\u00e9lula de Desarrollo de Contenidos de la regi\u00f3n Coatzacoalcos-Minatitl\u00e1n<\/p><\/div>\n<p><b><i><span data-contrast=\"auto\">Cecilia Escribano Reyes<\/span><\/i><\/b><span data-ccp-props=\"{&quot;201341983&quot;:0,&quot;335559739&quot;:160,&quot;335559740&quot;:240}\"><br \/>\n<\/span><\/p>\n<p><b><i><span data-contrast=\"auto\">02\/03\/2020, <\/span><\/i><\/b><b><i><span data-contrast=\"auto\">Coatzacoalcos<\/span><\/i><\/b><b><i><span data-contrast=\"auto\">, <\/span><\/i><\/b><b><i><span data-contrast=\"auto\">Ver.<\/span><\/i><\/b><b><i><span data-contrast=\"auto\">&#8211;<\/span><\/i><\/b> <span data-contrast=\"auto\">Con la finalidad de fortalecer los procesos de ense\u00f1anza<\/span> <span data-contrast=\"auto\">l<\/span><span data-contrast=\"auto\">a <\/span><span data-contrast=\"auto\">regi\u00f3n Coatzacoalcos-Minatitl\u00e1n de la Universidad Veracruzana <\/span><span data-contrast=\"auto\">(U<\/span><span data-contrast=\"auto\">V<\/span><span data-contrast=\"auto\">) estableci\u00f3 la<\/span><span data-contrast=\"auto\">s<\/span><span data-contrast=\"auto\"> C\u00e9lula<\/span><span data-contrast=\"auto\">s<\/span> <span data-contrast=\"auto\">de Desarrollo de Contenidos<\/span><span data-contrast=\"auto\">, inform\u00f3 <\/span><span data-contrast=\"auto\">Fabiola Sosa Gonz\u00e1lez, responsable d<\/span><span data-contrast=\"auto\">e las <\/span><span data-contrast=\"auto\">mismas en Xalapa y quien ofreci\u00f3 una <\/span><span data-contrast=\"auto\">capacitaci\u00f3n para el desarrollo de recursos educativos de las <\/span><span data-contrast=\"auto\">e<\/span><span data-contrast=\"auto\">xperiencias <\/span><span data-contrast=\"auto\">e<\/span><span data-contrast=\"auto\">ducativas<\/span><span data-contrast=\"auto\"> (EE)<\/span><span data-contrast=\"auto\"> y todo lo que involucran los programas de <\/span><span data-contrast=\"auto\">estudio de <\/span><span data-contrast=\"auto\">las licenciaturas.<\/span><span data-ccp-props=\"{&quot;201341983&quot;:0,&quot;335559739&quot;:160,&quot;335559740&quot;:240}\">\u00a0<\/span><\/p>\n<p><span data-contrast=\"auto\">Explic\u00f3 que la intenci\u00f3n es hacer la producci\u00f3n con dise\u00f1o gr\u00e1fico, <\/span><span data-contrast=\"auto\">de forma<\/span><span data-contrast=\"auto\"> i<\/span><span data-contrast=\"auto\">nstruccional<\/span><span data-contrast=\"auto\">, <\/span><span data-contrast=\"auto\">con <\/span><span data-contrast=\"auto\">estilos<\/span><span data-contrast=\"auto\"> y programaci\u00f3n para que se puedan cursar <\/span><span data-contrast=\"auto\">tanto <\/span><span data-contrast=\"auto\">de manera presencial<\/span> <span data-contrast=\"auto\">como en l\u00ednea.<\/span><span data-ccp-props=\"{&quot;201341983&quot;:0,&quot;335559731&quot;:708,&quot;335559739&quot;:160,&quot;335559740&quot;:240}\">\u00a0<\/span><\/p>\n<p><span data-contrast=\"auto\">Agreg\u00f3 que la <\/span><span data-contrast=\"auto\">C<\/span><span data-contrast=\"auto\">\u00e9lula <\/span><span data-contrast=\"auto\">de Desarrollo <\/span><span data-contrast=\"auto\">de Coatzacoalcos inici\u00f3 la primera capacitaci\u00f3n <\/span><span data-contrast=\"auto\">el 21 de febrero, <\/span><span data-contrast=\"auto\">con el <\/span><span data-contrast=\"auto\">p<\/span><span data-contrast=\"auto\">rograma <\/span><span data-contrast=\"auto\">e<\/span><span data-contrast=\"auto\">ducativo <\/span><span data-contrast=\"auto\">(PE) <\/span><span data-contrast=\"auto\">de Trabajo S<\/span><span data-contrast=\"auto\">ocial<\/span><span data-contrast=\"auto\">.\u00a0<\/span><span data-ccp-props=\"{&quot;201341983&quot;:0,&quot;335559731&quot;:708,&quot;335559739&quot;:160,&quot;335559740&quot;:240}\">\u00a0<\/span><\/p>\n<p><span data-contrast=\"auto\">En el Centro de C\u00f3mputo <\/span><span data-contrast=\"auto\">se llev\u00f3 a cabo<\/span><span data-contrast=\"auto\"> la carga de trabajo<\/span><span data-contrast=\"auto\"> de los<\/span><span data-contrast=\"auto\"> distintos perfiles <\/span><span data-contrast=\"auto\">que contiene la <\/span><span data-contrast=\"auto\">c<\/span><span data-contrast=\"auto\">\u00e9lula, <\/span><span data-contrast=\"auto\">entre ellos<\/span><span data-contrast=\"auto\">:<\/span><span data-contrast=\"auto\"> el <\/span><span data-contrast=\"auto\">\u201c<\/span><span data-contrast=\"auto\">dise<\/span><span data-contrast=\"auto\">\u00f1o instruccional\u201d, <\/span><span data-contrast=\"auto\">que se encarga de darle forma y estructura al contenido; <\/span><span data-contrast=\"auto\">\u201c<\/span><span data-contrast=\"auto\">dise\u00f1o gr\u00e1fico<\/span><span data-contrast=\"auto\">\u201d<\/span><span data-contrast=\"auto\">, <\/span><span data-contrast=\"auto\">que <\/span><span data-contrast=\"auto\">se refiere a<\/span><span data-contrast=\"auto\">l <\/span><span data-contrast=\"auto\">apoyo<\/span><span data-contrast=\"auto\"> visual y las fotograf\u00edas;<\/span> <span data-contrast=\"auto\">as\u00ed como <\/span><span data-contrast=\"auto\">la \u201c<\/span><span data-contrast=\"auto\">correcci\u00f3n de estilo<\/span><span data-contrast=\"auto\">\u201d<\/span><span data-contrast=\"auto\"> y la <\/span><span data-contrast=\"auto\">\u201c<\/span><span data-contrast=\"auto\">programaci\u00f3n<\/span><span data-contrast=\"auto\">\u201d<\/span><span data-contrast=\"auto\">. E<\/span><span data-contrast=\"auto\">stos <\/span><span data-contrast=\"auto\">operadores <\/span><span data-contrast=\"auto\">integra<\/span><span data-contrast=\"auto\">n los<\/span><span data-contrast=\"auto\"> e<\/span><span data-contrast=\"auto\">lementos que hacen que funcione<\/span><span data-contrast=\"auto\"> el material<\/span><span data-contrast=\"auto\"> en<\/span><span data-contrast=\"auto\"> la plataforma, <\/span><span data-contrast=\"auto\">el contenido<\/span><span data-contrast=\"auto\">,<\/span><span data-contrast=\"auto\"> la imagen y la fotograf\u00eda.<\/span><span data-ccp-props=\"{&quot;201341983&quot;:0,&quot;335559731&quot;:708,&quot;335559739&quot;:160,&quot;335559740&quot;:240}\">\u00a0<\/span><\/p>\n<p><span data-contrast=\"auto\">El<\/span><span data-contrast=\"auto\"> objetivo principal <\/span><span data-contrast=\"auto\">de la c<\/span><span data-contrast=\"auto\">\u00e9lula es la producci\u00f3n de <\/span><span data-contrast=\"auto\">recursos educativos en beneficio de l<\/span><span data-contrast=\"auto\">os estudiantes<\/span><span data-contrast=\"auto\"> y los acad\u00e9micos, <\/span><span data-contrast=\"auto\">recalc\u00f3<\/span> <span data-contrast=\"auto\">Sosa Gonz\u00e1lez<\/span><span data-contrast=\"auto\">.<\/span><span data-ccp-props=\"{&quot;201341983&quot;:0,&quot;335559731&quot;:708,&quot;335559739&quot;:160,&quot;335559740&quot;:240}\">\u00a0<\/span><\/p>\n<p><span data-contrast=\"auto\">S<\/span><span data-contrast=\"auto\">e\u00f1al\u00f3 que a<\/span><span data-contrast=\"auto\">ctualmente <\/span><span data-contrast=\"auto\">se cuenta<\/span><span data-contrast=\"auto\"> con una C<\/span><span data-contrast=\"auto\">\u00e9lula <\/span><span data-contrast=\"auto\">de Desarrollo <\/span><span data-contrast=\"auto\">en X<\/span><span data-contrast=\"auto\">alapa<\/span> <span data-contrast=\"auto\">y <\/span><span data-contrast=\"auto\">otra<\/span><span data-contrast=\"auto\"> en Coatzacoalcos, <\/span><span data-contrast=\"auto\">con<\/span><span data-contrast=\"auto\"> seis integrantes<\/span> <span data-contrast=\"auto\">cada una <\/span><span data-contrast=\"auto\">que recibieron la capacitaci\u00f3n; <\/span><span data-contrast=\"auto\">asimismo, inform\u00f3 que <\/span><span data-contrast=\"auto\">una m\u00e1s se est\u00e1 <\/span><span data-contrast=\"auto\">formando en Veracruz<\/span><span data-contrast=\"auto\"> y en el <\/span><span data-contrast=\"auto\">futuro se pretende <\/span><span data-contrast=\"auto\">integrar tambi\u00e9n <\/span><span data-contrast=\"auto\">a los posgrados en este proceso.<\/span><span data-ccp-props=\"{&quot;201341983&quot;:0,&quot;335559731&quot;:708,&quot;335559739&quot;:160,&quot;335559740&quot;:240}\">\u00a0<\/span><\/p>\n<p><span data-contrast=\"auto\">Por su parte, <\/span><span data-contrast=\"auto\">Juan Carlos Jim\u00e9nez <\/span><span data-contrast=\"auto\">M\u00e1rquez, <\/span><span data-contrast=\"auto\">titular de la D<\/span><span data-contrast=\"auto\">irec<\/span><span data-contrast=\"auto\">ci\u00f3n G<\/span><span data-contrast=\"auto\">eneral de T<\/span><span data-contrast=\"auto\">ecn<\/span><span data-contrast=\"auto\">olog\u00eda <\/span><span data-contrast=\"auto\">de <\/span><span data-contrast=\"auto\">la I<\/span><span data-contrast=\"auto\">nformaci\u00f3n<\/span><span data-contrast=\"auto\"> (DGTI)<\/span><span data-contrast=\"auto\">, <\/span><span data-contrast=\"auto\">explic\u00f3 que la creaci\u00f3n de las c<\/span><span data-contrast=\"auto\">\u00e9lulas <\/span><span data-contrast=\"auto\">es una estrategia <\/span><span data-contrast=\"auto\">ins<\/span><span data-contrast=\"auto\">titucional para fortalecer los trabajos <\/span><span data-contrast=\"auto\">vinculados<\/span><span data-contrast=\"auto\"> con el tema de educaci\u00f3n en l\u00ednea.<\/span><span data-ccp-props=\"{&quot;201341983&quot;:0,&quot;335559731&quot;:708,&quot;335559739&quot;:160,&quot;335559740&quot;:240}\">\u00a0<\/span><\/p>\n<p><span data-contrast=\"auto\">\u201c<\/span><span data-contrast=\"auto\">T<\/span><span data-contrast=\"auto\">rabaja<\/span><span data-contrast=\"auto\">mos <\/span><span data-contrast=\"auto\">en<\/span><span data-contrast=\"auto\"> la renovaci\u00f3n de plataformas como <\/span><i><span data-contrast=\"auto\">Eminus<\/span><\/i><span data-contrast=\"auto\">, <\/span><span data-contrast=\"auto\">que es nuestro <\/span><span data-contrast=\"auto\">repositorio, y <\/span><span data-contrast=\"auto\">en otra<\/span><span data-contrast=\"auto\"> que permite des<\/span><span data-contrast=\"auto\">arroll<\/span><span data-contrast=\"auto\">ar<\/span><span data-contrast=\"auto\"> los recursos educativos<\/span><span data-contrast=\"auto\">.<\/span><span data-contrast=\"auto\">\u201d<\/span><span data-ccp-props=\"{&quot;201341983&quot;:0,&quot;335559731&quot;:708,&quot;335559739&quot;:160,&quot;335559740&quot;:240}\">\u00a0<\/span><\/p>\n<p><span data-contrast=\"auto\">Agreg\u00f3 que <\/span><span data-contrast=\"auto\">en la U<\/span><span data-contrast=\"auto\">V <\/span><span data-contrast=\"auto\">se cre\u00f3 un <\/span><span data-contrast=\"auto\">Consejo C<\/span><span data-contrast=\"auto\">onsultivo para la <\/span><span data-contrast=\"auto\">E<\/span><span data-contrast=\"auto\">ducac<\/span><span data-contrast=\"auto\">i\u00f3n en <\/span><span data-contrast=\"auto\">L<\/span><span data-contrast=\"auto\">\u00ednea<\/span><span data-contrast=\"auto\">,<\/span><span data-contrast=\"auto\"> conformado por la R<\/span><span data-contrast=\"auto\">ectora, los secretarios y los vicerrectores<\/span><span data-contrast=\"auto\">,<\/span><span data-contrast=\"auto\"> para detonar las estrategias y el fortalecimiento de las mismas.<\/span><span data-ccp-props=\"{&quot;201341983&quot;:0,&quot;335559731&quot;:708,&quot;335559739&quot;:160,&quot;335559740&quot;:240}\">\u00a0<\/span><\/p>\n<p><span data-contrast=\"auto\">\u201c<\/span><span data-contrast=\"auto\">Los <\/span><span data-contrast=\"auto\">recursos educativos <\/span><span data-contrast=\"auto\">que se <\/span><span data-contrast=\"auto\">constru<\/span><span data-contrast=\"auto\">yan <\/span><span data-contrast=\"auto\">deben permitir que el contenido<\/span><span data-contrast=\"auto\"> de las<\/span> <span data-contrast=\"auto\">EE<\/span><span data-contrast=\"auto\"> se mejore gr\u00e1ficamente para que sea m\u00e1s atractivo para el estudiante y que le sirva para el autoaprendizaje <\/span><span data-contrast=\"auto\">en <\/span><span data-contrast=\"auto\">el d\u00eda a d\u00eda<\/span><span data-contrast=\"auto\">.<\/span><span data-contrast=\"auto\">\u201d<\/span><span data-ccp-props=\"{&quot;201341983&quot;:0,&quot;335559731&quot;:708,&quot;335559739&quot;:160,&quot;335559740&quot;:240}\">\u00a0<\/span><\/p>\n<p><span data-contrast=\"auto\">Juan Carlos Jim\u00e9nez <\/span><span data-contrast=\"auto\">se\u00f1al\u00f3 que el <\/span><span data-contrast=\"auto\">primer paso es capacitar a la <\/span><span data-contrast=\"auto\">c<\/span><span data-contrast=\"auto\">\u00e9lula<\/span><span data-contrast=\"auto\">, despu\u00e9s<\/span> <span data-contrast=\"auto\">viene un proceso <\/span><span data-contrast=\"auto\">de <\/span><span data-contrast=\"auto\">toma de decisiones sobre qu\u00e9 es lo que se va a producir y aplicarlo a los temas de educaci\u00f3n<\/span><span data-contrast=\"auto\"> continua<\/span><span data-contrast=\"auto\">,<\/span><span data-contrast=\"auto\"> y que la regi\u00f3n pueda impartir <\/span><span data-contrast=\"auto\">algunos cursos para que se le permita un ingreso <\/span><span data-contrast=\"auto\">adicional <\/span><span data-contrast=\"auto\">a <\/span><span data-contrast=\"auto\">fin de seguir fortaleciendo la c<\/span><span data-contrast=\"auto\">\u00e9lula.<\/span><span data-ccp-props=\"{&quot;201341983&quot;:0,&quot;335559731&quot;:708,&quot;335559739&quot;:160,&quot;335559740&quot;:240}\">\u00a0<\/span><\/p>\n","protected":false},"excerpt":{"rendered":"<p>La C\u00e9lula de Desarrollo de Coatzacoalcos inici\u00f3 la primera capacitaci\u00f3n el 21 de febrero, con el programa educativo de Trabajo Social<\/p>\n","protected":false},"author":1508,"featured_media":81219,"comment_status":"closed","ping_status":"closed","sticky":false,"template":"","format":"standard","meta":[],"categories":[52],"tags":[],"_links":{"self":[{"href":"https:\/\/www.uv.mx\/prensa\/wp-json\/wp\/v2\/posts\/81218"}],"collection":[{"href":"https:\/\/www.uv.mx\/prensa\/wp-json\/wp\/v2\/posts"}],"about":[{"href":"https:\/\/www.uv.mx\/prensa\/wp-json\/wp\/v2\/types\/post"}],"author":[{"embeddable":true,"href":"https:\/\/www.uv.mx\/prensa\/wp-json\/wp\/v2\/users\/1508"}],"replies":[{"embeddable":true,"href":"https:\/\/www.uv.mx\/prensa\/wp-json\/wp\/v2\/comments?post=81218"}],"version-history":[{"count":0,"href":"https:\/\/www.uv.mx\/prensa\/wp-json\/wp\/v2\/posts\/81218\/revisions"}],"wp:featuredmedia":[{"embeddable":true,"href":"https:\/\/www.uv.mx\/prensa\/wp-json\/wp\/v2\/media\/81219"}],"wp:attachment":[{"href":"https:\/\/www.uv.mx\/prensa\/wp-json\/wp\/v2\/media?parent=81218"}],"wp:term":[{"taxonomy":"category","embeddable":true,"href":"https:\/\/www.uv.mx\/prensa\/wp-json\/wp\/v2\/categories?post=81218"},{"taxonomy":"post_tag","embeddable":true,"href":"https:\/\/www.uv.mx\/prensa\/wp-json\/wp\/v2\/tags?post=81218"}],"curies":[{"name":"wp","href":"https:\/\/api.w.org\/{rel}","templated":true}]}}