{"id":81228,"date":"2020-03-03T09:00:49","date_gmt":"2020-03-03T15:00:49","guid":{"rendered":"https:\/\/www.uv.mx\/prensa\/?p=81228"},"modified":"2020-04-23T14:56:00","modified_gmt":"2020-04-23T19:56:00","slug":"conbioetica-reconocio-oficialmente-al-comite-de-etica-del-iip","status":"publish","type":"post","link":"https:\/\/www.uv.mx\/prensa\/general\/conbioetica-reconocio-oficialmente-al-comite-de-etica-del-iip\/","title":{"rendered":"<em>Conbioetica<\/em> reconoci\u00f3 oficialmente al Comit\u00e9 de \u00c9tica del IIP"},"content":{"rendered":"<ul>\n<li data-leveltext=\"\uf0b7\" data-font=\"Symbol\" data-listid=\"1\" data-aria-posinset=\"1\" data-aria-level=\"1\"><i><span data-contrast=\"auto\">\u201c<\/span><\/i><i><span data-contrast=\"auto\">El reconocimiento nos traer\u00e1 muchos beneficios<\/span><\/i><i><span data-contrast=\"auto\">\u201d: Ricardo Garc\u00eda Valde<\/span><\/i><i><span data-contrast=\"auto\">z, director del Instituto<\/span><\/i><i><span data-contrast=\"auto\"> de Investigaciones Psicol\u00f3gicas<\/span><\/i><span data-ccp-props=\"{&quot;134233279&quot;:true}\">\u00a0<\/span><\/li>\n<li data-leveltext=\"\uf0b7\" data-font=\"Symbol\" data-listid=\"1\" data-aria-posinset=\"2\" data-aria-level=\"1\"><i><span data-contrast=\"auto\">\u201c<\/span><\/i><i><span data-contrast=\"auto\">Este logro nos coloca en un sitio muy importante a nivel nacional e internacional<\/span><\/i><i><span data-contrast=\"auto\">\u201d<\/span><\/i><i><span data-contrast=\"auto\">, destac\u00f3 Francisco Javier Rosas, acad\u00e9mico presidente del comit\u00e9<\/span><\/i><span data-ccp-props=\"{&quot;134233279&quot;:true}\">\u00a0<\/span><\/li>\n<\/ul>\n<div id=\"attachment_81230\" style=\"width: 732px\" class=\"wp-caption aligncenter\"><a href=\"https:\/\/www.uv.mx\/prensa\/files\/2020\/03\/020320-reconoce-Conbioetica-comite-etica-IIP-1.jpg\"><img aria-describedby=\"caption-attachment-81230\" decoding=\"async\" loading=\"lazy\" class=\"size-full wp-image-81230\" src=\"https:\/\/www.uv.mx\/prensa\/files\/2020\/03\/020320-reconoce-Conbioetica-comite-etica-IIP-1.jpg\" alt=\"\" width=\"722\" height=\"482\" srcset=\"https:\/\/www.uv.mx\/prensa\/files\/2020\/03\/020320-reconoce-Conbioetica-comite-etica-IIP-1.jpg 722w, https:\/\/www.uv.mx\/prensa\/files\/2020\/03\/020320-reconoce-Conbioetica-comite-etica-IIP-1-300x200.jpg 300w\" sizes=\"(max-width: 722px) 100vw, 722px\" \/><\/a><p id=\"caption-attachment-81230\" class=\"wp-caption-text\">Integrantes del Comit\u00e9 de \u00c9tica e Investigaci\u00f3n del IIP cuyo registro oficial est\u00e1 en <em>Conbioetica<\/em><\/p><\/div>\n<p><b><i><span data-contrast=\"auto\">David Sandoval Rodr\u00edguez<\/span><\/i><\/b><span data-ccp-props=\"{}\">\u00a0<\/span><\/p>\n<p><b><i><span data-contrast=\"auto\">03\/03\/20<\/span><\/i><\/b><b><i><span data-contrast=\"auto\">20,<\/span><\/i><\/b><b><i><span data-contrast=\"auto\"> Xalapa, Ver.-<\/span><\/i><\/b><span data-contrast=\"auto\"> La Comisi\u00f3n Nacional de Bio\u00e9tica (<\/span><i><span data-contrast=\"auto\">Conbioetica<\/span><\/i><span data-contrast=\"auto\">) reconoci\u00f3 en su registro nacional y con vigencia a diciembre de 2022 <\/span><span data-contrast=\"auto\">al Comit\u00e9 de \u00c9tica <\/span><span data-contrast=\"auto\">en Investigaci\u00f3n <\/span><span data-contrast=\"auto\">del <\/span><span data-contrast=\"auto\">Instituto de Investigaciones Psicol\u00f3gicas (IIP)<\/span><span data-contrast=\"auto\"> de la Universidad Veracruzana (UV).<\/span><span data-ccp-props=\"{}\">\u00a0<\/span><\/p>\n<p><span data-contrast=\"auto\">En evento realizado en el A<\/span><span data-contrast=\"auto\">uditorio <\/span><span data-contrast=\"auto\">\u201cRafael Velasco Fern\u00e1ndez\u201d <\/span><span data-contrast=\"auto\">de la Facultad de Psicolog\u00eda<\/span><span data-contrast=\"auto\">, autoridades universitarias integradas por \u00c1ngel Trigos Landa, responsable de la Direcci\u00f3n General de Investigaciones (DGI); Ricardo Garc\u00eda Vald<\/span><span data-contrast=\"auto\">e<\/span><span data-contrast=\"auto\">z, director del IIP<\/span><span data-contrast=\"auto\">,<\/span><span data-contrast=\"auto\"> y Ana Delia L\u00f3pez Su\u00e1rez, presidenta del Comit\u00e9 de Investigaci\u00f3n del IIP, celebraron la obtenci\u00f3n del registro ante el organismo federal.<\/span><span data-ccp-props=\"{}\">\u00a0<\/span><\/p>\n<p><span data-contrast=\"auto\">\u201c<\/span><span data-contrast=\"auto\">Celebro que a trav\u00e9s de este a<\/span><span data-contrast=\"auto\">cto se haga un reconocimiento del<\/span> <span data-contrast=\"auto\">Comit\u00e9 de \u00c9tica en Investigaci\u00f3n por parte de <\/span><i><span data-contrast=\"auto\">Conbio\u00e9tica<\/span><\/i><span data-contrast=\"auto\">, porque es imprescindible que en el trabajo de investigaci\u00f3n vayan de la mano la reflexi\u00f3n \u00e9tica como el mismo tema de estudio para alcanzar resultados satisfactorios\u201d, plante\u00f3 Trigos Landa.<\/span><span data-ccp-props=\"{}\">\u00a0<\/span><\/p>\n<p><span data-contrast=\"auto\">En una universidad la investigaci\u00f3n es fundamental, como tambi\u00e9n la reflexi\u00f3n sobre s\u00ed misma, agreg\u00f3, \u201ct<\/span><span data-contrast=\"auto\">oda universidad que se jacte de serlo tiene que pensar no s\u00f3lo en la docencia, <\/span><span data-contrast=\"auto\">tambi\u00e9n<\/span><span data-contrast=\"auto\"> en la investigaci\u00f3n<\/span><span data-contrast=\"auto\">;<\/span><span data-contrast=\"auto\"> tiene que pensar que es importante la difusi\u00f3n del conocimiento<\/span><span data-contrast=\"auto\">,<\/span><span data-contrast=\"auto\"> pero tambi\u00e9n <\/span><span data-contrast=\"auto\">en <\/span><span data-contrast=\"auto\">la generaci\u00f3n del conocimiento <\/span><span data-contrast=\"auto\">y esto implica no investigar por el simple hecho de investigar<\/span><span data-contrast=\"auto\">,<\/span><span data-contrast=\"auto\"> sino en reflexionar para qu\u00e9 y si est\u00e1 bien hecho lo que estamos haciendo, si es pertinente desde diferentes puntos de vista\u201d.<\/span><span data-ccp-props=\"{&quot;335559731&quot;:708}\">\u00a0<\/span><\/p>\n<p><span data-contrast=\"auto\">Por su parte<\/span><span data-contrast=\"auto\">,<\/span> <span data-contrast=\"auto\">Garc\u00eda Valde<\/span><span data-contrast=\"auto\">z rememor\u00f3 el tiempo invertido para formalizar al comit\u00e9 ante la dependencia reguladora nacional <\/span><span data-contrast=\"auto\">y puntualiz\u00f3<\/span><span data-contrast=\"auto\">:<\/span> <span data-contrast=\"auto\">\u201c<\/span><span data-contrast=\"auto\">D<\/span><span data-contrast=\"auto\">etr\u00e1s de las necesidades instrumentales existen condiciones abordadas por la filosof\u00eda que buscan recuperar el <\/span><span data-contrast=\"auto\">cumplimiento formal de los requisitos y valores como la virtud<\/span><span data-contrast=\"auto\">, no s\u00f3<\/span><span data-contrast=\"auto\">lo atender una condici\u00f3n jur\u00eddica<\/span><span data-contrast=\"auto\">. <\/span><span data-contrast=\"auto\">Celebro que estemos contando con este reconocimiento formal qu<\/span><span data-contrast=\"auto\">e nos traer\u00e1 muchos beneficios\u201d<\/span><span data-contrast=\"auto\">.<\/span><span data-ccp-props=\"{&quot;335559731&quot;:708}\">\u00a0<\/span><\/p>\n<div id=\"attachment_81231\" style=\"width: 732px\" class=\"wp-caption aligncenter\"><a href=\"https:\/\/www.uv.mx\/prensa\/files\/2020\/03\/020320-reconoce-Conbioetica-comite-etica-IIP-2.jpg\"><img aria-describedby=\"caption-attachment-81231\" decoding=\"async\" loading=\"lazy\" class=\"size-full wp-image-81231\" src=\"https:\/\/www.uv.mx\/prensa\/files\/2020\/03\/020320-reconoce-Conbioetica-comite-etica-IIP-2.jpg\" alt=\"\" width=\"722\" height=\"482\" srcset=\"https:\/\/www.uv.mx\/prensa\/files\/2020\/03\/020320-reconoce-Conbioetica-comite-etica-IIP-2.jpg 722w, https:\/\/www.uv.mx\/prensa\/files\/2020\/03\/020320-reconoce-Conbioetica-comite-etica-IIP-2-300x200.jpg 300w\" sizes=\"(max-width: 722px) 100vw, 722px\" \/><\/a><p id=\"caption-attachment-81231\" class=\"wp-caption-text\">\u00c1ngel Trigos, titular de la DGI, subray\u00f3 que la reflexi\u00f3n \u00e9tica debe prevalecer en el trabajo de investigaci\u00f3n<\/p><\/div>\n<p><span data-contrast=\"auto\">Francisco Javier Rosas Santiago, <\/span><span data-contrast=\"auto\">presidente<\/span> <span data-contrast=\"auto\">del comit\u00e9<\/span><span data-contrast=\"auto\">, <\/span><span data-contrast=\"auto\">puntualiz\u00f3<\/span><span data-contrast=\"auto\">:<\/span> <span data-contrast=\"auto\">\u201c<\/span><span data-contrast=\"auto\">E<\/span><span data-contrast=\"auto\">l d\u00eda de hoy nos llenamos de orgullo al presentar el resultado de un trabajo arduo que hemos realizado <\/span><span data-contrast=\"auto\">por <\/span><span data-contrast=\"auto\">alrededor de dos a\u00f1os, un conjunto de profesionales nos hemos estado formando en el \u00e1mbito de la \u00e9tica en investigaci\u00f3n y la bio\u00e9tica<\/span><span data-contrast=\"auto\"> con la intenci\u00f3n de <\/span><span data-contrast=\"auto\">configurar<\/span><span data-contrast=\"auto\"> un comit\u00e9<\/span><span data-contrast=\"auto\"> que ha logrado obtener el reconocimiento por parte de la <\/span><span data-contrast=\"auto\">Comisi\u00f3n Nacional de Bio\u00e9tica<\/span><span data-contrast=\"auto\">\u201d.<\/span><span data-ccp-props=\"{&quot;335559731&quot;:708}\">\u00a0<\/span><\/p>\n<p><span data-contrast=\"auto\">Recalc\u00f3 la importancia del reconocimiento, dado que <\/span><span data-contrast=\"auto\">\u201c<\/span><span data-contrast=\"auto\">e<\/span><span data-contrast=\"auto\">ste logro nos coloca en un sitio muy importante a nivel nacional e internacional<\/span><span data-contrast=\"auto\">,<\/span><span data-contrast=\"auto\"> porque nos da pauta para realizar evaluaciones de los aspectos \u00e9ticos de las investigaciones en seres humanos\u201d<\/span><span data-contrast=\"auto\">.<\/span><span data-ccp-props=\"{}\">\u00a0<\/span><\/p>\n<p><span data-contrast=\"auto\">Mencion\u00f3 que<\/span><span data-contrast=\"auto\"> c<\/span><span data-contrast=\"auto\">uando <\/span><span data-contrast=\"auto\">un investigador hace un estudio<\/span><span data-contrast=\"auto\">,<\/span><span data-contrast=\"auto\"> uno de los fines es publicarlo en una revista, compartir <\/span><span data-contrast=\"auto\">con la comunidad los hallazgos y por ello \u201c<\/span><span data-contrast=\"auto\">es necesario y cada vez un requisito m\u00e1s solicitado que los investigadores consideren qu\u00e9 comit\u00e9 de \u00e9tica e i<\/span><span data-contrast=\"auto\">nvestigaci\u00f3n evalu\u00f3 su proyecto\u201d.<\/span><span data-ccp-props=\"{&quot;335559731&quot;:708}\">\u00a0<\/span><\/p>\n<p><span data-contrast=\"auto\">Para finalizar el acto, Rosas Santiago present\u00f3 a <\/span><span data-contrast=\"auto\">la mayor\u00eda de<\/span><span data-contrast=\"auto\"> integrantes del comit\u00e9: Andrea L\u00f3pez <\/span><span data-contrast=\"auto\">Maupom\u00e9<\/span><span data-contrast=\"auto\">, <\/span><span data-contrast=\"auto\">alumna del Doctorado en Psicolog\u00eda del IIP; <\/span><span data-contrast=\"auto\">Socorr<\/span><span data-contrast=\"auto\">o Herrera Meza, investigadora del IIP<\/span><span data-contrast=\"auto\">, adscrita al Sistema Nacional de Investigadores<\/span><span data-contrast=\"auto\"> (<\/span><span data-contrast=\"auto\">SNI<\/span><span data-contrast=\"auto\">)<\/span><span data-contrast=\"auto\">; <\/span><span data-contrast=\"auto\">Karina Mart\u00ednez Vera, directora del Instituto Mexicano de Investigaci\u00f3n y Desarrollo<\/span><span data-contrast=\"auto\"> Integral<\/span><span data-contrast=\"auto\">, A.C<\/span><span data-contrast=\"auto\">.<\/span><span data-contrast=\"auto\">; <\/span><span data-contrast=\"auto\">Robe<\/span><span data-contrast=\"auto\">rto Lagunes C\u00f3rdoba, doctor en <\/span><span data-contrast=\"auto\">N<\/span><span data-contrast=\"auto\">eurobiolog\u00eda<\/span> <span data-contrast=\"auto\">C<\/span><span data-contrast=\"auto\">elular y <\/span><span data-contrast=\"auto\">M<\/span><span data-contrast=\"auto\">olecular e investigador <\/span><span data-contrast=\"auto\">del IIP<\/span><span data-contrast=\"auto\"> y miembro del <\/span><span data-contrast=\"auto\">S<\/span><span data-contrast=\"auto\">N<\/span><span data-contrast=\"auto\">I,<\/span><span data-contrast=\"auto\"> y <\/span><span data-contrast=\"auto\">Manuel Sol Rodr\u00edguez, doctor en Psicolog\u00eda<\/span><span data-contrast=\"auto\">.<\/span><span data-ccp-props=\"{}\">\u00a0<\/span><\/p>\n<p><span data-contrast=\"auto\">Igualmente, <\/span><span data-contrast=\"auto\">Francisco Rosas<\/span><span data-contrast=\"auto\"> mencion\u00f3 a los miembros ausentes: V\u00edctor Hugo L\u00f3pez Ortega, docente en la Facultad de Psicolog\u00eda, regi\u00f3n Poza Rica-Tuxpan<\/span><span data-contrast=\"auto\">,<\/span><span data-contrast=\"auto\"> y <\/span><span data-contrast=\"auto\">\u00c1ngel Christian Luna Alfaro, <\/span><span data-contrast=\"auto\">catedr\u00e1tico de la Universidad Aut\u00f3noma de Guadalajara.<\/span><span data-ccp-props=\"{}\">\u00a0<\/span><\/p>\n<div id=\"attachment_81229\" style=\"width: 732px\" class=\"wp-caption aligncenter\"><a href=\"https:\/\/www.uv.mx\/prensa\/files\/2020\/03\/020320-reconoce-Conbioetica-comite-etica-IIP-3.jpg\"><img aria-describedby=\"caption-attachment-81229\" decoding=\"async\" loading=\"lazy\" class=\"size-full wp-image-81229\" src=\"https:\/\/www.uv.mx\/prensa\/files\/2020\/03\/020320-reconoce-Conbioetica-comite-etica-IIP-3.jpg\" alt=\"\" width=\"722\" height=\"482\" srcset=\"https:\/\/www.uv.mx\/prensa\/files\/2020\/03\/020320-reconoce-Conbioetica-comite-etica-IIP-3.jpg 722w, https:\/\/www.uv.mx\/prensa\/files\/2020\/03\/020320-reconoce-Conbioetica-comite-etica-IIP-3-300x200.jpg 300w\" sizes=\"(max-width: 722px) 100vw, 722px\" \/><\/a><p id=\"caption-attachment-81229\" class=\"wp-caption-text\">Francisco Javier Rosas, presidente del Comit\u00e9 de \u00c9tica en Investigaci\u00f3n, dio la bienvenida<\/p><\/div>\n","protected":false},"excerpt":{"rendered":"<p>\u201cEste logro nos coloca en un sitio muy importante a nivel nacional e internacional, porque nos da pauta para realizar evaluaciones de los aspectos \u00e9ticos de las investigaciones en seres humanos\u201d: Francisco Javier Rosas <\/p>\n","protected":false},"author":1508,"featured_media":81230,"comment_status":"closed","ping_status":"closed","sticky":false,"template":"","format":"standard","meta":[],"categories":[1],"tags":[],"_links":{"self":[{"href":"https:\/\/www.uv.mx\/prensa\/wp-json\/wp\/v2\/posts\/81228"}],"collection":[{"href":"https:\/\/www.uv.mx\/prensa\/wp-json\/wp\/v2\/posts"}],"about":[{"href":"https:\/\/www.uv.mx\/prensa\/wp-json\/wp\/v2\/types\/post"}],"author":[{"embeddable":true,"href":"https:\/\/www.uv.mx\/prensa\/wp-json\/wp\/v2\/users\/1508"}],"replies":[{"embeddable":true,"href":"https:\/\/www.uv.mx\/prensa\/wp-json\/wp\/v2\/comments?post=81228"}],"version-history":[{"count":0,"href":"https:\/\/www.uv.mx\/prensa\/wp-json\/wp\/v2\/posts\/81228\/revisions"}],"wp:featuredmedia":[{"embeddable":true,"href":"https:\/\/www.uv.mx\/prensa\/wp-json\/wp\/v2\/media\/81230"}],"wp:attachment":[{"href":"https:\/\/www.uv.mx\/prensa\/wp-json\/wp\/v2\/media?parent=81228"}],"wp:term":[{"taxonomy":"category","embeddable":true,"href":"https:\/\/www.uv.mx\/prensa\/wp-json\/wp\/v2\/categories?post=81228"},{"taxonomy":"post_tag","embeddable":true,"href":"https:\/\/www.uv.mx\/prensa\/wp-json\/wp\/v2\/tags?post=81228"}],"curies":[{"name":"wp","href":"https:\/\/api.w.org\/{rel}","templated":true}]}}