{"id":81233,"date":"2020-03-03T09:10:31","date_gmt":"2020-03-03T15:10:31","guid":{"rendered":"https:\/\/www.uv.mx\/prensa\/?p=81233"},"modified":"2020-03-03T09:10:31","modified_gmt":"2020-03-03T15:10:31","slug":"citro-abrio-convocatoria-de-ingreso-a-maestria-en-ecologia-tropical","status":"publish","type":"post","link":"https:\/\/www.uv.mx\/prensa\/general\/citro-abrio-convocatoria-de-ingreso-a-maestria-en-ecologia-tropical\/","title":{"rendered":"<em>Citro<\/em> abri\u00f3 convocatoria de ingreso a Maestr\u00eda en Ecolog\u00eda Tropical"},"content":{"rendered":"<ul>\n<li data-leveltext=\"\uf0b7\" data-font=\"Symbol\" data-listid=\"1\" data-aria-posinset=\"1\" data-aria-level=\"1\"><i><span data-contrast=\"auto\">El registro en l\u00ednea cerrar\u00e1 el 24 de abril<\/span><\/i><span data-ccp-props=\"{&quot;134233279&quot;:true}\">\u00a0<\/span><\/li>\n<li data-leveltext=\"\uf0b7\" data-font=\"Symbol\" data-listid=\"1\" data-aria-posinset=\"2\" data-aria-level=\"1\"><i><span data-contrast=\"auto\">Los requisitos pueden consultarse a detalle en <\/span><\/i><a href=\"https:\/\/www.uv.mx\/met\/procedimiento-de-seleccion-2\/\"><i><span data-contrast=\"none\">https:\/\/www.uv.mx\/met\/procedimi<\/span><\/i><i><span data-contrast=\"none\">e<\/span><\/i><i><span data-contrast=\"none\">nto-de-seleccion-2\/<\/span><\/i><\/a><span data-ccp-props=\"{&quot;134233279&quot;:true}\">\u00a0<\/span><\/li>\n<\/ul>\n<div id=\"attachment_81234\" style=\"width: 732px\" class=\"wp-caption aligncenter\"><a href=\"https:\/\/www.uv.mx\/prensa\/files\/2020\/03\/020320-Maestria-Citro-1.jpg\"><img aria-describedby=\"caption-attachment-81234\" decoding=\"async\" loading=\"lazy\" class=\"size-full wp-image-81234\" src=\"https:\/\/www.uv.mx\/prensa\/files\/2020\/03\/020320-Maestria-Citro-1.jpg\" alt=\"\" width=\"722\" height=\"481\" srcset=\"https:\/\/www.uv.mx\/prensa\/files\/2020\/03\/020320-Maestria-Citro-1.jpg 722w, https:\/\/www.uv.mx\/prensa\/files\/2020\/03\/020320-Maestria-Citro-1-300x200.jpg 300w\" sizes=\"(max-width: 722px) 100vw, 722px\" \/><\/a><p id=\"caption-attachment-81234\" class=\"wp-caption-text\">No\u00e9 Vel\u00e1zquez Rosas, coordinador de posgrados del <em>Citro<\/em><\/p><\/div>\n<p><b><i><span data-contrast=\"auto\">Paola Cort\u00e9s P\u00e9rez<\/span><\/i><\/b><span data-ccp-props=\"{}\">\u00a0<\/span><\/p>\n<p><b><i><span data-contrast=\"auto\">03<\/span><\/i><\/b><b><i><span data-contrast=\"auto\">\/0<\/span><\/i><\/b><b><i><span data-contrast=\"auto\">3<\/span><\/i><\/b><b><i><span data-contrast=\"auto\">\/2020, Xalapa, Ver.-<\/span><\/i><\/b> <span data-contrast=\"auto\">El Centro de Investigaciones Tropicales (<\/span><i><span data-contrast=\"auto\">Citro<\/span><\/i><span data-contrast=\"auto\">) de la Universidad Veracruzana (UV) <\/span><span data-contrast=\"auto\">abri\u00f3 convocatoria para cursar el programa educativo (PE) de Maestr\u00eda en Ecolog\u00eda Tropical (MET), en modalidad escolarizado con una duraci\u00f3n de dos a\u00f1os (cuatro semestres).<\/span><span data-ccp-props=\"{}\">\u00a0<\/span><\/p>\n<p><span data-contrast=\"auto\">No\u00e9 Vel\u00e1zquez Rosas, coordinador de posgrados del <\/span><i><span data-contrast=\"auto\">Citro<\/span><\/i><span data-contrast=\"auto\">, coment\u00f3 que el registro en l\u00ednea <\/span><span data-contrast=\"auto\">para los aspirantes se cierra el pr\u00f3ximo 24 de abril<\/span> <span data-contrast=\"auto\">y puede realizarse a trav\u00e9s del <\/span><i><span data-contrast=\"auto\">link<\/span><\/i><span data-contrast=\"auto\">: <\/span><a href=\"https:\/\/www.uv.mx\/escolar\/posgrado2020\/index.html\"><span data-contrast=\"none\">https:\/\/www.uv.mx\/e<\/span><span data-contrast=\"none\">s<\/span><span data-contrast=\"none\">colar\/posgrado2020\/index.html<\/span><\/a><span data-contrast=\"auto\">. Y del 20 de febrero al 8 de mayo<\/span><span data-contrast=\"auto\"> podr\u00e1n entregar la documentaci\u00f3n adicional para avalar los requisitos de ingreso<\/span><span data-contrast=\"auto\"> que<\/span><span data-contrast=\"auto\"> se muestran a detalle en <\/span><a href=\"https:\/\/www.uv.mx\/met\/procedimiento-de-seleccion-2\/\"><span data-contrast=\"none\">https:\/\/www.uv.mx\/met\/procedimiento-de-seleccion-2\/<\/span><\/a><span data-ccp-props=\"{&quot;335559731&quot;:708}\">\u00a0<\/span><\/p>\n<p><span data-contrast=\"auto\">Del 11 al 25 de mayo se realizar\u00e1 la evaluaci\u00f3n de conocimientos y\/o habilidades; el 8 de junio deben enviar el anteproyecto de investigaci\u00f3n, en formato PDF al correo electr\u00f3nico <\/span><a href=\"mailto:posgradocitro@uv.mx\"><span data-contrast=\"none\">posgradocitro@uv.mx<\/span><\/a><span data-contrast=\"auto\">; el 4 y 5 de junio se expondr\u00e1 el anteproyecto; el 9 de<\/span><span data-contrast=\"auto\">l mismo mes <\/span><span data-contrast=\"auto\">se publicar\u00e1n los resultados para los aspirantes extranjeros, y el 3 de julio para los nacionales.<\/span><span data-ccp-props=\"{&quot;335559731&quot;:708}\">\u00a0<\/span><\/p>\n<p><span data-contrast=\"auto\">Destac\u00f3 que el objetivo del PE de posgrado es la formaci\u00f3n de profesionales que tengan una visi\u00f3n cr\u00edtica y hol\u00edstica, a fin de que trabajen usando el m\u00e9todo cient\u00edfico e integrando otros conocimientos para la soluci\u00f3n <\/span><span data-contrast=\"auto\">de problemas ambientales en zonas tropicales.<\/span><span data-ccp-props=\"{&quot;335559731&quot;:708}\">\u00a0<\/span><\/p>\n<p><span data-contrast=\"auto\">\u201cLa maestr\u00eda<\/span><span data-contrast=\"auto\">,<\/span><span data-contrast=\"auto\"> al tener un enfoque amplio y una visi\u00f3n de que los problemas ambientales son complej<\/span><span data-contrast=\"auto\">os<\/span><span data-contrast=\"auto\">, est\u00e1 dirigida a todos aquellos interesados en trabajar en<\/span><span data-contrast=\"auto\"> el<\/span><span data-contrast=\"auto\"> medio ambient<\/span><span data-contrast=\"auto\">e<\/span><span data-contrast=\"auto\">, as\u00ed que puedan cursarla desde bi\u00f3logos, antrop\u00f3logos, abogados (especializados en materia am<\/span><span data-contrast=\"auto\">biental) y todas las disciplinas afines a las ciencias ambientales.\u201d<\/span><span data-ccp-props=\"{&quot;335559731&quot;:708}\">\u00a0<\/span><\/p>\n<p><span data-contrast=\"auto\">Subray\u00f3 que este <\/span><span data-contrast=\"auto\">PE<\/span><span data-contrast=\"auto\"> es de los pocos a nivel nacional que entre sus objetivos <\/span><span data-contrast=\"auto\">est\u00e1 analizar los problemas <\/span><span data-contrast=\"auto\">ambientales, integrando perspectivas cient\u00edficas, conocimientos tradicionales, as\u00ed como la parte <\/span><span data-contrast=\"auto\">legal, social, econ\u00f3mica, y distintos aspectos que ayuden a encontrar soluciones.<\/span><span data-ccp-props=\"{&quot;335559731&quot;:708}\">\u00a0<\/span><\/p>\n<p><span data-contrast=\"auto\">Mencion\u00f3 que la Maestr\u00eda es parte del P<\/span><span data-contrast=\"auto\">rograma <\/span><span data-contrast=\"auto\">Nacional de Posgrados de Calidad (PNPC) del Consejo Nacional de Ciencia y Tecnolog\u00eda (<\/span><i><span data-contrast=\"auto\">Conacyt<\/span><\/i><span data-contrast=\"auto\">), \u201cesto <\/span><span data-contrast=\"auto\">posibilita <\/span><span data-contrast=\"auto\">que los estudiantes tengan una beca para desarrollar sus estudios de posgrado\u201d.<\/span><span data-ccp-props=\"{&quot;335559731&quot;:708}\">\u00a0<\/span><\/p>\n<p><span data-contrast=\"auto\">Por \u00faltimo, invit<\/span><span data-contrast=\"auto\">\u00f3<\/span><span data-contrast=\"auto\"> a los aspirantes a visitar la p\u00e1<\/span><span data-contrast=\"auto\">gina donde est\u00e1n definidas las L<\/span><span data-contrast=\"auto\">\u00edneas de <\/span><span data-contrast=\"auto\">G<\/span><span data-contrast=\"auto\">eneraci\u00f3n <\/span><span data-contrast=\"auto\">y Aplicaci\u00f3n <\/span><span data-contrast=\"auto\">de<\/span><span data-contrast=\"auto\">l<\/span> <span data-contrast=\"auto\">C<\/span><span data-contrast=\"auto\">onocimiento, as\u00ed como los perfiles de los investigadores que integran el n\u00facleo acad\u00e9mico b\u00e1sico, quienes forman parte del Sistema Nacional de Investigadores (SNI).<\/span><span data-ccp-props=\"{&quot;335559731&quot;:708}\">\u00a0<\/span><\/p>\n","protected":false},"excerpt":{"rendered":"<p>El registro en l\u00ednea cerrar\u00e1 el 24 de abril.\u00a0Los requisitos pueden consultarse en www.uv.mx\/met\/procedimiento-de-seleccion-2\/\u00a0<\/p>\n","protected":false},"author":1508,"featured_media":0,"comment_status":"closed","ping_status":"closed","sticky":false,"template":"","format":"standard","meta":[],"categories":[1],"tags":[],"_links":{"self":[{"href":"https:\/\/www.uv.mx\/prensa\/wp-json\/wp\/v2\/posts\/81233"}],"collection":[{"href":"https:\/\/www.uv.mx\/prensa\/wp-json\/wp\/v2\/posts"}],"about":[{"href":"https:\/\/www.uv.mx\/prensa\/wp-json\/wp\/v2\/types\/post"}],"author":[{"embeddable":true,"href":"https:\/\/www.uv.mx\/prensa\/wp-json\/wp\/v2\/users\/1508"}],"replies":[{"embeddable":true,"href":"https:\/\/www.uv.mx\/prensa\/wp-json\/wp\/v2\/comments?post=81233"}],"version-history":[{"count":0,"href":"https:\/\/www.uv.mx\/prensa\/wp-json\/wp\/v2\/posts\/81233\/revisions"}],"wp:attachment":[{"href":"https:\/\/www.uv.mx\/prensa\/wp-json\/wp\/v2\/media?parent=81233"}],"wp:term":[{"taxonomy":"category","embeddable":true,"href":"https:\/\/www.uv.mx\/prensa\/wp-json\/wp\/v2\/categories?post=81233"},{"taxonomy":"post_tag","embeddable":true,"href":"https:\/\/www.uv.mx\/prensa\/wp-json\/wp\/v2\/tags?post=81233"}],"curies":[{"name":"wp","href":"https:\/\/api.w.org\/{rel}","templated":true}]}}