{"id":81282,"date":"2020-03-04T08:00:09","date_gmt":"2020-03-04T14:00:09","guid":{"rendered":"https:\/\/www.uv.mx\/prensa\/?p=81282"},"modified":"2020-03-03T20:40:05","modified_gmt":"2020-03-04T02:40:05","slug":"halcones-uv-al-clasificatorio-de-judo-para-la-universiada-nacional","status":"publish","type":"post","link":"https:\/\/www.uv.mx\/prensa\/deportes\/halcones-uv-al-clasificatorio-de-judo-para-la-universiada-nacional\/","title":{"rendered":"<em>Halcones<\/em> UV, al Clasificatorio de Judo para la Universiada Nacional"},"content":{"rendered":"<ul>\n<li data-leveltext=\"\uf0b7\" data-font=\"Symbol\" data-listid=\"1\" data-aria-posinset=\"1\" data-aria-level=\"1\"><i><span data-contrast=\"auto\">La justa <\/span><\/i><i><span data-contrast=\"auto\">se llevar\u00e1 a cabo <\/span><\/i><i><span data-contrast=\"auto\">del 20 al 22 de marzo en Torre\u00f3n, Coahuila<\/span><\/i><span data-ccp-props=\"{&quot;201341983&quot;:0,&quot;335559739&quot;:0,&quot;335559740&quot;:240}\">\u00a0<\/span><\/li>\n<\/ul>\n<div id=\"attachment_81283\" style=\"width: 732px\" class=\"wp-caption aligncenter\"><a href=\"https:\/\/www.uv.mx\/prensa\/files\/2020\/03\/030320-JUDO.jpg\"><img aria-describedby=\"caption-attachment-81283\" decoding=\"async\" loading=\"lazy\" class=\"size-full wp-image-81283\" src=\"https:\/\/www.uv.mx\/prensa\/files\/2020\/03\/030320-JUDO.jpg\" alt=\"\" width=\"722\" height=\"481\" srcset=\"https:\/\/www.uv.mx\/prensa\/files\/2020\/03\/030320-JUDO.jpg 722w, https:\/\/www.uv.mx\/prensa\/files\/2020\/03\/030320-JUDO-300x200.jpg 300w\" sizes=\"(max-width: 722px) 100vw, 722px\" \/><\/a><p id=\"caption-attachment-81283\" class=\"wp-caption-text\">Los seleccionados van bien preparados y con muchas posibilidades de calificar<\/p><\/div>\n<p><b><i><span data-contrast=\"auto\">Santiago Morales Ortiz<\/span><\/i><\/b><span data-ccp-props=\"{&quot;201341983&quot;:0,&quot;335559739&quot;:0,&quot;335559740&quot;:240}\">\u00a0<\/span><\/p>\n<p><b><i><span data-contrast=\"auto\">04\/03\/20<\/span><\/i><\/b><b><i><span data-contrast=\"auto\">20<\/span><\/i><\/b><b><i><span data-contrast=\"auto\">, Xalapa, Ver.-<\/span><\/i><\/b><span data-contrast=\"auto\"> La Selecci\u00f3n de Judo de <\/span><i><span data-contrast=\"auto\">Halcones<\/span><\/i><span data-contrast=\"auto\"> de la Universidad Veracruzana<\/span><span data-contrast=\"auto\"> (UV) <\/span><span data-contrast=\"auto\">competir\u00e1 en el Clasificatorio de Judo para la <\/span><span data-contrast=\"auto\">Universiada<\/span><span data-contrast=\"auto\"> Nacional 2020, mismo que se llevar\u00e1 a cabo del 20 al 22 de marzo en Torre\u00f3n, Coahuila.<\/span><span data-ccp-props=\"{&quot;201341983&quot;:0,&quot;335559739&quot;:0,&quot;335559740&quot;:240}\">\u00a0<\/span><\/p>\n<p><span data-contrast=\"auto\">Al frente de la delegaci\u00f3n asiste la entrenadora Juliana Palma Valerio, quien <\/span><span data-contrast=\"auto\">detall\u00f3 <\/span><span data-contrast=\"auto\">que se<\/span><span data-contrast=\"auto\">r\u00e1n<\/span><span data-contrast=\"auto\"> 25 <\/span><span data-contrast=\"auto\">los <\/span><span data-contrast=\"auto\">elementos de <\/span><i><span data-contrast=\"auto\">Halcones<\/span><\/i> <span data-contrast=\"auto\">que <\/span><span data-contrast=\"auto\">buscar\u00e1n el pase para el evento nacional de Le\u00f3n, Guanajuato 2020.<\/span><span data-ccp-props=\"{&quot;201341983&quot;:0,&quot;335559731&quot;:708,&quot;335559739&quot;:0,&quot;335559740&quot;:240}\">\u00a0<\/span><\/p>\n<p><span data-contrast=\"auto\">La lista de los seleccionados, surgida de Copa <\/span><i><span data-contrast=\"auto\">Halc\u00f3n<\/span><\/i><span data-contrast=\"auto\">, celebrada los d\u00edas 14 y 15 de f<\/span><span data-contrast=\"auto\">ebrero en el gimnasio \u201cMiguel \u00c1ngel<\/span><span data-contrast=\"auto\"> R\u00edos\u201d, la integran los siguientes elementos:<\/span><span data-ccp-props=\"{&quot;201341983&quot;:0,&quot;335559731&quot;:708,&quot;335559739&quot;:0,&quot;335559740&quot;:240}\">\u00a0<\/span><\/p>\n<p><span data-contrast=\"auto\">En 55 kilogramos, Ricardo Cano Valente y No\u00e9 Mart\u00ednez de la Cruz; en 60, Samuel Garc\u00eda Haro y Emmanuel de Jes\u00fas Ju\u00e1rez Rodr\u00edguez;<\/span><span data-contrast=\"auto\"> en 66, Orlando Pe\u00f1a Mendoza y \u00d3<\/span><span data-contrast=\"auto\">scar Uriel Soto\u202f<\/span><span data-contrast=\"auto\">Zapot<\/span><span data-contrast=\"auto\">; en menos de 73, Iv\u00e1n Alejandro Contreras de\u202fla Cruz y Mauricio Garrido\u202f<\/span><span data-contrast=\"auto\">Nakazona<\/span><span data-contrast=\"auto\">; en 81, \u00d3scar Olaf\u202fRodr\u00edguez\u202fCruz y Michelle Antonio Ju\u00e1rez Rodr\u00edguez.\u202f<\/span><span data-ccp-props=\"{&quot;201341983&quot;:0,&quot;335559731&quot;:708,&quot;335559739&quot;:0,&quot;335559740&quot;:240}\">\u00a0<\/span><\/p>\n<p><span data-contrast=\"auto\">En menos de 90, Luis Fernando Trujillo Pedraza y Erick\u202f<\/span><span data-contrast=\"auto\">Adal<\/span><span data-contrast=\"auto\">\u202fRobles Garc\u00eda; en 100 kilogramos, Sergio Andr\u00e9s V\u00e1squez Soriano y Romario Enrique Sol\u00eds\u202f<\/span><span data-contrast=\"auto\">Cast\u00e1n<\/span><span data-contrast=\"auto\">; en\u202fm\u00e1s\u202fde 100, Miguel\u202f\u00c1ngel\u202fTorre Mora.\u202f<\/span><span data-ccp-props=\"{&quot;201341983&quot;:0,&quot;335559731&quot;:708,&quot;335559739&quot;:0,&quot;335559740&quot;:240}\">\u00a0<\/span><\/p>\n<p><span data-contrast=\"auto\">En la rama femenil:\u202fmenos de 44 kilogramos, Diana Lara\u202f<\/span><span data-contrast=\"auto\">Uscanga<\/span><span data-contrast=\"auto\">\u202fy Ver\u00f3nica Zamora C\u00f3rdoba; en 48,\u202f<\/span><span data-contrast=\"auto\">Sarahy<\/span><span data-contrast=\"auto\">\u202fAlbertina Hern\u00e1ndez Mendoza; en 52,\u202f<\/span><span data-contrast=\"auto\">Arisbet<\/span><span data-contrast=\"auto\">\u202fMart\u00ednez\u202f<\/span><span data-contrast=\"auto\">Ensaldo<\/span><span data-contrast=\"auto\">\u202fy Cecilia Arias Hern\u00e1ndez; en 57, Karen\u202f<\/span><span data-contrast=\"auto\">Yuritzi<\/span><span data-contrast=\"auto\">\u202fH<\/span><span data-contrast=\"auto\">ern\u00e1ndez Butr\u00f3n y Alejandra\u202f<\/span><span data-contrast=\"auto\">Ana\u00ed<\/span><span data-contrast=\"auto\">\u202fCaldera Madera; en 63, Citlalli Monts<\/span><span data-contrast=\"auto\">errat Medina Rojas y Sonia\u202f<\/span><span data-contrast=\"auto\">Dair\u00e9<\/span><span data-contrast=\"auto\">n<\/span><span data-contrast=\"auto\">\u202fAmaya Villa.\u202f<\/span><span data-ccp-props=\"{&quot;201341983&quot;:0,&quot;335559731&quot;:708,&quot;335559739&quot;:0,&quot;335559740&quot;:240}\">\u00a0<\/span><\/p>\n<p><span data-contrast=\"auto\">La instructora Juliana Palma, agreg\u00f3 que la selecci\u00f3n va bien prepara<\/span><span data-contrast=\"auto\">da<\/span><span data-contrast=\"auto\"> y con muchas posibilidades de calificar a la mayor\u00eda de sus integrantes.<\/span><span data-ccp-props=\"{&quot;201341983&quot;:0,&quot;335559731&quot;:708,&quot;335559739&quot;:0,&quot;335559740&quot;:240}\">\u00a0<\/span><\/p>\n","protected":false},"excerpt":{"rendered":"<p>La justa se llevar\u00e1 a cabo del 20 al 22 de marzo en Torre\u00f3n, Coahuila <\/p>\n","protected":false},"author":1508,"featured_media":0,"comment_status":"closed","ping_status":"closed","sticky":false,"template":"","format":"standard","meta":[],"categories":[12],"tags":[],"_links":{"self":[{"href":"https:\/\/www.uv.mx\/prensa\/wp-json\/wp\/v2\/posts\/81282"}],"collection":[{"href":"https:\/\/www.uv.mx\/prensa\/wp-json\/wp\/v2\/posts"}],"about":[{"href":"https:\/\/www.uv.mx\/prensa\/wp-json\/wp\/v2\/types\/post"}],"author":[{"embeddable":true,"href":"https:\/\/www.uv.mx\/prensa\/wp-json\/wp\/v2\/users\/1508"}],"replies":[{"embeddable":true,"href":"https:\/\/www.uv.mx\/prensa\/wp-json\/wp\/v2\/comments?post=81282"}],"version-history":[{"count":0,"href":"https:\/\/www.uv.mx\/prensa\/wp-json\/wp\/v2\/posts\/81282\/revisions"}],"wp:attachment":[{"href":"https:\/\/www.uv.mx\/prensa\/wp-json\/wp\/v2\/media?parent=81282"}],"wp:term":[{"taxonomy":"category","embeddable":true,"href":"https:\/\/www.uv.mx\/prensa\/wp-json\/wp\/v2\/categories?post=81282"},{"taxonomy":"post_tag","embeddable":true,"href":"https:\/\/www.uv.mx\/prensa\/wp-json\/wp\/v2\/tags?post=81282"}],"curies":[{"name":"wp","href":"https:\/\/api.w.org\/{rel}","templated":true}]}}