{"id":81336,"date":"2020-03-04T19:09:18","date_gmt":"2020-03-05T01:09:18","guid":{"rendered":"https:\/\/www.uv.mx\/prensa\/?p=81336"},"modified":"2020-03-05T11:21:08","modified_gmt":"2020-03-05T17:21:08","slug":"ricardo-benet-ofrecio-charla-a-estudiantes-del-afel","status":"publish","type":"post","link":"https:\/\/www.uv.mx\/prensa\/regiones\/orizaba\/ricardo-benet-ofrecio-charla-a-estudiantes-del-afel\/","title":{"rendered":"Ricardo Benet ofreci\u00f3 charla a estudiantes del AFEL"},"content":{"rendered":"<div id=\"attachment_81338\" style=\"width: 732px\" class=\"wp-caption aligncenter\"><a href=\"https:\/\/www.uv.mx\/prensa\/files\/2020\/03\/280220-analisis-cinematografico-01.jpg\"><img aria-describedby=\"caption-attachment-81338\" decoding=\"async\" loading=\"lazy\" class=\"size-full wp-image-81338\" src=\"https:\/\/www.uv.mx\/prensa\/files\/2020\/03\/280220-analisis-cinematografico-01.jpg\" alt=\"\" width=\"722\" height=\"481\" srcset=\"https:\/\/www.uv.mx\/prensa\/files\/2020\/03\/280220-analisis-cinematografico-01.jpg 722w, https:\/\/www.uv.mx\/prensa\/files\/2020\/03\/280220-analisis-cinematografico-01-300x200.jpg 300w\" sizes=\"(max-width: 722px) 100vw, 722px\" \/><\/a><p id=\"caption-attachment-81338\" class=\"wp-caption-text\">Ricardo Benet<\/p><\/div>\n<p><b><i><span data-contrast=\"auto\">Francisco Javier <\/span><\/i><\/b><b><i><span data-contrast=\"auto\">Cha\u00edn<\/span><\/i><\/b><b><i><span data-contrast=\"auto\"> Revuelta<\/span><\/i><\/b><span data-ccp-props=\"{&quot;201341983&quot;:0,&quot;335559739&quot;:160,&quot;335559740&quot;:240}\">\u00a0<\/span><\/p>\n<p><b><i><span data-contrast=\"auto\">04\/03\/<\/span><\/i><\/b><b><i><span data-contrast=\"auto\">2020, Orizaba, Ver.-<\/span><\/i><\/b> <span data-contrast=\"auto\">Ricardo Benet, <\/span><span data-contrast=\"auto\">jefe<\/span><span data-contrast=\"auto\"> del <a href=\"https:\/\/www.uv.mx\/cienciauv\/tag\/departamento-de-cinematografia\/\" target=\"_blank\" rel=\"noopener noreferrer\">Departamento de C<\/a><\/span><span data-contrast=\"auto\">inematograf\u00eda de la U<\/span><span data-contrast=\"auto\">niversidad <\/span><span data-contrast=\"auto\">V<\/span><span data-contrast=\"auto\">eracruzana (UV)<\/span><span data-contrast=\"auto\">,<\/span><span data-contrast=\"auto\"> ofreci\u00f3 una charla a estudiantes <\/span><span data-contrast=\"auto\">que cursan las experiencias educativas <\/span><span data-contrast=\"auto\">(EE) <\/span><span data-contrast=\"auto\">Fotogr<\/span><span data-contrast=\"auto\">af\u00eda, Promoci\u00f3n de la Lectura <\/span><span data-contrast=\"auto\">y Ajedrez, <\/span><span data-contrast=\"auto\">del <\/span><span data-contrast=\"auto\">\u00c1<\/span><span data-contrast=\"auto\">rea de F<\/span><span data-contrast=\"auto\">ormaci\u00f3n d<\/span><span data-contrast=\"auto\">e Elecci\u00f3n L<\/span><span data-contrast=\"auto\">ibre <\/span><span data-contrast=\"auto\">(AFEL) <\/span><span data-contrast=\"auto\">en la regi\u00f3n Orizaba<\/span><span data-contrast=\"auto\">-C\u00f3rdoba<\/span><span data-contrast=\"auto\">.<\/span><span data-ccp-props=\"{&quot;201341983&quot;:0,&quot;335559739&quot;:160,&quot;335559740&quot;:240}\">\u00a0<\/span><\/p>\n<p><span data-contrast=\"none\">La presentaci\u00f3n de Ricardo Benet estuvo a cargo de Graciela Flores Bello y Oliver Coronado, directora y colaborador de la <\/span><span data-contrast=\"auto\">Unidad de Servicios Biblio<\/span><span data-contrast=\"auto\">tecarios <\/span><span data-contrast=\"auto\">y de Informaci\u00f3n<\/span> <span data-contrast=\"none\">(<\/span><span data-contrast=\"none\">USBI<\/span><span data-contrast=\"none\">) de <\/span><span data-contrast=\"none\">Ixtaczoquitl\u00e1n<\/span><span data-contrast=\"none\">, donde<\/span><span data-contrast=\"none\"> se llev\u00f3 a cabo el evento.<\/span><span data-ccp-props=\"{&quot;201341983&quot;:0,&quot;335559731&quot;:708,&quot;335559739&quot;:160,&quot;335559740&quot;:240}\">\u00a0<\/span><\/p>\n<p><span data-contrast=\"none\">Ricardo Benet<\/span><span data-contrast=\"none\">, cineasta y fot\u00f3grafo mexicano, es <\/span><span data-contrast=\"none\">reconocido por su \u00f3<\/span><span data-contrast=\"none\">pera prima<\/span> <i><span data-contrast=\"none\">Noticias l<\/span><\/i><i><span data-contrast=\"none\">ejanas<\/span><\/i><span data-contrast=\"none\"> (2005) y por la pel\u00edcula<\/span> <i><span data-contrast=\"none\">N\u00f3madas<\/span><\/i><span data-contrast=\"none\"> (2010).<\/span><span data-ccp-props=\"{&quot;201341983&quot;:0,&quot;335559739&quot;:160,&quot;335559740&quot;:240}\">\u00a0<\/span><\/p>\n<p><span data-contrast=\"none\">Durante su trayectoria <\/span><span data-contrast=\"none\">como director<\/span> <span data-contrast=\"none\">ha realizado <\/span><span data-contrast=\"none\">cuatro<\/span><span data-contrast=\"none\"> cortometrajes, tres documentales y dos largometrajes; <\/span><span data-contrast=\"none\">y <\/span><span data-contrast=\"auto\">como cine<\/span><span data-contrast=\"auto\">fot\u00f3grafo<\/span><span data-contrast=\"auto\">,<\/span> <span data-contrast=\"none\">m\u00e1s de 30 cortometrajes, siete documentales y tres<\/span><span data-contrast=\"none\"> largometraje<\/span><span data-contrast=\"none\">s.<\/span><span data-ccp-props=\"{&quot;201341983&quot;:0,&quot;335559731&quot;:708,&quot;335559739&quot;:160,&quot;335559740&quot;:240}\">\u00a0<\/span><\/p>\n<p><span data-contrast=\"none\">Benet h<\/span><span data-contrast=\"none\">abl\u00f3 de la historia del cine, destacando su origen en la c\u00e1mara oscura, que originalmente fue una habitaci\u00f3n cuya \u00fanica fuente de luz era un orificio muy<\/span><span data-contrast=\"none\"> peque\u00f1o en una de las paredes.<\/span><span data-ccp-props=\"{&quot;201341983&quot;:0,&quot;335559739&quot;:160,&quot;335559740&quot;:240}\">\u00a0<\/span><\/p>\n<p><span data-contrast=\"none\">Explic\u00f3 que l<\/span><span data-contrast=\"none\">a luz que penetraba por aquel orificio proyectaba una imagen del exterior en la pared opuesta; la imagen resultaba invertida y borrosa.<\/span><span data-ccp-props=\"{&quot;201341983&quot;:0,&quot;335559731&quot;:708,&quot;335559739&quot;:160,&quot;335559740&quot;:240}\">\u00a0<\/span><\/p>\n<p><span data-contrast=\"none\">Al respecto, c<\/span><span data-contrast=\"none\">oment<\/span><span data-contrast=\"none\">\u00f3<\/span><span data-contrast=\"none\">,<\/span><span data-contrast=\"none\"> la forma en que <\/span><span data-contrast=\"none\">Leonardo <\/span><span data-contrast=\"none\">d<\/span><span data-contrast=\"none\">a <\/span><span data-contrast=\"none\">Vinci describi\u00f3<\/span> <span data-contrast=\"none\">la<\/span><span data-contrast=\"none\"> c\u00e1mara oscura: <\/span><span data-contrast=\"none\">\u201c<\/span><span data-contrast=\"none\">S<\/span><span data-contrast=\"none\">i se coloca una hoja de papel en blanco verticalmente en una habitaci\u00f3n oscura, el observador ver\u00e1 proyectada en ella los objetos del exterior, con sus formas y colores. Parecer\u00e1 como si e<\/span><span data-contrast=\"none\">stuvieran pintados en el papel<\/span><span data-contrast=\"none\">;<\/span><span data-contrast=\"none\"> sin embargo<\/span><span data-contrast=\"none\">,<\/span><span data-contrast=\"none\"> al exponer<\/span> <span data-contrast=\"none\">las <\/span><span data-contrast=\"none\">im\u00e1genes <\/span><span data-contrast=\"none\">a la luz, ennegrec\u00edan<\/span><span data-contrast=\"none\">\u201d<\/span><span data-contrast=\"none\">.<\/span><span data-ccp-props=\"{&quot;201341983&quot;:0,&quot;335559731&quot;:708,&quot;335559739&quot;:160,&quot;335559740&quot;:240}\">\u00a0<\/span><\/p>\n<div id=\"attachment_81337\" style=\"width: 732px\" class=\"wp-caption aligncenter\"><a href=\"https:\/\/www.uv.mx\/prensa\/files\/2020\/03\/280220-analisis-cinematografico-02.jpg\"><img aria-describedby=\"caption-attachment-81337\" decoding=\"async\" loading=\"lazy\" class=\"size-full wp-image-81337\" src=\"https:\/\/www.uv.mx\/prensa\/files\/2020\/03\/280220-analisis-cinematografico-02.jpg\" alt=\"\" width=\"722\" height=\"481\" srcset=\"https:\/\/www.uv.mx\/prensa\/files\/2020\/03\/280220-analisis-cinematografico-02.jpg 722w, https:\/\/www.uv.mx\/prensa\/files\/2020\/03\/280220-analisis-cinematografico-02-300x200.jpg 300w\" sizes=\"(max-width: 722px) 100vw, 722px\" \/><\/a><p id=\"caption-attachment-81337\" class=\"wp-caption-text\">Asistentes a la charla<\/p><\/div>\n<p><span data-contrast=\"none\">El cineasta dijo que posteriormente el franc\u00e9s<\/span><span data-contrast=\"none\"> Louis Daguerre <\/span><span data-contrast=\"none\">invent\u00f3 el daguerrotipo, <\/span><span data-contrast=\"none\">que se dio <\/span><span data-contrast=\"none\">a conocer en 1839; \u00e9ste <\/span><span data-contrast=\"none\">utilizaba placas de cobre plateado, sensibilizadas con vapores de yodo para lograr <\/span><span data-contrast=\"none\">im\u00e1genes permanentes, y <\/span><span data-contrast=\"none\">cuando aparecieron los fijadores propiamente naci\u00f3 la fotograf\u00eda.<\/span><span data-ccp-props=\"{&quot;201341983&quot;:0,&quot;335559739&quot;:160,&quot;335559740&quot;:240}\">\u00a0<\/span><\/p>\n<p><span data-contrast=\"none\">D<\/span><span data-contrast=\"none\">ijo <\/span><span data-contrast=\"none\">que<\/span><span data-contrast=\"none\"> la cinematograf\u00eda no es m\u00e1s que el uso de la fotograf\u00eda apoyada en la propiedad de la retina<\/span><span data-contrast=\"none\">,<\/span><span data-contrast=\"none\"> que permite retener un microsegundo m\u00e1s en <\/span><span data-contrast=\"none\">la mente la imagen reci\u00e9n vista;<\/span><span data-contrast=\"none\"> es decir<\/span><span data-contrast=\"none\">,<\/span><span data-contrast=\"none\"> si nos pasan ante l<\/span><span data-contrast=\"none\">a vista 24 fotos tomadas en un <\/span><span data-contrast=\"none\">segundo tendremos la ilusi\u00f3n de movimiento.<\/span><span data-ccp-props=\"{&quot;201341983&quot;:0,&quot;335559739&quot;:160,&quot;335559740&quot;:240}\">\u00a0<\/span><\/p>\n<p><span data-contrast=\"none\">Al hacer un<\/span><span data-contrast=\"none\"> an\u00e1lisis de la cinematograf\u00eda<\/span><span data-contrast=\"none\">,<\/span><span data-contrast=\"none\"> destac\u00f3 que si se realiza un video donde se muestre un hecho, por <\/span><span data-contrast=\"none\">ejemplo: se ve venir un auto y \u00e9<\/span><span data-contrast=\"none\">ste se detiene ante un sem\u00e1foro, eso es s\u00f3lo una an\u00e9cdota, pero si el video contiene una historia completa del auto, entonc<\/span><span data-contrast=\"none\">es se considera que ya es cine; <\/span><span data-contrast=\"none\">es decir<\/span><span data-contrast=\"none\">,<\/span><span data-contrast=\"none\"> un documental, un cortometraje o un largometraje.<\/span><span data-ccp-props=\"{&quot;201341983&quot;:0,&quot;335559739&quot;:160,&quot;335559740&quot;:240}\">\u00a0<\/span><\/p>\n<p><span data-contrast=\"none\">Benet platic\u00f3<\/span> <span data-contrast=\"none\">tambi\u00e9n <\/span><span data-contrast=\"none\">de su trayector<\/span><span data-contrast=\"none\">ia <\/span><span data-contrast=\"none\">en<\/span><span data-contrast=\"none\"> la cinematograf\u00eda;<\/span> <span data-contrast=\"none\">de los estudios que se realizan,<\/span><span data-contrast=\"none\"> los avatares econ\u00f3micos y aventuras a que se ven sujetos los cineastas para ter<\/span><span data-contrast=\"none\">minar y proyectar sus pel\u00edculas;<\/span><span data-contrast=\"none\"> mencion\u00f3 muchos <\/span><span data-contrast=\"none\">de los festivales y premios<\/span><span data-contrast=\"none\"> que se realizan a nivel<\/span> <span data-contrast=\"none\">nacional e internacional.<\/span><span data-ccp-props=\"{&quot;201341983&quot;:0,&quot;335559731&quot;:708,&quot;335559739&quot;:160,&quot;335559740&quot;:240}\">\u00a0<\/span><\/p>\n<p><span data-contrast=\"none\">Durante la charla proyect\u00f3 algunos documentales breves, dos cortometrajes y un \u201cdemo\u201d de largometraje.<\/span> <span data-contrast=\"none\">Destac\u00f3 que adem\u00e1s de su funci\u00f3n de entretener, la cinematograf\u00eda ha demostrado generar una influencia muy directa en las personas.<\/span><span data-ccp-props=\"{&quot;201341983&quot;:0,&quot;335559731&quot;:708,&quot;335559739&quot;:160,&quot;335559740&quot;:240}\">\u00a0<\/span><\/p>\n<p><span data-contrast=\"none\">Dijo que a<\/span><span data-contrast=\"none\">l igual que la m\u00fasica, una pel\u00edcula es capaz de despertar sensaciones y emociones<\/span><span data-contrast=\"none\">,<\/span><span data-contrast=\"none\"> lo cual muchas veces condiciona nuestra forma de actuar ante situaciones de la vida cotidiana.<\/span><span data-ccp-props=\"{&quot;201341983&quot;:0,&quot;335559731&quot;:708,&quot;335559739&quot;:160,&quot;335559740&quot;:240}\">\u00a0<\/span><\/p>\n<p><span data-contrast=\"none\">Cuando vemos una pel\u00edcula nos alegramos, sufrimos, nos asustamos; nos identificamos con alguno de los personajes y vivimos en carne propia sus<\/span><span data-contrast=\"none\"> aventuras y experiencias. Ello<\/span><span data-contrast=\"none\"> se convierte en un factor de aprendizaje que aplicamos o n<\/span><span data-contrast=\"none\">o en nuestras propias acciones.<\/span><span data-ccp-props=\"{&quot;201341983&quot;:0,&quot;335559731&quot;:708,&quot;335559739&quot;:160,&quot;335559740&quot;:240}\">\u00a0<\/span><\/p>\n<p><span data-contrast=\"none\">Al final <\/span><span data-contrast=\"none\">interactu\u00f3 con los estudiantes y sus profesores en la s<\/span><span data-contrast=\"none\">esi\u00f3n de preguntas y respuestas<\/span><span data-contrast=\"none\">.<\/span><span data-ccp-props=\"{&quot;201341983&quot;:0,&quot;335559731&quot;:708,&quot;335559739&quot;:160,&quot;335559740&quot;:240}\">\u00a0<\/span><\/p>\n","protected":false},"excerpt":{"rendered":"<p>El Jefe del Departamento de Cinematograf\u00eda de la UV habl\u00f3 de la historia del s\u00e9ptimo arte con universitarios de la regi\u00f3n Orizaba-C\u00f3rdoba<\/p>\n","protected":false},"author":1508,"featured_media":81338,"comment_status":"closed","ping_status":"closed","sticky":false,"template":"","format":"standard","meta":[],"categories":[53],"tags":[],"_links":{"self":[{"href":"https:\/\/www.uv.mx\/prensa\/wp-json\/wp\/v2\/posts\/81336"}],"collection":[{"href":"https:\/\/www.uv.mx\/prensa\/wp-json\/wp\/v2\/posts"}],"about":[{"href":"https:\/\/www.uv.mx\/prensa\/wp-json\/wp\/v2\/types\/post"}],"author":[{"embeddable":true,"href":"https:\/\/www.uv.mx\/prensa\/wp-json\/wp\/v2\/users\/1508"}],"replies":[{"embeddable":true,"href":"https:\/\/www.uv.mx\/prensa\/wp-json\/wp\/v2\/comments?post=81336"}],"version-history":[{"count":0,"href":"https:\/\/www.uv.mx\/prensa\/wp-json\/wp\/v2\/posts\/81336\/revisions"}],"wp:featuredmedia":[{"embeddable":true,"href":"https:\/\/www.uv.mx\/prensa\/wp-json\/wp\/v2\/media\/81338"}],"wp:attachment":[{"href":"https:\/\/www.uv.mx\/prensa\/wp-json\/wp\/v2\/media?parent=81336"}],"wp:term":[{"taxonomy":"category","embeddable":true,"href":"https:\/\/www.uv.mx\/prensa\/wp-json\/wp\/v2\/categories?post=81336"},{"taxonomy":"post_tag","embeddable":true,"href":"https:\/\/www.uv.mx\/prensa\/wp-json\/wp\/v2\/tags?post=81336"}],"curies":[{"name":"wp","href":"https:\/\/api.w.org\/{rel}","templated":true}]}}