{"id":81348,"date":"2020-03-08T11:10:30","date_gmt":"2020-03-08T17:10:30","guid":{"rendered":"https:\/\/www.uv.mx\/prensa\/?p=81348"},"modified":"2020-03-19T14:42:41","modified_gmt":"2020-03-19T20:42:41","slug":"alumna-de-medicina-participo-en-asamblea-juvenil-de-la-onu","status":"publish","type":"post","link":"https:\/\/www.uv.mx\/prensa\/banner\/alumna-de-medicina-participo-en-asamblea-juvenil-de-la-onu\/","title":{"rendered":"Alumna de Medicina particip\u00f3 en asamblea juvenil de la ONU"},"content":{"rendered":"<ul>\n<li data-leveltext=\"\uf0b7\" data-font=\"Symbol\" data-listid=\"1\" data-aria-posinset=\"0\" data-aria-level=\"1\"><i><span data-contrast=\"auto\">Margarita Sina\u00ed Perea Carreto destac\u00f3 la importancia<\/span><\/i> <i><span data-contrast=\"auto\">de<\/span><\/i><i><span data-contrast=\"auto\"> darle mayor impulso a la medicina preventiva<\/span><\/i><span data-ccp-props=\"{&quot;201341983&quot;:0,&quot;335559685&quot;:720,&quot;335559739&quot;:0,&quot;335559740&quot;:240}\">\u00a0<\/span><\/li>\n<\/ul>\n<div id=\"attachment_81316\" style=\"width: 732px\" class=\"wp-caption aligncenter\"><a href=\"https:\/\/www.uv.mx\/prensa\/files\/2020\/03\/03032020-Alumna-de-Medicina-en-la-ONU-2-100k.jpg\"><img aria-describedby=\"caption-attachment-81316\" decoding=\"async\" loading=\"lazy\" class=\"size-full wp-image-81316\" src=\"https:\/\/www.uv.mx\/prensa\/files\/2020\/03\/03032020-Alumna-de-Medicina-en-la-ONU-2-100k.jpg\" alt=\"\" width=\"722\" height=\"481\" srcset=\"https:\/\/www.uv.mx\/prensa\/files\/2020\/03\/03032020-Alumna-de-Medicina-en-la-ONU-2-100k.jpg 722w, https:\/\/www.uv.mx\/prensa\/files\/2020\/03\/03032020-Alumna-de-Medicina-en-la-ONU-2-100k-300x200.jpg 300w\" sizes=\"(max-width: 722px) 100vw, 722px\" \/><\/a><p id=\"caption-attachment-81316\" class=\"wp-caption-text\">Margarita Perea Carreto particip\u00f3 en la Asamblea Juvenil <em>Future we want<\/em>, convocada por la ONU<\/p><\/div>\n<p><span data-contrast=\"auto\">\u202f<\/span><b><i><span data-contrast=\"auto\">Jos\u00e9 Luis <\/span><\/i><\/b><b><i><span data-contrast=\"auto\">Couttolenc<\/span><\/i><\/b><b><i><span data-contrast=\"auto\"> Soto<\/span><\/i><\/b><span data-contrast=\"auto\">\u202f<\/span><span data-ccp-props=\"{&quot;201341983&quot;:0,&quot;335559739&quot;:0,&quot;335559740&quot;:240}\">\u00a0<\/span><\/p>\n<p><span data-contrast=\"auto\">\u202f<\/span><b><i><span data-contrast=\"auto\">08\/03\/2020 Xalapa, Ver.-<\/span><\/i><\/b><span data-contrast=\"auto\"> Margarita Sina\u00ed Perea Carreto, alumna del sexto semestre de la <a href=\"https:\/\/www.uv.mx\/medicina\/\" target=\"_blank\" rel=\"noopener noreferrer\">Facultad de Medicina<\/a>-Xalapa de la Universidad Veracruzana (UV), particip<\/span><span data-contrast=\"auto\">\u00f3 <\/span><span data-contrast=\"auto\">en la Asamblea Juvenil <\/span><i><span data-contrast=\"auto\">Future<\/span><\/i> <i><span data-contrast=\"auto\">we<\/span><\/i> <i><span data-contrast=\"auto\">want<\/span><\/i><span data-contrast=\"auto\"> (<\/span><span data-contrast=\"auto\">e<\/span><span data-contrast=\"auto\">l futuro que queremos) convocada por la Organizaci\u00f3n de las Naciones Unidas (ONU), del 20 al 23 de febrero pasado en la Ciudad de Nueva York, Estados Unidos.<\/span><span data-ccp-props=\"{&quot;201341983&quot;:0,&quot;335559739&quot;:0,&quot;335559740&quot;:240}\">\u00a0<\/span><\/p>\n<p><span data-contrast=\"auto\">Ante j\u00f3venes representantes de 135 pa\u00edses<\/span><span data-contrast=\"auto\"> y <\/span><span data-contrast=\"auto\">en el marco de este modelo de las Naciones Unidas<\/span><span data-contrast=\"auto\">, <\/span><span data-contrast=\"auto\">la universitaria subi\u00f3 a la tribuna<\/span><span data-contrast=\"auto\"> para hablar<\/span><span data-contrast=\"auto\"> de la importancia <\/span><span data-contrast=\"auto\">d<\/span><span data-contrast=\"auto\">e <\/span><span data-contrast=\"auto\">darle<\/span><span data-contrast=\"auto\"> mayor impulso a los programas de medicina preventiva, destacando que \u00e9sta<\/span><span data-contrast=\"auto\"> \u2013<\/span><span data-contrast=\"auto\">por su aportaci\u00f3n de soluciones y oportunidades para evitar enfermedades\u2013 es mucho mejor <\/span><span data-contrast=\"auto\">que la medicina curativa, que es la que tradicionalmente se practica en M\u00e9xico.<\/span><span data-ccp-props=\"{&quot;201341983&quot;:0,&quot;335559739&quot;:0,&quot;335559740&quot;:240}\">\u00a0<\/span><\/p>\n<p><span data-contrast=\"auto\">Al abordar el proceso previo a su exposici\u00f3n en la Asamblea, <\/span><span data-contrast=\"auto\">Margarita Perea <\/span><span data-contrast=\"auto\">relat<\/span><span data-contrast=\"auto\">\u00f3 que<\/span><span data-contrast=\"auto\">,<\/span><span data-contrast=\"auto\"> de acuerdo a la convocatoria, quienes fueron aceptados ten\u00edan que desarrollar los t\u00f3picos<\/span> <span data-contrast=\"auto\">asignados por la ONU, entre los que se encontraban temas sobre finanzas, salud y medio ambiente.<\/span><span data-ccp-props=\"{&quot;201341983&quot;:0,&quot;335559739&quot;:0,&quot;335559740&quot;:240}\">\u00a0<\/span><\/p>\n<p><span data-contrast=\"auto\">\u201cE<\/span><span data-contrast=\"auto\">l tema de salud es muy amplio, por lo que representaba una buena oportunidad para dar a conocer el multilateralismo, m\u00e1s en estos tiempos, porque aborda c\u00f3mo las naciones se pueden apoyar entre s\u00ed para alcanzar buenos resultados, y as\u00ed lo expuse en mi carta-motivo como uno de los requisitos de la convocatoria, <\/span><span data-contrast=\"auto\">ello<\/span><span data-contrast=\"auto\"> me vali\u00f3 ser aceptada\u201d.\u00a0\u00a0<\/span><span data-ccp-props=\"{&quot;201341983&quot;:0,&quot;335559731&quot;:708,&quot;335559739&quot;:0,&quot;335559740&quot;:240}\">\u00a0<\/span><\/p>\n<div id=\"attachment_81315\" style=\"width: 732px\" class=\"wp-caption aligncenter\"><a href=\"https:\/\/www.uv.mx\/prensa\/files\/2020\/03\/03032020-Alumna-de-Medicina-en-la-ONU-1-100k.jpg\"><img aria-describedby=\"caption-attachment-81315\" decoding=\"async\" loading=\"lazy\" class=\"size-full wp-image-81315\" src=\"https:\/\/www.uv.mx\/prensa\/files\/2020\/03\/03032020-Alumna-de-Medicina-en-la-ONU-1-100k.jpg\" alt=\"\" width=\"722\" height=\"481\" srcset=\"https:\/\/www.uv.mx\/prensa\/files\/2020\/03\/03032020-Alumna-de-Medicina-en-la-ONU-1-100k.jpg 722w, https:\/\/www.uv.mx\/prensa\/files\/2020\/03\/03032020-Alumna-de-Medicina-en-la-ONU-1-100k-300x200.jpg 300w\" sizes=\"(max-width: 722px) 100vw, 722px\" \/><\/a><p id=\"caption-attachment-81315\" class=\"wp-caption-text\">La universitaria con Hansy Cort\u00e9s, <span data-contrast=\"auto\">coordinadora de Movilidad de la Facultad de Medicina<\/span><\/p><\/div>\n<p><span data-contrast=\"auto\">Explic\u00f3 que en su exposici\u00f3n ante los asamble\u00edstas, se refiri\u00f3 tambi\u00e9n a la infraestructura que en materia de salud tiene M\u00e9xico; \u201cah\u00ed mencion\u00e9 que existen problemas porque siempre se dice que todo est\u00e1 muy bien, cuando en realidad es todo lo contrario, y opin\u00e9 que en lugar de s\u00f3lo decir las cosas, se debe de actuar para solucionar los problemas\u201d.<\/span><span data-ccp-props=\"{&quot;201341983&quot;:0,&quot;335559739&quot;:0,&quot;335559740&quot;:240}\">\u00a0<\/span><\/p>\n<p><span data-contrast=\"auto\">Durante las actividades le asignaron una segunda participaci\u00f3n en la que ten\u00eda que abordar el tema de la econom\u00eda de Polonia, \u201cpor lo que me puse a investigar y logr\u00e9 sacar adelante mi intervenci\u00f3n\u201d.<\/span><span data-ccp-props=\"{&quot;201341983&quot;:0,&quot;335559739&quot;:0,&quot;335559740&quot;:240}\">\u00a0<\/span><\/p>\n<p><span data-contrast=\"auto\">Sobre el aprendizaje que esto le dej\u00f3, Margarita dijo estar agradecida con la UV, \u201cporque me dio la oportunidad de asistir y participar en esta importante reuni\u00f3n, que me deja el aprendizaje de que podemos hacer algo, que podemos aportar posibles soluciones a problemas<\/span><span data-contrast=\"auto\">; <\/span><span data-contrast=\"auto\">mi <\/span><span data-contrast=\"auto\">U<\/span><span data-contrast=\"auto\">niversidad tiene una gran responsabilidad con todos sus estudiantes y nos ayuda y contribuye al enriquecimiento de nuestros conocimientos\u201d.<\/span><span data-ccp-props=\"{&quot;201341983&quot;:0,&quot;335559739&quot;:0,&quot;335559740&quot;:240}\">\u00a0<\/span><\/p>\n<p><span data-contrast=\"auto\">Por su parte <\/span><span data-contrast=\"auto\">Hansy<\/span><span data-contrast=\"auto\"> Cort\u00e9s Jim\u00e9nez, coordinadora de Movilidad de la Facultad de Medicina-Xalapa, refiri\u00f3 que la entidad universitaria \u201ccuenta con estudiantes valiosos y <\/span><span data-contrast=\"auto\">proactivos\u201d, y que su participaci\u00f3n en eventos de corte internacional es producto del plan de estudios que est\u00e1 enfocado a la atenci\u00f3n primaria a la salud con un enfoque a la prevenci\u00f3n, en donde est\u00e1n comprendidas experiencias educativas (EE) en el \u00e1mbito de la salud p\u00fablica.<\/span><span data-ccp-props=\"{&quot;201341983&quot;:0,&quot;335559739&quot;:0,&quot;335559740&quot;:240}\">\u00a0<\/span><\/p>\n<p><span data-contrast=\"auto\">Cabe mencionar que el Modelo de las Naciones Unidas \u201cEl futuro que queremos\u201d, busca capacitar a los j\u00f3venes para el desarrollo global, contribuyendo a su desenvolvimiento acad\u00e9mico y profesional, al tiempo de generar acciones acordes a los Objetivos de Desarrollo Sostenible de la agenda 2030 que las Naciones Unidas proponen.<\/span><span data-ccp-props=\"{&quot;201341983&quot;:0,&quot;335559739&quot;:0,&quot;335559740&quot;:240}\">\u00a0<\/span><\/p>\n","protected":false},"excerpt":{"rendered":"<p>Margarita Perea dijo estar agradecida con la UV \u201cporque me dio la oportunidad de asistir y participar en esta importante reuni\u00f3n\u201d<\/p>\n","protected":false},"author":1508,"featured_media":81537,"comment_status":"closed","ping_status":"closed","sticky":false,"template":"","format":"standard","meta":[],"categories":[61],"tags":[],"_links":{"self":[{"href":"https:\/\/www.uv.mx\/prensa\/wp-json\/wp\/v2\/posts\/81348"}],"collection":[{"href":"https:\/\/www.uv.mx\/prensa\/wp-json\/wp\/v2\/posts"}],"about":[{"href":"https:\/\/www.uv.mx\/prensa\/wp-json\/wp\/v2\/types\/post"}],"author":[{"embeddable":true,"href":"https:\/\/www.uv.mx\/prensa\/wp-json\/wp\/v2\/users\/1508"}],"replies":[{"embeddable":true,"href":"https:\/\/www.uv.mx\/prensa\/wp-json\/wp\/v2\/comments?post=81348"}],"version-history":[{"count":0,"href":"https:\/\/www.uv.mx\/prensa\/wp-json\/wp\/v2\/posts\/81348\/revisions"}],"wp:featuredmedia":[{"embeddable":true,"href":"https:\/\/www.uv.mx\/prensa\/wp-json\/wp\/v2\/media\/81537"}],"wp:attachment":[{"href":"https:\/\/www.uv.mx\/prensa\/wp-json\/wp\/v2\/media?parent=81348"}],"wp:term":[{"taxonomy":"category","embeddable":true,"href":"https:\/\/www.uv.mx\/prensa\/wp-json\/wp\/v2\/categories?post=81348"},{"taxonomy":"post_tag","embeddable":true,"href":"https:\/\/www.uv.mx\/prensa\/wp-json\/wp\/v2\/tags?post=81348"}],"curies":[{"name":"wp","href":"https:\/\/api.w.org\/{rel}","templated":true}]}}