{"id":81489,"date":"2020-03-06T19:17:59","date_gmt":"2020-03-07T01:17:59","guid":{"rendered":"https:\/\/www.uv.mx\/prensa\/?p=81489"},"modified":"2020-03-06T19:18:50","modified_gmt":"2020-03-07T01:18:50","slug":"daduv-entrego-material-deportivo-a-la-region-orizaba-cordoba","status":"publish","type":"post","link":"https:\/\/www.uv.mx\/prensa\/deportes\/daduv-entrego-material-deportivo-a-la-region-orizaba-cordoba\/","title":{"rendered":"DADUV entreg\u00f3 material deportivo a la regi\u00f3n Orizaba-C\u00f3rdoba"},"content":{"rendered":"<ul>\n<li data-leveltext=\"\uf0b7\" data-font=\"Symbol\" data-listid=\"1\" data-aria-posinset=\"1\" data-aria-level=\"1\"><i><span data-contrast=\"auto\">Tambi\u00e9n se realizan obras de infraestructura que ser\u00e1n concluidas este mes<\/span><\/i><i><span data-contrast=\"auto\">, anunci\u00f3 Salvador Tapia Spinoso,<\/span><\/i><i> <\/i><i><span data-contrast=\"auto\">secretario de Administraci\u00f3n y Finanzas<\/span><\/i><span data-ccp-props=\"{&quot;134233279&quot;:true,&quot;201341983&quot;:0,&quot;335551550&quot;:1,&quot;335551620&quot;:1,&quot;335559737&quot;:0,&quot;335559739&quot;:160,&quot;335559740&quot;:240}\"><br \/>\n<\/span><\/li>\n<\/ul>\n<div id=\"attachment_81492\" style=\"width: 732px\" class=\"wp-caption aligncenter\"><a href=\"https:\/\/www.uv.mx\/prensa\/files\/2020\/03\/060320-Orizaba-Material-deportivo-01.jpg\"><img aria-describedby=\"caption-attachment-81492\" decoding=\"async\" loading=\"lazy\" class=\"size-full wp-image-81492\" src=\"https:\/\/www.uv.mx\/prensa\/files\/2020\/03\/060320-Orizaba-Material-deportivo-01.jpg\" alt=\"\" width=\"722\" height=\"481\" srcset=\"https:\/\/www.uv.mx\/prensa\/files\/2020\/03\/060320-Orizaba-Material-deportivo-01.jpg 722w, https:\/\/www.uv.mx\/prensa\/files\/2020\/03\/060320-Orizaba-Material-deportivo-01-300x200.jpg 300w\" sizes=\"(max-width: 722px) 100vw, 722px\" \/><\/a><p id=\"caption-attachment-81492\" class=\"wp-caption-text\">Esbeide P\u00e9rez, Jessica Sosa y Sarameli Carrera, de la Selecci\u00f3n de Futbol Femenil, entre los deportistas beneficiados<\/p><\/div>\n<p><b><i><span data-contrast=\"auto\">Francisco Javier <\/span><\/i><\/b><b><i><span data-contrast=\"auto\">Cha\u00edn<\/span><\/i><\/b><b><i><span data-contrast=\"auto\"> Revuelta<\/span><\/i><\/b><span data-ccp-props=\"{&quot;201341983&quot;:0,&quot;335559739&quot;:160,&quot;335559740&quot;:240}\">\u00a0<\/span><\/p>\n<p><b><i><span data-contrast=\"auto\">06<\/span><\/i><\/b><b><i><span data-contrast=\"auto\">\/03\/2020, Orizaba, <\/span><\/i><\/b><b><i><span data-contrast=\"auto\">Ver.<\/span><\/i><\/b><b><i><span data-contrast=\"auto\">&#8211;<\/span><\/i><\/b><span data-contrast=\"auto\"> La <\/span><span data-contrast=\"auto\">Direcci\u00f3n de Actividades Deportivas <\/span><span data-contrast=\"auto\">de la <\/span><span data-contrast=\"auto\">Universidad Veracruzana <\/span><span data-contrast=\"auto\">(<\/span><span data-contrast=\"auto\">DADUV)<\/span> <span data-contrast=\"auto\">entreg\u00f3<\/span><span data-contrast=\"auto\"> material deportivo a estudiantes de la regi\u00f3n <\/span><span data-contrast=\"auto\">Orizaba-C\u00f3rdoba, en evento realizado<\/span><span data-contrast=\"auto\"> el <\/span><span data-contrast=\"auto\">0<\/span><span data-contrast=\"auto\">4 de marzo <\/span><span data-contrast=\"auto\">en la Unidad de Servicios Biblioteca<\/span><span data-contrast=\"auto\">rios y de Informaci\u00f3n (USBI) de<\/span> <span data-contrast=\"auto\">Ixtaczoquitl\u00e1n<\/span><span data-contrast=\"auto\">, <\/span><span data-contrast=\"auto\">en<\/span><span data-contrast=\"auto\"> presencia de la comunidad universitaria, directores, secretarios, jefes de carrera, acad\u00e9mic<\/span><span data-contrast=\"auto\">os, deportistas y entrenadores.<\/span><span data-ccp-props=\"{&quot;201341983&quot;:0,&quot;335559739&quot;:160,&quot;335559740&quot;:240}\">\u00a0<\/span><\/p>\n<p><span data-contrast=\"auto\">E<\/span><span data-contrast=\"auto\">l <\/span><span data-contrast=\"auto\">acto fue presidido por<\/span> <span data-contrast=\"auto\">Salvador<\/span> <span data-contrast=\"auto\">Tapia <\/span><span data-contrast=\"auto\">Spinoso<\/span><span data-contrast=\"auto\">, secretario de Administraci\u00f3n y F<\/span><span data-contrast=\"auto\">inanzas (SAF)<\/span><span data-contrast=\"auto\">,<\/span><span data-contrast=\"auto\"> acompa\u00f1a<\/span><span data-contrast=\"auto\">do de <\/span><span data-contrast=\"auto\">Jos\u00e9 Eduardo Mart\u00ednez Canales, vicerrector<\/span><span data-contrast=\"auto\">;<\/span><span data-contrast=\"auto\"> Maribel <\/span><span data-contrast=\"auto\">Barradas Landa, <\/span><span data-contrast=\"auto\">titular de la DADUV<\/span><span data-contrast=\"auto\">; <\/span><span data-contrast=\"auto\">Emma Virginia Herrera Huerta<\/span><span data-contrast=\"auto\">, secretaria Acad\u00e9mica r<\/span><span data-contrast=\"auto\">egional;<\/span><span data-contrast=\"auto\"> Lizbeth Margari<\/span><span data-contrast=\"auto\">ta Viveros <\/span><span data-contrast=\"auto\">Cancino<\/span><span data-contrast=\"auto\">, secretaria r<\/span><span data-contrast=\"auto\">egion<\/span><span data-contrast=\"auto\">al de Administraci\u00f3n y Finanzas<\/span><span data-contrast=\"auto\">,<\/span><span data-contrast=\"auto\"> y Albe<\/span><span data-contrast=\"auto\">rto Coria Beltr\u00e1n, coordinador <\/span><span data-contrast=\"auto\">r<\/span><span data-contrast=\"auto\">eg<\/span><span data-contrast=\"auto\">ional de A<\/span><span data-contrast=\"auto\">ctivida<\/span><span data-contrast=\"auto\">des D<\/span><span data-contrast=\"auto\">eportivas.<\/span><span data-ccp-props=\"{&quot;201341983&quot;:0,&quot;335559739&quot;:160,&quot;335559740&quot;:240}\">\u00a0<\/span><\/p>\n<p><span data-contrast=\"auto\">Maribel Barradas agradeci\u00f3 a la comunidad universitaria, funcionarios, acad\u00e9micos, trabajadores y estudiantes por su apoyo a<\/span><span data-contrast=\"auto\">l deporte;<\/span><span data-contrast=\"auto\"> destac\u00f3 que las universidades son pilares en la promoci\u00f3n del desarrollo integral en el campo de las humanidades, la ciencia y las artes, pero tambi\u00e9n del deporte, porque su pr\u00e1ctica es formativa y fortalece capacidades intelectuales, \u00e9ticas y<\/span><span data-contrast=\"auto\"> mejores aptitudes para la vida.<\/span><span data-ccp-props=\"{&quot;201341983&quot;:0,&quot;335559739&quot;:160,&quot;335559740&quot;:240}\">\u00a0<\/span><\/p>\n<p><span data-contrast=\"auto\">Inform\u00f3 que <\/span><span data-contrast=\"auto\">la C<\/span><span data-contrast=\"auto\">oordina<\/span><span data-contrast=\"auto\">ci\u00f3n R<\/span><span data-contrast=\"auto\">eg<\/span><span data-contrast=\"auto\">ional de A<\/span><span data-contrast=\"auto\">ctivida<\/span><span data-contrast=\"auto\">des D<\/span><span data-contrast=\"auto\">eportivas<\/span> <span data-contrast=\"auto\">atiende<\/span> <span data-contrast=\"auto\">actualmente a <\/span><span data-contrast=\"auto\">574 estudiantes del<\/span> <span data-contrast=\"auto\">\u00c1rea de Formaci\u00f3n de Elecci\u00f3n Libre (<\/span><span data-contrast=\"auto\">AFEL<\/span><span data-contrast=\"auto\">)<\/span><span data-contrast=\"auto\">, divididos<\/span><span data-contrast=\"auto\"> en 24 grupos <\/span><span data-contrast=\"auto\">y atendidos por<\/span><span data-contrast=\"auto\"> seis t\u00e9cnicos acad\u00e9micos; <\/span><span data-contrast=\"auto\">adem\u00e1s, <\/span><span data-contrast=\"auto\">est\u00e1n programados <\/span><span data-contrast=\"auto\">aproxim<\/span><span data-contrast=\"auto\">adamente 20 torneos<\/span><span data-contrast=\"auto\">, as\u00ed como semanas deportivas.<\/span><span data-ccp-props=\"{&quot;201341983&quot;:0,&quot;335559731&quot;:708,&quot;335559739&quot;:160,&quot;335559740&quot;:240}\">\u00a0<\/span><\/p>\n<div id=\"attachment_81491\" style=\"width: 732px\" class=\"wp-caption aligncenter\"><a href=\"https:\/\/www.uv.mx\/prensa\/files\/2020\/03\/060320-Orizaba-Material-deportivo-02.jpg\"><img aria-describedby=\"caption-attachment-81491\" decoding=\"async\" loading=\"lazy\" class=\"size-full wp-image-81491\" src=\"https:\/\/www.uv.mx\/prensa\/files\/2020\/03\/060320-Orizaba-Material-deportivo-02.jpg\" alt=\"\" width=\"722\" height=\"481\" srcset=\"https:\/\/www.uv.mx\/prensa\/files\/2020\/03\/060320-Orizaba-Material-deportivo-02.jpg 722w, https:\/\/www.uv.mx\/prensa\/files\/2020\/03\/060320-Orizaba-Material-deportivo-02-300x200.jpg 300w\" sizes=\"(max-width: 722px) 100vw, 722px\" \/><\/a><p id=\"caption-attachment-81491\" class=\"wp-caption-text\">El vicerrector Jos\u00e9 Eduardo Mart\u00ednez Canales reconoci\u00f3 el esfuerzo de los deportistas y el apoyo de la SAF, a trav\u00e9s de su titular, Salvador Tapia Spinoso<\/p><\/div>\n<p><span data-contrast=\"auto\">Detall\u00f3 que <\/span><span data-contrast=\"auto\">35 estudiantes est\u00e1n registrados en los equipos <\/span><span data-contrast=\"auto\">de <\/span><i><span data-contrast=\"auto\">Halcones<\/span><\/i> <span data-contrast=\"auto\">que participar\u00e1n en la <\/span><span data-contrast=\"auto\">Universiada<\/span><span data-contrast=\"auto\"> Nacional <\/span><span data-contrast=\"auto\">Le\u00f3n 2020, en<\/span><span data-contrast=\"auto\"> las 26 disciplinas<\/span><span data-contrast=\"auto\"> del Consejo Nacional del D<\/span><span data-contrast=\"auto\">eporte<\/span> <span data-contrast=\"auto\">de la Educaci\u00f3n <\/span><span data-contrast=\"auto\">(<\/span><i><span data-contrast=\"auto\">Con<\/span><\/i><i><span data-contrast=\"auto\">d<\/span><\/i><i><span data-contrast=\"auto\">de<\/span><\/i><span data-contrast=\"auto\">).<\/span><span data-ccp-props=\"{&quot;201341983&quot;:0,&quot;335559731&quot;:708,&quot;335559739&quot;:160,&quot;335559740&quot;:240}\">\u00a0<\/span><\/p>\n<p><span data-contrast=\"auto\">Dijo que cinco <\/span><span data-contrast=\"auto\">jugadoras de la regi\u00f3<\/span><span data-contrast=\"auto\">n integran la <\/span><span data-contrast=\"auto\">S<\/span><span data-contrast=\"auto\">elecci\u00f3n de Futbol Asociaci\u00f3n, entre quienes destaca <\/span><span data-contrast=\"auto\">Kenia Garc\u00eda Camacho<\/span><span data-contrast=\"auto\">,<\/span><span data-contrast=\"auto\"> de la Facultad de Cienc<\/span><span data-contrast=\"auto\">ias B<\/span><span data-contrast=\"auto\">iol\u00f3g<\/span><span data-contrast=\"auto\">icas y <\/span><span data-contrast=\"auto\">Agropecuarias<\/span><span data-contrast=\"auto\">, ganadora de <\/span><span data-contrast=\"auto\">medalla de oro<\/span><span data-contrast=\"auto\"> en la <\/span><span data-contrast=\"auto\">Universiada<\/span><span data-contrast=\"auto\"> Nacional Nuevo Le\u00f3n 2019<\/span><span data-contrast=\"auto\">, <\/span><span data-contrast=\"auto\">y <\/span><span data-contrast=\"auto\">que <\/span><span data-contrast=\"auto\">represent\u00f3 a M\u00e9xico en la <\/span><span data-contrast=\"auto\">U<\/span><span data-contrast=\"auto\">niversiada<\/span> <span data-contrast=\"auto\">M<\/span><span data-contrast=\"auto\">undial <\/span><span data-contrast=\"auto\">Italia <\/span><span data-contrast=\"auto\">2019.<\/span><span data-ccp-props=\"{&quot;201341983&quot;:0,&quot;335559731&quot;:708,&quot;335559739&quot;:160,&quot;335559740&quot;:240}\">\u00a0<\/span><\/p>\n<p><span data-contrast=\"auto\">Destac\u00f3 que <\/span><span data-contrast=\"auto\">el pr<\/span><span data-contrast=\"auto\">esupuesto <\/span><span data-contrast=\"auto\">de los \u00faltimos a\u00f1os <\/span><span data-contrast=\"auto\">destinado a <\/span><span data-contrast=\"auto\">material deportivo <\/span><span data-contrast=\"auto\">para la regi\u00f3n <\/span><span data-contrast=\"auto\">era<\/span> <span data-contrast=\"auto\">de <\/span><span data-contrast=\"auto\">entre 350 y 600 mil pesos<\/span><span data-contrast=\"auto\">, pero en <\/span><span data-contrast=\"auto\">esta ocasi\u00f3n <\/span><span data-contrast=\"auto\">son<\/span><span data-contrast=\"auto\"> cuatro<\/span><span data-contrast=\"auto\"> millones 60 mil 983 pesos para <\/span><span data-contrast=\"auto\">este rubro en<\/span><span data-contrast=\"auto\"> las regiones<\/span><span data-contrast=\"auto\"> universitarias<\/span><span data-contrast=\"auto\">.<\/span><span data-ccp-props=\"{&quot;201341983&quot;:0,&quot;335559731&quot;:708,&quot;335559739&quot;:160,&quot;335559740&quot;:240}\">\u00a0<\/span><\/p>\n<p><span data-contrast=\"auto\">El V<\/span><span data-contrast=\"auto\">icerrector agradeci\u00f3 la presencia y el trabaj<\/span><span data-contrast=\"auto\">o de la comunidad universitaria, <\/span><span data-contrast=\"auto\">especialmente de \u201clos estudiantes que son la raz\u00f3n de ser d<\/span><span data-contrast=\"auto\">e nuestro trabaj\u00f3 diario en la U<\/span><span data-contrast=\"auto\">niversidad\u201d<\/span><span data-contrast=\"auto\">.<\/span><span data-ccp-props=\"{&quot;201341983&quot;:0,&quot;335559731&quot;:708,&quot;335559739&quot;:160,&quot;335559740&quot;:240}\">\u00a0<\/span><\/p>\n<p><span data-contrast=\"auto\">R<\/span><span data-contrast=\"auto\">econoci\u00f3 a la Secretar\u00ed<\/span><span data-contrast=\"auto\">a de Administraci\u00f3n y Finanzas por el buen uso de los recursos <\/span><span data-contrast=\"auto\">para el deporte<\/span><span data-contrast=\"auto\"> y <\/span><span data-contrast=\"auto\">mencion\u00f3 que el a\u00f1o pasado <\/span><span data-contrast=\"auto\">se destinaron <\/span><span data-contrast=\"auto\">11 millones para mantenimiento<\/span><span data-contrast=\"auto\"> de<\/span> <span data-contrast=\"auto\">las entidades de la regi<\/span><span data-contrast=\"auto\">\u00f3n<\/span><span data-contrast=\"auto\">, y a <\/span><span data-contrast=\"auto\">inicios de 2020 <\/span><span data-contrast=\"auto\">los recursos <\/span><span data-contrast=\"auto\">suman<\/span><span data-contrast=\"auto\"> alrededor de 44 millones.<\/span><span data-ccp-props=\"{&quot;201341983&quot;:0,&quot;335559731&quot;:708,&quot;335559739&quot;:160,&quot;335559740&quot;:240}\">\u00a0<\/span><\/p>\n<p><span data-contrast=\"auto\">En su intervenci\u00f3n, <\/span><span data-contrast=\"auto\">Salvador <\/span><span data-contrast=\"auto\">Tapia <\/span><span data-contrast=\"auto\">mencion\u00f3<\/span><span data-contrast=\"auto\"> los beneficios del deporte en la formaci\u00f3n universitaria y <\/span><span data-contrast=\"auto\">enfatiz\u00f3<\/span><span data-contrast=\"auto\"> la inversi\u00f3n actual de 400 millones de pes<\/span><span data-contrast=\"auto\">os en manteni<\/span><span data-contrast=\"auto\">miento<\/span><span data-contrast=\"auto\"> para toda la U<\/span><span data-contrast=\"auto\">niversidad; de \u00e9stos,<\/span><span data-contrast=\"auto\"> 43.6 millones fueron destinados para la regi\u00f3n en 2019 y <\/span><span data-contrast=\"auto\">se\u00f1al\u00f3 <\/span><span data-contrast=\"auto\">que las obras que se realizan quedar\u00e1n concluidas este <\/span><span data-contrast=\"auto\">mismo <\/span><span data-contrast=\"auto\">mes.<\/span><span data-ccp-props=\"{&quot;201341983&quot;:0,&quot;335559731&quot;:708,&quot;335559739&quot;:160,&quot;335559740&quot;:240}\">\u00a0<\/span><\/p>\n<div id=\"attachment_81490\" style=\"width: 732px\" class=\"wp-caption aligncenter\"><a href=\"https:\/\/www.uv.mx\/prensa\/files\/2020\/03\/060320-Orizaba-Material-deportivo-03.jpg\"><img aria-describedby=\"caption-attachment-81490\" decoding=\"async\" loading=\"lazy\" class=\"size-full wp-image-81490\" src=\"https:\/\/www.uv.mx\/prensa\/files\/2020\/03\/060320-Orizaba-Material-deportivo-03.jpg\" alt=\"\" width=\"722\" height=\"481\" srcset=\"https:\/\/www.uv.mx\/prensa\/files\/2020\/03\/060320-Orizaba-Material-deportivo-03.jpg 722w, https:\/\/www.uv.mx\/prensa\/files\/2020\/03\/060320-Orizaba-Material-deportivo-03-300x200.jpg 300w\" sizes=\"(max-width: 722px) 100vw, 722px\" \/><\/a><p id=\"caption-attachment-81490\" class=\"wp-caption-text\">Algunos de los art\u00edculos deportivos entregados<\/p><\/div>\n","protected":false},"excerpt":{"rendered":"<p>La Coordinaci\u00f3n Regional de Actividades Deportivas atiende a 574 estudiantes del \u00c1rea de Formaci\u00f3n de Elecci\u00f3n Libre; asimismo, 35 de ellos est\u00e1n registrados en los equipos que participar\u00e1n en la Universiada Nacional Le\u00f3n 2020<\/p>\n","protected":false},"author":1508,"featured_media":81492,"comment_status":"closed","ping_status":"closed","sticky":false,"template":"","format":"standard","meta":[],"categories":[12,53],"tags":[],"_links":{"self":[{"href":"https:\/\/www.uv.mx\/prensa\/wp-json\/wp\/v2\/posts\/81489"}],"collection":[{"href":"https:\/\/www.uv.mx\/prensa\/wp-json\/wp\/v2\/posts"}],"about":[{"href":"https:\/\/www.uv.mx\/prensa\/wp-json\/wp\/v2\/types\/post"}],"author":[{"embeddable":true,"href":"https:\/\/www.uv.mx\/prensa\/wp-json\/wp\/v2\/users\/1508"}],"replies":[{"embeddable":true,"href":"https:\/\/www.uv.mx\/prensa\/wp-json\/wp\/v2\/comments?post=81489"}],"version-history":[{"count":0,"href":"https:\/\/www.uv.mx\/prensa\/wp-json\/wp\/v2\/posts\/81489\/revisions"}],"wp:featuredmedia":[{"embeddable":true,"href":"https:\/\/www.uv.mx\/prensa\/wp-json\/wp\/v2\/media\/81492"}],"wp:attachment":[{"href":"https:\/\/www.uv.mx\/prensa\/wp-json\/wp\/v2\/media?parent=81489"}],"wp:term":[{"taxonomy":"category","embeddable":true,"href":"https:\/\/www.uv.mx\/prensa\/wp-json\/wp\/v2\/categories?post=81489"},{"taxonomy":"post_tag","embeddable":true,"href":"https:\/\/www.uv.mx\/prensa\/wp-json\/wp\/v2\/tags?post=81489"}],"curies":[{"name":"wp","href":"https:\/\/api.w.org\/{rel}","templated":true}]}}