{"id":81507,"date":"2020-03-06T21:07:03","date_gmt":"2020-03-07T03:07:03","guid":{"rendered":"https:\/\/www.uv.mx\/prensa\/?p=81507"},"modified":"2020-03-10T11:04:25","modified_gmt":"2020-03-10T17:04:25","slug":"osx-interpreto-el-el-grillito-cantor-en-emotivo-concierto","status":"publish","type":"post","link":"https:\/\/www.uv.mx\/prensa\/cultura\/osx-interpreto-el-el-grillito-cantor-en-emotivo-concierto\/","title":{"rendered":"OSX interpret\u00f3 <em>El grillito Cantor<\/em> en emotivo concierto"},"content":{"rendered":"<ul>\n<li data-leveltext=\"\uf0b7\" data-font=\"Symbol\" data-listid=\"2\" data-aria-posinset=\"1\" data-aria-level=\"1\"><i><span data-contrast=\"auto\">Rub\u00e9n Flores fue el Director invitado; <\/span><\/i><i><span data-contrast=\"auto\">Patricia <\/span><\/i><i><span data-contrast=\"auto\">Ivison,<\/span><\/i><i><span data-contrast=\"auto\"> solista<\/span><\/i><\/li>\n<\/ul>\n<div id=\"attachment_81508\" style=\"width: 732px\" class=\"wp-caption aligncenter\"><a href=\"https:\/\/www.uv.mx\/prensa\/files\/2020\/03\/060320-OSX.jpg\"><img aria-describedby=\"caption-attachment-81508\" decoding=\"async\" loading=\"lazy\" class=\"size-full wp-image-81508\" src=\"https:\/\/www.uv.mx\/prensa\/files\/2020\/03\/060320-OSX.jpg\" alt=\"\" width=\"722\" height=\"482\" srcset=\"https:\/\/www.uv.mx\/prensa\/files\/2020\/03\/060320-OSX.jpg 722w, https:\/\/www.uv.mx\/prensa\/files\/2020\/03\/060320-OSX-300x200.jpg 300w\" sizes=\"(max-width: 722px) 100vw, 722px\" \/><\/a><p id=\"caption-attachment-81508\" class=\"wp-caption-text\">Bajo la direcci\u00f3n de Rub\u00e9n Flores y con la voz de Patricia Ivison, la OSX realiz\u00f3 un viaje por el mundo de <em>Cri-Cri<\/em><\/p><\/div>\n<p><b><i><span data-contrast=\"auto\">Valent\u00edn Larrieta Estrada<\/span><\/i><\/b><\/p>\n<p><b><i><span data-contrast=\"auto\">06\/03\/2020, Xalapa, Ver.-<\/span><\/i><\/b> <span data-contrast=\"auto\">L<\/span><span data-contrast=\"auto\">a<\/span><span data-contrast=\"auto\"> Orquesta Sinf\u00f3nica de Xalapa <\/span><span data-contrast=\"auto\">(<\/span><span data-contrast=\"auto\">OS<\/span><span data-contrast=\"auto\">X<\/span><i><span data-contrast=\"auto\">)<\/span><\/i><span data-contrast=\"auto\">, como parte de<\/span><span data-contrast=\"auto\">l<\/span><span data-contrast=\"auto\"> programa Conciertos <\/span><span data-contrast=\"auto\">Did<\/span><span data-contrast=\"auto\">\u00e1cticos<\/span><span data-contrast=\"auto\">, interpret\u00f3<\/span><span data-contrast=\"auto\"> la ma\u00f1ana de este viernes<\/span><span data-contrast=\"auto\"> el cuen<\/span><span data-contrast=\"auto\">to sinf\u00f3nico <\/span><i><span data-contrast=\"auto\">El grillito Cantor<\/span><\/i><span data-contrast=\"auto\">, pieza fundamental del c\u00e9lebre m\u00fasico <\/span><span data-contrast=\"auto\">orizabe\u00f1o<\/span><span data-contrast=\"auto\"> Francisco Gabilondo Soler <\/span><i><span data-contrast=\"auto\">Cri-<\/span><\/i><i><span data-contrast=\"auto\">Cri<\/span><\/i><span data-contrast=\"auto\">.<\/span><span data-ccp-props=\"{&quot;201341983&quot;:0,&quot;335551550&quot;:6,&quot;335551620&quot;:6,&quot;335559739&quot;:160,&quot;335559740&quot;:259}\">\u00a0<\/span><\/p>\n<p><span data-contrast=\"auto\">Bajo la direcci\u00f3n de Rub\u00e9n Flores y con la voz de la cantante Paty <\/span><span data-contrast=\"auto\">Ivison<\/span><span data-contrast=\"auto\">, la OSX realiz\u00f3 un viaje <\/span><span data-contrast=\"auto\">por el mundo de la imaginaci\u00f3n al presentar canciones como: <\/span><i><span data-contrast=\"auto\">\u201cCaminito de la escuela\u201d, \u201cLa Patita\u201d, \u201cEl Rat\u00f3n <\/span><\/i><i><span data-contrast=\"auto\">Vaquero\u201d, \u201c<\/span><\/i><i><span data-contrast=\"auto\">Pinpon<\/span><\/i><i><span data-contrast=\"auto\">\u201d<\/span><\/i><span data-contrast=\"auto\">,<\/span><span data-contrast=\"auto\"> entre otras.<\/span><span data-ccp-props=\"{&quot;201341983&quot;:0,&quot;335551550&quot;:6,&quot;335551620&quot;:6,&quot;335559739&quot;:160,&quot;335559740&quot;:259}\">\u00a0<\/span><\/p>\n<p><span data-contrast=\"auto\">Hay que recordar que <\/span><span data-contrast=\"auto\">El Grillito Cantor es el <\/span><span data-contrast=\"auto\">actor<\/span><span data-contrast=\"auto\"> principal de las historias narradas en las canciones de <\/span><i><span data-contrast=\"auto\">Cri-<\/span><\/i><i><span data-contrast=\"auto\">Cri<\/span><\/i><i><span data-contrast=\"auto\">,<\/span><\/i><span data-contrast=\"auto\"> en las cuales dialogaba con susodicho personaje.<\/span><span data-ccp-props=\"{&quot;201341983&quot;:0,&quot;335551550&quot;:6,&quot;335551620&quot;:6,&quot;335559739&quot;:160,&quot;335559740&quot;:259}\">\u00a0<\/span><\/p>\n<p><span data-contrast=\"auto\">De esta manera<\/span> <span data-contrast=\"auto\">los<\/span><span data-contrast=\"auto\"> alumnos de nivel b\u00e1sico y medio superior de diferentes municipios colindantes de Xalapa y algunos de <\/span><span data-contrast=\"auto\">escuelas de <\/span><span data-contrast=\"auto\">esta ciudad, <\/span><span data-contrast=\"auto\">pudieron conocer estas <\/span><span data-contrast=\"auto\">composiciones.<\/span><span data-ccp-props=\"{&quot;201341983&quot;:0,&quot;335551550&quot;:6,&quot;335551620&quot;:6,&quot;335559739&quot;:160,&quot;335559740&quot;:259}\">\u00a0<\/span><\/p>\n<p><span data-contrast=\"auto\">Incluso, <\/span><span data-contrast=\"auto\">muchos de los presentes, <\/span><span data-contrast=\"auto\">eran<\/span> <span data-contrast=\"auto\">profesores, padres de familia <\/span><span data-contrast=\"auto\">y <\/span><span data-contrast=\"auto\">abuelos los cu<\/span><span data-contrast=\"auto\">ales<\/span><span data-contrast=\"auto\">, visiblemente emocionados, se pusieron a cantar.<\/span><span data-contrast=\"auto\"> Al finalizar el concierto ofrecieron un largo aplauso a los m\u00fasicos.<\/span><span data-ccp-props=\"{&quot;201341983&quot;:0,&quot;335551550&quot;:6,&quot;335551620&quot;:6,&quot;335559739&quot;:160,&quot;335559740&quot;:259}\">\u00a0<\/span><\/p>\n<p><span data-contrast=\"auto\">Por <\/span><span data-contrast=\"auto\">\u00faltimo, se convers\u00f3 al azar con algunos <\/span><span data-contrast=\"auto\">de los j\u00f3venes estudiantes<\/span> <span data-contrast=\"auto\">para<\/span><span data-contrast=\"auto\"> saber qu\u00e9 les hab\u00eda parecido <\/span><span data-contrast=\"auto\">la<\/span><span data-contrast=\"auto\"> presentaci\u00f3n<\/span><span data-contrast=\"auto\">. Contestaron:<\/span> <span data-contrast=\"auto\">\u201c<\/span><span data-contrast=\"auto\">fue maravillosa<\/span><span data-contrast=\"auto\">\u201d<\/span><span data-contrast=\"auto\"> y<\/span> <span data-contrast=\"auto\">aseguraron que <\/span><span data-contrast=\"auto\">les gustar\u00eda asistir a m\u00e1s eventos en los cuales puedan presenciar una orquesta sinf\u00f3nica, conocer m\u00e1s sobre m\u00fasica cl\u00e1sica y salir de lo convencional.<\/span><span data-ccp-props=\"{&quot;201341983&quot;:0,&quot;335551550&quot;:6,&quot;335551620&quot;:6,&quot;335559739&quot;:160,&quot;335559740&quot;:259}\">\u00a0<\/span><\/p>\n","protected":false},"excerpt":{"rendered":"<p>La velada form\u00f3 parte del programa de Conciertos Did\u00e1cticos, dirigido al p\u00fablico infantil<\/p>\n","protected":false},"author":1508,"featured_media":81508,"comment_status":"closed","ping_status":"closed","sticky":false,"template":"","format":"standard","meta":[],"categories":[11],"tags":[],"_links":{"self":[{"href":"https:\/\/www.uv.mx\/prensa\/wp-json\/wp\/v2\/posts\/81507"}],"collection":[{"href":"https:\/\/www.uv.mx\/prensa\/wp-json\/wp\/v2\/posts"}],"about":[{"href":"https:\/\/www.uv.mx\/prensa\/wp-json\/wp\/v2\/types\/post"}],"author":[{"embeddable":true,"href":"https:\/\/www.uv.mx\/prensa\/wp-json\/wp\/v2\/users\/1508"}],"replies":[{"embeddable":true,"href":"https:\/\/www.uv.mx\/prensa\/wp-json\/wp\/v2\/comments?post=81507"}],"version-history":[{"count":0,"href":"https:\/\/www.uv.mx\/prensa\/wp-json\/wp\/v2\/posts\/81507\/revisions"}],"wp:featuredmedia":[{"embeddable":true,"href":"https:\/\/www.uv.mx\/prensa\/wp-json\/wp\/v2\/media\/81508"}],"wp:attachment":[{"href":"https:\/\/www.uv.mx\/prensa\/wp-json\/wp\/v2\/media?parent=81507"}],"wp:term":[{"taxonomy":"category","embeddable":true,"href":"https:\/\/www.uv.mx\/prensa\/wp-json\/wp\/v2\/categories?post=81507"},{"taxonomy":"post_tag","embeddable":true,"href":"https:\/\/www.uv.mx\/prensa\/wp-json\/wp\/v2\/tags?post=81507"}],"curies":[{"name":"wp","href":"https:\/\/api.w.org\/{rel}","templated":true}]}}