{"id":81578,"date":"2020-03-10T08:00:13","date_gmt":"2020-03-10T14:00:13","guid":{"rendered":"https:\/\/www.uv.mx\/prensa\/?p=81578"},"modified":"2020-03-19T12:55:22","modified_gmt":"2020-03-19T18:55:22","slug":"proponen-uso-de-marcadores-moleculares-para-la-preservacion-de-especies","status":"publish","type":"post","link":"https:\/\/www.uv.mx\/prensa\/ciencia\/proponen-uso-de-marcadores-moleculares-para-la-preservacion-de-especies\/","title":{"rendered":"Proponen uso de marcadores moleculares para la preservaci\u00f3n de especies"},"content":{"rendered":"<ul>\n<li data-leveltext=\"\uf0b7\" data-font=\"Symbol\" data-listid=\"2\" data-aria-posinset=\"0\" data-aria-level=\"1\"><i><span data-contrast=\"auto\">Es una herramienta con gran potencial informativo, asegur\u00f3<\/span><\/i> <i><span data-contrast=\"auto\">Noem\u00ed Mat\u00edas Ferrer, <\/span><\/i><i><span data-contrast=\"auto\">acad\u00e9mica del <\/span><\/i><span data-contrast=\"auto\">Inecol<\/span><i><span data-contrast=\"auto\">, <\/span><\/i><i><span data-contrast=\"auto\">en pl\u00e1tica que ofreci\u00f3 a alumnos de posgrado de<\/span><\/i><i><span data-contrast=\"auto\">l<\/span><\/i> <span data-contrast=\"auto\">Inbioteca<\/span><span data-ccp-props=\"{&quot;201341983&quot;:0,&quot;335559739&quot;:0,&quot;335559740&quot;:240}\">\u00a0<\/span><\/li>\n<\/ul>\n<div id=\"attachment_81580\" style=\"width: 732px\" class=\"wp-caption aligncenter\"><a href=\"https:\/\/www.uv.mx\/prensa\/files\/2020\/03\/090320-Conferencia-Inecol-1.jpg\"><img aria-describedby=\"caption-attachment-81580\" decoding=\"async\" loading=\"lazy\" class=\"size-full wp-image-81580\" src=\"https:\/\/www.uv.mx\/prensa\/files\/2020\/03\/090320-Conferencia-Inecol-1.jpg\" alt=\"\" width=\"722\" height=\"482\" srcset=\"https:\/\/www.uv.mx\/prensa\/files\/2020\/03\/090320-Conferencia-Inecol-1.jpg 722w, https:\/\/www.uv.mx\/prensa\/files\/2020\/03\/090320-Conferencia-Inecol-1-300x200.jpg 300w\" sizes=\"(max-width: 722px) 100vw, 722px\" \/><\/a><p id=\"caption-attachment-81580\" class=\"wp-caption-text\">En el <em>Inbioteca<\/em> contin\u00faa el ciclo de seminarios cient\u00edficos para alumnos de posgrado<\/p><\/div>\n<p><b><i><span data-contrast=\"auto\">Jos\u00e9 Luis <\/span><\/i><\/b><b><i><span data-contrast=\"auto\">Couttolenc<\/span><\/i><\/b><b><i><span data-contrast=\"auto\"> Soto<\/span><\/i><\/b><span data-ccp-props=\"{&quot;201341983&quot;:0,&quot;335559739&quot;:0,&quot;335559740&quot;:240}\">\u00a0<\/span><\/p>\n<p><b><i><span data-contrast=\"auto\">10<\/span><\/i><\/b><b><i><span data-contrast=\"auto\">\/<\/span><\/i><\/b><b><i><span data-contrast=\"auto\">0<\/span><\/i><\/b><b><i><span data-contrast=\"auto\">3<\/span><\/i><\/b><b><i><span data-contrast=\"auto\">\/2020,<\/span><\/i><\/b><b><i><span data-contrast=\"auto\"> Xalapa, Ver.-<\/span><\/i><\/b><span data-contrast=\"auto\"> El uso de marcadores moleculares para la realizaci\u00f3n de estudios de gen\u00e9tica s<\/span><span data-contrast=\"auto\">er\u00e1 importante para preservar las <\/span><span data-contrast=\"auto\">especies<\/span><span data-contrast=\"auto\"> que se encuentren<\/span><span data-contrast=\"auto\"> en riesgo<\/span><span data-contrast=\"auto\">, se\u00f1al\u00f3 Noem\u00ed Mat\u00edas <\/span><span data-contrast=\"auto\">Ferrer, acad\u00e9mica<\/span><span data-contrast=\"auto\"> del Instituto Nacional de Ecolog\u00eda<\/span><span data-contrast=\"auto\">,<\/span><span data-contrast=\"auto\"> A.C. (<\/span><i><span data-contrast=\"auto\">Inecol<\/span><\/i><span data-contrast=\"auto\">), <\/span><span data-contrast=\"auto\">durante la <\/span><span data-contrast=\"auto\">charla<\/span><span data-contrast=\"auto\"> que<\/span> <span data-contrast=\"auto\">ofreci\u00f3 <\/span><span data-contrast=\"auto\">a estudiantes <\/span><span data-contrast=\"auto\">de posgrado del <a href=\"https:\/\/www.uv.mx\/inbioteca\/\" target=\"_blank\" rel=\"noopener noreferrer\">Instituto<\/a><\/span> <span data-contrast=\"auto\">de Biotecnolog\u00eda y Ecolog\u00eda Aplicada (<\/span><i><span data-contrast=\"auto\">Inbioteca<\/span><\/i><span data-contrast=\"auto\">) de la Universidad Veracruzana (UV).<\/span><span data-ccp-props=\"{&quot;201341983&quot;:0,&quot;335559739&quot;:0,&quot;335559740&quot;:240}\">\u00a0<\/span><\/p>\n<p><span data-contrast=\"auto\">E<\/span><span data-contrast=\"auto\">l 6 de marzo<\/span><span data-contrast=\"auto\">, <\/span><span data-contrast=\"auto\">la<\/span><span data-contrast=\"auto\"> conferencista dio a conocer parte de los trabajos en los que ha participado <\/span><span data-contrast=\"auto\">relacio<\/span><span data-contrast=\"auto\">nados con la<\/span><span data-contrast=\"auto\"> conservaci\u00f3n de especies, entre las que se encuentran aves, anfibios y hongos.<\/span><span data-ccp-props=\"{&quot;201341983&quot;:0,&quot;335559739&quot;:0,&quot;335559740&quot;:240}\">\u00a0<\/span><\/p>\n<p><span data-contrast=\"auto\">Se refiri\u00f3 de manera particular a las aves que se encuentran en las islas del Parque Nacional Revillagigedo, ubicado al oeste de Manzanillo, Col<\/span><span data-contrast=\"auto\">ima, en donde dijo existen las p<\/span><span data-contrast=\"auto\">ardelas, que son aves pel\u00e1gicas de la familia <\/span><i><span data-contrast=\"auto\">Procellariidae<\/span><\/i><i><span data-contrast=\"auto\">, <\/span><\/i><span data-contrast=\"auto\">que no obstante que es una unidad gen\u00e9ticamente distinta a la de Haw\u00e1i, es importante continuar conserv\u00e1ndola.<\/span><span data-ccp-props=\"{&quot;201341983&quot;:0,&quot;335559739&quot;:0,&quot;335559740&quot;:240}\">\u00a0<\/span><\/p>\n<p><span data-contrast=\"auto\">Otra especie <\/span><span data-contrast=\"auto\">es el perico de Socorro (<\/span><i><span data-contrast=\"auto\">Psittacara<\/span><\/i> <i><span data-contrast=\"auto\">brevipes<\/span><\/i><span data-contrast=\"auto\">)<\/span><span data-contrast=\"auto\">, ave psitaciforme de la familia <\/span><i><span data-contrast=\"auto\">Pcittacide<\/span><\/i><i><span data-contrast=\"auto\">, <\/span><\/i><span data-contrast=\"auto\">cuya taxonom\u00eda (clasificaci\u00f3n) es a\u00fan discutida<\/span> <span data-contrast=\"auto\">puesto que algunos tax\u00f3nomos la consideran subespecie de <\/span><i><span data-contrast=\"auto\">Aratinga<\/span><\/i> <i><span data-contrast=\"auto\">holochtora<\/span><\/i><span data-contrast=\"auto\">.<\/span><span data-ccp-props=\"{&quot;201341983&quot;:0,&quot;335559739&quot;:0,&quot;335559740&quot;:240}\">\u00a0<\/span><\/p>\n<div id=\"attachment_81579\" style=\"width: 732px\" class=\"wp-caption aligncenter\"><a href=\"https:\/\/www.uv.mx\/prensa\/files\/2020\/03\/090320-Conferencia-Inecol-2.jpg\"><img aria-describedby=\"caption-attachment-81579\" decoding=\"async\" loading=\"lazy\" class=\"size-full wp-image-81579\" src=\"https:\/\/www.uv.mx\/prensa\/files\/2020\/03\/090320-Conferencia-Inecol-2.jpg\" alt=\"\" width=\"722\" height=\"482\" srcset=\"https:\/\/www.uv.mx\/prensa\/files\/2020\/03\/090320-Conferencia-Inecol-2.jpg 722w, https:\/\/www.uv.mx\/prensa\/files\/2020\/03\/090320-Conferencia-Inecol-2-300x200.jpg 300w\" sizes=\"(max-width: 722px) 100vw, 722px\" \/><\/a><p id=\"caption-attachment-81579\" class=\"wp-caption-text\">Noem\u00ed Mat\u00edas Ferrer, acad\u00e9mica de <em>Inecol<\/em><\/p><\/div>\n<p><span data-contrast=\"auto\">En relaci\u00f3n a los anfibios, indic\u00f3 que se tienen dos especies del tipo tropical, que <\/span><span data-contrast=\"auto\">a pesar de<\/span><span data-contrast=\"auto\"> no ser end\u00e9micos habitan \u00fanicamente en las selvas<\/span><span data-contrast=\"auto\"> y que debido a la deforestaci\u00f3n se han perdido<\/span><span data-contrast=\"auto\"> pr\u00e1cticamente sus poblaciones.<\/span><span data-ccp-props=\"{&quot;201341983&quot;:0,&quot;335559739&quot;:0,&quot;335559740&quot;:240}\">\u00a0<\/span><\/p>\n<p><span data-contrast=\"auto\">E<\/span><span data-contrast=\"auto\">n los estudios presenta<\/span><span data-contrast=\"auto\">dos por <\/span><span data-contrast=\"auto\">Mat\u00edas Ferrer<\/span><span data-contrast=\"auto\">, <\/span><span data-contrast=\"auto\">precis\u00f3 que <\/span><span data-contrast=\"auto\">todos cuentan con acciones (algunas de tipo pol\u00edtico) para recuperar poblaciones de especies, como es el caso del perico de Socorro, que anteriormente s<\/span><span data-contrast=\"auto\">e le consideraba una subespecie<\/span><span data-contrast=\"auto\"> y recientemente fue aceptada ya como especie con una distribuci\u00f3n amplia de su poblaci\u00f3n,<\/span> <span data-contrast=\"auto\">haci\u00e9ndola acreedora a la asignaci\u00f3n de recursos <\/span><span data-contrast=\"auto\">econ\u00f3micos para acciones de su conservaci\u00f3n. Por cuanto a los anfibios, considera necesaria la creaci\u00f3n de estanques para recuperar la poblaci\u00f3n de especies en riesgo.<\/span><span data-ccp-props=\"{&quot;201341983&quot;:0,&quot;335559731&quot;:708,&quot;335559739&quot;:0,&quot;335559740&quot;:240}\">\u00a0<\/span><\/p>\n<p><span data-contrast=\"auto\">En opini\u00f3n de la acad\u00e9mica del <\/span><i><span data-contrast=\"auto\">Inecol<\/span><\/i><span data-contrast=\"auto\">, los avances tecnol\u00f3gicos en la creaci\u00f3n y uso de nuevos marcadores moleculares ha llevado a la utilizaci\u00f3n<\/span><span data-contrast=\"auto\"> de genomas completos o informaci\u00f3n gen\u00e9tica de un individuo<\/span><span data-contrast=\"auto\">;<\/span><span data-contrast=\"auto\"> sin embargo<\/span><span data-contrast=\"auto\">, \u201c\u00e9<\/span><span data-contrast=\"auto\">stas son herramientas costosas y en ocasiones no muy pr\u00e1cticas para poder actuar en casos en donde las poblaciones o especies se pierden de manera r\u00e1pida, por lo que se requieren acciones inmediatas\u201d.<\/span><span data-ccp-props=\"{&quot;201341983&quot;:0,&quot;335559739&quot;:0,&quot;335559740&quot;:240}\">\u00a0<\/span><\/p>\n<p><span data-contrast=\"auto\">Finalmente<\/span><span data-contrast=\"auto\">,<\/span><span data-contrast=\"auto\"> expres\u00f3 que otro de los prop\u00f3sitos de su charla es dar a conocer a los estudiantes que no s\u00f3lo se trata de hacer gen\u00e9tica de conservaci\u00f3n o uso de nuevas tecnolog\u00edas, sino que existen tambi\u00e9n diversos recursos y herramientas que se pueden utilizar en otros tipos de estudios, adem\u00e1s de la conservaci\u00f3n, como pueden ser los evolutivos, ecol\u00f3gicos, de restauraci\u00f3n, as\u00ed como de cultivo de especies de importancia econ\u00f3mica.<\/span><span data-ccp-props=\"{&quot;201341983&quot;:0,&quot;335559739&quot;:0,&quot;335559740&quot;:240}\">\u00a0<\/span><\/p>\n","protected":false},"excerpt":{"rendered":"<p>Es una herramienta con gran potencial informativo, asegur\u00f3 Noem\u00ed Mat\u00edas Ferrer, acad\u00e9mica del <em>Inecol<\/em>, en pl\u00e1tica con alumnos de posgrado del <em>Inbioteca<\/em><\/p>\n","protected":false},"author":1508,"featured_media":81580,"comment_status":"closed","ping_status":"closed","sticky":false,"template":"","format":"standard","meta":[],"categories":[45],"tags":[],"_links":{"self":[{"href":"https:\/\/www.uv.mx\/prensa\/wp-json\/wp\/v2\/posts\/81578"}],"collection":[{"href":"https:\/\/www.uv.mx\/prensa\/wp-json\/wp\/v2\/posts"}],"about":[{"href":"https:\/\/www.uv.mx\/prensa\/wp-json\/wp\/v2\/types\/post"}],"author":[{"embeddable":true,"href":"https:\/\/www.uv.mx\/prensa\/wp-json\/wp\/v2\/users\/1508"}],"replies":[{"embeddable":true,"href":"https:\/\/www.uv.mx\/prensa\/wp-json\/wp\/v2\/comments?post=81578"}],"version-history":[{"count":0,"href":"https:\/\/www.uv.mx\/prensa\/wp-json\/wp\/v2\/posts\/81578\/revisions"}],"wp:featuredmedia":[{"embeddable":true,"href":"https:\/\/www.uv.mx\/prensa\/wp-json\/wp\/v2\/media\/81580"}],"wp:attachment":[{"href":"https:\/\/www.uv.mx\/prensa\/wp-json\/wp\/v2\/media?parent=81578"}],"wp:term":[{"taxonomy":"category","embeddable":true,"href":"https:\/\/www.uv.mx\/prensa\/wp-json\/wp\/v2\/categories?post=81578"},{"taxonomy":"post_tag","embeddable":true,"href":"https:\/\/www.uv.mx\/prensa\/wp-json\/wp\/v2\/tags?post=81578"}],"curies":[{"name":"wp","href":"https:\/\/api.w.org\/{rel}","templated":true}]}}