{"id":81684,"date":"2020-03-12T12:06:29","date_gmt":"2020-03-12T18:06:29","guid":{"rendered":"https:\/\/www.uv.mx\/prensa\/?p=81684"},"modified":"2020-03-17T13:24:17","modified_gmt":"2020-03-17T19:24:17","slug":"con-direccion-de-enrique-patron-de-rueda-osx-presentara-tosca-de-puccini","status":"publish","type":"post","link":"https:\/\/www.uv.mx\/prensa\/banner\/con-direccion-de-enrique-patron-de-rueda-osx-presentara-tosca-de-puccini\/","title":{"rendered":"Con direcci\u00f3n de Enrique Patr\u00f3n de Rueda, OSX presentar\u00e1 <i>Tosca<\/i>, de Puccini\u00a0"},"content":{"rendered":"<ul>\n<li data-leveltext=\"\uf0b7\" data-font=\"Symbol\" data-listid=\"1\" data-aria-posinset=\"1\" data-aria-level=\"1\"><i><span data-contrast=\"auto\">El viernes 13 de marzo a las 20:30 horas y el s\u00e1bado 14 a las 19:00<\/span><\/i><i><span data-contrast=\"auto\">;<\/span><\/i><i><span data-contrast=\"auto\"> los boletos a la venta en www.redaccess.com<\/span><\/i><i><span data-contrast=\"auto\"> y en la Tienda UV de la <\/span><\/i><i><span data-contrast=\"auto\">z<\/span><\/i><i><span data-contrast=\"auto\">ona <\/span><\/i><i><span data-contrast=\"auto\">u<\/span><\/i><i><span data-contrast=\"auto\">niversitaria<\/span><\/i><span data-ccp-props=\"{&quot;134233279&quot;:true}\">\u00a0<\/span><\/li>\n<li data-leveltext=\"\uf0b7\" data-font=\"Symbol\" data-listid=\"1\" data-aria-posinset=\"2\" data-aria-level=\"1\"><i><span data-contrast=\"auto\">Es una \u00f3pera perfecta en la que todo sucede a la velocidad de la luz, declar\u00f3 el director de orquesta<\/span><\/i><span data-ccp-props=\"{&quot;134233279&quot;:true}\"><br \/>\n<\/span><\/li>\n<\/ul>\n<div id=\"attachment_81653\" style=\"width: 732px\" class=\"wp-caption aligncenter\"><a href=\"https:\/\/www.uv.mx\/prensa\/files\/2020\/03\/110320-rueda-de-prensa-OSX-Tosca-1.jpg\"><img aria-describedby=\"caption-attachment-81653\" decoding=\"async\" loading=\"lazy\" class=\"size-full wp-image-81653\" src=\"https:\/\/www.uv.mx\/prensa\/files\/2020\/03\/110320-rueda-de-prensa-OSX-Tosca-1.jpg\" alt=\"\" width=\"722\" height=\"481\" srcset=\"https:\/\/www.uv.mx\/prensa\/files\/2020\/03\/110320-rueda-de-prensa-OSX-Tosca-1.jpg 722w, https:\/\/www.uv.mx\/prensa\/files\/2020\/03\/110320-rueda-de-prensa-OSX-Tosca-1-300x200.jpg 300w\" sizes=\"(max-width: 722px) 100vw, 722px\" \/><\/a><p id=\"caption-attachment-81653\" class=\"wp-caption-text\">Enrique Patr\u00f3n de Rueda ser\u00e1 el director invitado de la OSX<\/p><\/div>\n<p><span data-ccp-props=\"{&quot;335551550&quot;:1,&quot;335551620&quot;:1,&quot;335559740&quot;:259}\">\u00a0<\/span><b><i><span data-contrast=\"auto\">David Sandoval Rodr\u00edguez<\/span><\/i><\/b><span data-ccp-props=\"{}\">\u00a0<\/span><\/p>\n<p><b><i><span data-contrast=\"auto\">11\/03\/20<\/span><\/i><\/b><b><i><span data-contrast=\"auto\">20,<\/span><\/i><\/b><b><i><span data-contrast=\"auto\"> Xalapa, Ver.-<\/span><\/i><\/b> <span data-contrast=\"auto\">Enrique Patr\u00f3n de Rueda, el mejor director de \u00f3pera en Latinoam\u00e9rica, dirigir\u00e1 a la <a href=\"https:\/\/www.orquestasinfonicadexalapa.com\/\" target=\"_blank\" rel=\"noopener noreferrer\">Orquesta Sinf\u00f3nica de Xalapa<\/a> (OSX) de la Universidad Veracruzana (UV) en su versi\u00f3n de concierto de <\/span><i><span data-contrast=\"auto\">Tosca<\/span><\/i><span data-contrast=\"auto\">, los d\u00edas viernes 13 y s\u00e1bado 14 de marzo a las 20:30 y 19:00 horas<\/span><span data-contrast=\"auto\">,<\/span><span data-contrast=\"auto\"> respectivamente.<\/span><span data-ccp-props=\"{}\">\u00a0<\/span><\/p>\n<p><span data-contrast=\"auto\">En rueda de prensa efectuada en la Sala de Conciertos Tlaqn\u00e1, <\/span><span data-contrast=\"auto\">C<\/span><span data-contrast=\"auto\">entro Cultural, los solistas Mar\u00eda <\/span><span data-contrast=\"auto\">Katzarava<\/span><span data-contrast=\"auto\">, C\u00e9sar Delgado y \u00d3scar Vel\u00e1zquez acompa\u00f1aron a Patr\u00f3n de Rueda y Rey Alejandro Conde, <\/span><span data-contrast=\"auto\">d<\/span><span data-contrast=\"auto\">irector de Grupos Art\u00edsticos de la Direcci\u00f3n General de Difusi\u00f3n Cultural (DGDC)<\/span><span data-contrast=\"auto\">, para destacar la relevancia del evento musical que contar\u00e1 con la participaci\u00f3n del Coro UV y del Coro del Centro de Iniciaci\u00f3n Musical Infantil (CIMI).<\/span><span data-ccp-props=\"{}\">\u00a0<\/span><\/p>\n<p><span data-contrast=\"auto\">\u201cEs un gran honor y un gran placer venir a trabajar aqu\u00ed, mi relaci\u00f3n con la Orquesta <\/span><span data-contrast=\"auto\">(<\/span><span data-contrast=\"auto\">Sinf\u00f3nica de Xalapa<\/span><span data-contrast=\"auto\">) <\/span><span data-contrast=\"auto\">es maravillosa<\/span> <span data-contrast=\"auto\">porque tiene la capacidad de impresionar con la m\u00fasica<\/span><span data-contrast=\"auto\"> que <\/span><span data-contrast=\"auto\">tocan<\/span><span data-contrast=\"auto\"> como una orquesta que est\u00e1 descubriendo una \u00f3pera como <\/span><i><span data-contrast=\"auto\">Tosca<\/span><\/i><span data-contrast=\"auto\">, que es una bomba at\u00f3mica musical\u201d, manifest\u00f3 Patr\u00f3n de Rueda.<\/span><span data-ccp-props=\"{}\">\u00a0<\/span><\/p>\n<p><span data-contrast=\"auto\">Destac\u00f3 adem\u00e1s que trabajar en <\/span><span data-contrast=\"auto\">Tlaqn\u00e1<\/span><span data-contrast=\"auto\"> \u201ces un sue\u00f1o\u201d<\/span><span data-contrast=\"auto\"> que cobra relevancia al estar celebrando<\/span><span data-contrast=\"auto\"> sus<\/span><span data-contrast=\"auto\"> 40 a\u00f1os de <\/span><span data-contrast=\"auto\">carrera, dirigiendo <\/span><span data-contrast=\"auto\">una de las \u00f3peras m\u00e1s <\/span><span data-contrast=\"auto\">reconocidas a nivel mundial, que \u201cconsidero una obra perfecta en la que todo sucede a la velocidad de la luz\u201d y es producto de Giacomo Puccini, a quien calific\u00f3 como un \u201c<\/span><span data-contrast=\"auto\">terrorista emocional porque sabe d\u00f3nde ponernos un acorde para emocionarnos<\/span><span data-contrast=\"auto\">\u201d<\/span><span data-contrast=\"auto\">.<\/span><span data-ccp-props=\"{}\">\u00a0<\/span><\/p>\n<p><span data-contrast=\"auto\">En esta ocasi\u00f3n tenemos un elenco de lujo, encabezado por Mar\u00eda <\/span><span data-contrast=\"auto\">Katzarava<\/span><span data-contrast=\"auto\">, agreg\u00f3; por su parte, la soprano se mostr\u00f3 contenta <\/span><span data-contrast=\"auto\">por volver a Xalapa e invit\u00f3 al p\u00fablico a vivir esta experiencia bajo la direcci\u00f3n de <\/span><span data-contrast=\"auto\">Enrique <\/span><span data-contrast=\"auto\">Patr\u00f3n de Rueda.<\/span><span data-ccp-props=\"{}\">\u00a0<\/span><\/p>\n<p><span data-contrast=\"auto\">El tenor C\u00e9sar Delgado reconoci\u00f3 que <\/span><span data-contrast=\"auto\">la OSX \u201csuena impresionante en esta sala y bajo la direcci\u00f3n del maestro Patr\u00f3n de Rueda, a quien le tengo mucho cari\u00f1o y respeto, acompa\u00f1ado de Mar\u00eda <\/span><span data-contrast=\"auto\">Katzarava<\/span><span data-contrast=\"auto\">; venir a compartir esta obra con ella me tiene encantado, no puede ser mejor esta oportunidad\u201d.<\/span><span data-ccp-props=\"{}\">\u00a0<\/span><\/p>\n<p><span data-contrast=\"auto\">Puntualiz\u00f3 que este montaje, gracias a todos los elementos que re\u00fane, tiene una calidad que pocas veces confluye en un escenario mexicano, por lo que invit\u00f3 a todos los amantes de la m\u00fasica a asistir al concierto.<\/span><span data-ccp-props=\"{}\">\u00a0<\/span><\/p>\n<p><span data-contrast=\"auto\">\u201cPara la OSX la \u00f3pera es natural\u201d, afirm\u00f3 Rey Alejandro Conde, al referir que en distintas \u00e9pocas la agrupaci\u00f3n musical ha llevado con \u00e9xito al p\u00fablico veracruzano las \u00f3peras m\u00e1s reconocidas a nivel mundial.<\/span><span data-ccp-props=\"{&quot;335559731&quot;:708}\">\u00a0<\/span><\/p>\n<p><span data-contrast=\"auto\">Las localidades para sendos conciertos tienen un precio especial de 200 y 300 <\/span><span data-contrast=\"auto\">pesos, <\/span><span data-contrast=\"auto\">se pueden adquirir en l\u00ednea en el sitio <\/span><i><span data-contrast=\"auto\">web<\/span><\/i> <span data-contrast=\"auto\">www.redaccess.com y<\/span><span data-contrast=\"auto\"> tambi\u00e9n en la Tienda UV localizada a un costado de la Facultad de Contadur\u00eda y Administraci\u00f3n.<\/span><span data-ccp-props=\"{}\">\u00a0<\/span><\/p>\n<div id=\"attachment_81654\" style=\"width: 732px\" class=\"wp-caption aligncenter\"><a href=\"https:\/\/www.uv.mx\/prensa\/files\/2020\/03\/110320-rueda-de-prensa-OSX-Tosca-2.jpg\"><img aria-describedby=\"caption-attachment-81654\" decoding=\"async\" loading=\"lazy\" class=\"size-full wp-image-81654\" src=\"https:\/\/www.uv.mx\/prensa\/files\/2020\/03\/110320-rueda-de-prensa-OSX-Tosca-2.jpg\" alt=\"\" width=\"722\" height=\"481\" srcset=\"https:\/\/www.uv.mx\/prensa\/files\/2020\/03\/110320-rueda-de-prensa-OSX-Tosca-2.jpg 722w, https:\/\/www.uv.mx\/prensa\/files\/2020\/03\/110320-rueda-de-prensa-OSX-Tosca-2-300x200.jpg 300w\" sizes=\"(max-width: 722px) 100vw, 722px\" \/><\/a><p id=\"caption-attachment-81654\" class=\"wp-caption-text\">C\u00e9sar Delgado, Mar\u00eda Katzarava, Rey Alejandro Conde, Enrique Patr\u00f3n y \u00d3scar Vel\u00e1zquez, hablaron sobre la calidad del montaje de la OSX de <em>Tosca<\/em><\/p><\/div>\n","protected":false},"excerpt":{"rendered":"<p>Lo acompa\u00f1ar\u00e1n los solistas Mar\u00eda Katzarava, C\u00e9sar Delgado y \u00d3scar Vel\u00e1zquez, adem\u00e1s de Rey Alejandro Conde\u00a0<\/p>\n","protected":false},"author":1869,"featured_media":81685,"comment_status":"closed","ping_status":"closed","sticky":false,"template":"","format":"standard","meta":[],"categories":[61],"tags":[],"_links":{"self":[{"href":"https:\/\/www.uv.mx\/prensa\/wp-json\/wp\/v2\/posts\/81684"}],"collection":[{"href":"https:\/\/www.uv.mx\/prensa\/wp-json\/wp\/v2\/posts"}],"about":[{"href":"https:\/\/www.uv.mx\/prensa\/wp-json\/wp\/v2\/types\/post"}],"author":[{"embeddable":true,"href":"https:\/\/www.uv.mx\/prensa\/wp-json\/wp\/v2\/users\/1869"}],"replies":[{"embeddable":true,"href":"https:\/\/www.uv.mx\/prensa\/wp-json\/wp\/v2\/comments?post=81684"}],"version-history":[{"count":0,"href":"https:\/\/www.uv.mx\/prensa\/wp-json\/wp\/v2\/posts\/81684\/revisions"}],"wp:featuredmedia":[{"embeddable":true,"href":"https:\/\/www.uv.mx\/prensa\/wp-json\/wp\/v2\/media\/81685"}],"wp:attachment":[{"href":"https:\/\/www.uv.mx\/prensa\/wp-json\/wp\/v2\/media?parent=81684"}],"wp:term":[{"taxonomy":"category","embeddable":true,"href":"https:\/\/www.uv.mx\/prensa\/wp-json\/wp\/v2\/categories?post=81684"},{"taxonomy":"post_tag","embeddable":true,"href":"https:\/\/www.uv.mx\/prensa\/wp-json\/wp\/v2\/tags?post=81684"}],"curies":[{"name":"wp","href":"https:\/\/api.w.org\/{rel}","templated":true}]}}