{"id":81728,"date":"2020-03-13T11:08:36","date_gmt":"2020-03-13T17:08:36","guid":{"rendered":"https:\/\/www.uv.mx\/prensa\/?p=81728"},"modified":"2020-03-17T13:13:21","modified_gmt":"2020-03-17T19:13:21","slug":"las-variaciones-de-beethoven-tema-de-la-charla-musica-y-literatura","status":"publish","type":"post","link":"https:\/\/www.uv.mx\/prensa\/cultura\/las-variaciones-de-beethoven-tema-de-la-charla-musica-y-literatura\/","title":{"rendered":"Las Variaciones de Beethoven, tema de la charla \u201cM\u00fasica y Literatura\u201d"},"content":{"rendered":"<ul>\n<li data-leveltext=\"\uf0b7\" data-font=\"Symbol\" data-listid=\"1\" data-aria-posinset=\"1\" data-aria-level=\"1\"><i><span data-contrast=\"auto\">E<\/span><\/i><i><span data-contrast=\"auto\">l <\/span><\/i><i><span data-contrast=\"auto\">acad\u00e9mico Guillermo Cuevas Mora<\/span><\/i> <i><span data-contrast=\"auto\">disert\u00f3 sobre el genio de Bonn<\/span><\/i><span data-ccp-props=\"{&quot;134233279&quot;:true}\">\u00a0<\/span><\/li>\n<\/ul>\n<div id=\"attachment_81693\" style=\"width: 732px\" class=\"wp-caption aligncenter\"><a href=\"https:\/\/www.uv.mx\/prensa\/files\/2020\/03\/110320-Beethoven-Variaciones-1.jpg\"><img aria-describedby=\"caption-attachment-81693\" decoding=\"async\" loading=\"lazy\" class=\"size-full wp-image-81693\" src=\"https:\/\/www.uv.mx\/prensa\/files\/2020\/03\/110320-Beethoven-Variaciones-1.jpg\" alt=\"\" width=\"722\" height=\"481\" srcset=\"https:\/\/www.uv.mx\/prensa\/files\/2020\/03\/110320-Beethoven-Variaciones-1.jpg 722w, https:\/\/www.uv.mx\/prensa\/files\/2020\/03\/110320-Beethoven-Variaciones-1-300x200.jpg 300w\" sizes=\"(max-width: 722px) 100vw, 722px\" \/><\/a><p id=\"caption-attachment-81693\" class=\"wp-caption-text\">Guillermo Cuevas Mora, investigador del \u00c1rea Acad\u00e9mica de Artes<\/p><\/div>\n<p><b><i><span data-contrast=\"auto\">Jorge V\u00e1zquez Pacheco<\/span><\/i><\/b><\/p>\n<p><b><i><span data-contrast=\"auto\">1<\/span><\/i><\/b><b><i><span data-contrast=\"auto\">3<\/span><\/i><\/b><b><i><span data-contrast=\"auto\">\/0<\/span><\/i><\/b><b><i><span data-contrast=\"auto\">3<\/span><\/i><\/b><b><i><span data-contrast=\"auto\">\/2020<\/span><\/i><\/b><b><i><span data-contrast=\"auto\">,<\/span><\/i><\/b> <b><i><span data-contrast=\"auto\">Xalapa, <\/span><\/i><\/b><b><i><span data-contrast=\"auto\">Ver<\/span><\/i><\/b><b><i><span data-contrast=\"auto\">.-<\/span><\/i><\/b> <span data-contrast=\"auto\">Las Variaciones para teclado correspondientes a la primera etapa como creador de<\/span> <span data-contrast=\"auto\">Ludwig van Beethoven fue<\/span><span data-contrast=\"auto\">ron <\/span><span data-contrast=\"auto\">abordad<\/span><span data-contrast=\"auto\">as<\/span><span data-contrast=\"auto\"> por el acad\u00e9mico Guillermo Cuevas Mora en la charla <\/span><span data-contrast=\"auto\">de<\/span><span data-contrast=\"auto\">l mi\u00e9rcoles 11 de marzo en la sala de videoconferencias de la <\/span><span data-contrast=\"auto\">Unidad de Servicios Bibliotecarios y de Informaci\u00f3n (USBI) de la <\/span><span data-contrast=\"auto\"><a href=\"https:\/\/www.uv.mx\/\" target=\"_blank\" rel=\"noopener noreferrer\">Universidad Veracruzana<\/a> (UV)<\/span><span data-contrast=\"auto\">.<\/span><span data-ccp-props=\"{}\">\u00a0<\/span><\/p>\n<p><span data-contrast=\"auto\">Ello se ofreci\u00f3 como parte del ciclo \u201cM\u00fasica y <\/span><span data-contrast=\"auto\">L<\/span><span data-contrast=\"auto\">iteratura\u201d<\/span><span data-contrast=\"auto\">,<\/span><span data-contrast=\"auto\"> organizado por la <\/span><span data-contrast=\"auto\">Especializaci\u00f3n en Promoci\u00f3n de la Lectura<\/span> <span data-contrast=\"auto\">y dedicado a la conmemoraci\u00f3n del 250 aniversario del natalicio del compositor alem\u00e1n nacido en Bonn<\/span><span data-contrast=\"auto\">,<\/span><span data-contrast=\"auto\"> en <\/span><span data-contrast=\"auto\">diciembre de<\/span> <span data-contrast=\"auto\">1770.<\/span><span data-ccp-props=\"{&quot;335559731&quot;:708}\">\u00a0<\/span><\/p>\n<p><span data-contrast=\"auto\">El investigador asignado <\/span><span data-contrast=\"auto\">al \u00c1<\/span><span data-contrast=\"auto\">rea Acad\u00e9mica de Artes de la UV<\/span><span data-contrast=\"auto\">,<\/span><span data-contrast=\"auto\"> i<\/span><span data-contrast=\"auto\">nici\u00f3 con la proyecci\u00f3n en video de las nueve <\/span><span data-contrast=\"auto\">\u201c<\/span><span data-contrast=\"auto\">Variaciones sobre una marcha de Dressler<\/span><span data-contrast=\"auto\">\u201d<\/span> <span data-contrast=\"auto\">WoO 63, <\/span><span data-contrast=\"auto\">para piano solo<\/span><span data-contrast=\"auto\">, <\/span><span data-contrast=\"auto\">obra escrita<\/span><span data-contrast=\"auto\"> en 1782 cuando Beethoven <\/span><span data-contrast=\"auto\">ten\u00eda<\/span><span data-contrast=\"auto\"> apenas 11<\/span><span data-contrast=\"auto\"> a\u00f1os de edad.<\/span><span data-ccp-props=\"{&quot;335559731&quot;:708}\">\u00a0<\/span><\/p>\n<p><span data-contrast=\"auto\">Previamente aclar\u00f3 que <\/span><span data-contrast=\"auto\">las siglas WoO se utilizan para designar las partituras <\/span><span data-contrast=\"auto\">de este<\/span><span data-contrast=\"auto\"> m\u00fasico<\/span><span data-contrast=\"auto\">,<\/span> <span data-contrast=\"auto\">a las que no se asign\u00f3 n\u00famero de Opus. WoO es abreviatura para \u201c<\/span><span data-contrast=\"auto\">Werk ohne Opuszahl<\/span><span data-contrast=\"auto\">\u201d, q<\/span><span data-contrast=\"auto\">ue se traduce literalmente como<\/span><span data-contrast=\"auto\"> \u201cobra sin n\u00famero\u201d.<\/span><span data-ccp-props=\"{&quot;335559731&quot;:708}\">\u00a0<\/span><\/p>\n<p><span data-contrast=\"auto\">La proyecci\u00f3n se dio sobre una interpretaci\u00f3n <\/span><span data-contrast=\"auto\">del pianista ruso Mija\u00ed<\/span><span data-contrast=\"auto\">l <\/span><span data-contrast=\"auto\">Pletnev, aunque co<\/span><span data-contrast=\"auto\">n la particularidad de que <\/span><span data-contrast=\"auto\">no muestra la filmaci\u00f3n sobre el int\u00e9rprete sino <\/span><span data-contrast=\"auto\">sobre la partitura, lo que se convirti\u00f3 de hecho en una clase de lectura musi<\/span><span data-contrast=\"auto\">cal.<\/span><span data-ccp-props=\"{&quot;335559731&quot;:708}\">\u00a0<\/span><\/p>\n<p><span data-contrast=\"auto\">Cuevas Mora <\/span><span data-contrast=\"auto\">aprovech\u00f3 para analizar<\/span><span data-contrast=\"auto\"> el Tema inicial y las variantes del mismo que el compositor deriv\u00f3. En la primera Variaci\u00f3n<\/span><span data-contrast=\"auto\">, el tema principal<\/span><span data-contrast=\"auto\"> es <\/span><span data-contrast=\"auto\">casi <\/span><span data-contrast=\"auto\">el mismo, aunque con evidentes modificaciones en el procedimiento arm\u00f3nico. La segunda<\/span><span data-contrast=\"auto\">,<\/span><span data-contrast=\"auto\"> presenta una figura r\u00edtmica distinta, mientras que la tercera evidencia una mayor actividad para la mano izquierda sobre un tema principal ya <\/span><span data-contrast=\"auto\">sensiblemente <\/span><span data-contrast=\"auto\">alterado<\/span><span data-contrast=\"auto\">,<\/span><span data-contrast=\"auto\"> aunque sin desprenderse de su naturaleza intr\u00ednseca.<\/span><span data-contrast=\"auto\"> Las Variaciones siguientes siguen ese mismo procedimiento hasta su finalizaci\u00f3n en modo mayor.<\/span><span data-ccp-props=\"{&quot;335559731&quot;:708}\">\u00a0<\/span><\/p>\n<p><span data-contrast=\"auto\">Tambi\u00e9n coment\u00f3<\/span><span data-contrast=\"auto\"> que la tradici\u00f3n marcaba invariablemente un final en tono mayor, recurso que se hizo extensivo a sus dos \u00fanicas sinfon\u00edas escritas en tono menor: la Quinta en <\/span><i><span data-contrast=\"auto\">do menor<\/span><\/i><span data-contrast=\"auto\"> y la Novena en <\/span><i><span data-contrast=\"auto\">re menor<\/span><\/i><span data-contrast=\"auto\">. <\/span><span data-contrast=\"auto\">El <\/span><span data-contrast=\"auto\">final para ambas es apote\u00f3sico y triunfante, lo que contrasta notoriamente con los modos <\/span><span data-contrast=\"auto\">menores propios para la<\/span> <span data-contrast=\"auto\">ambientaci\u00f3n <\/span><span data-contrast=\"auto\">sono<\/span><span data-contrast=\"auto\">ra triste o meditativa<\/span><span data-contrast=\"auto\">. El paso del tiempo dio pauta a la generaci\u00f3n de obras musicales cuyo final no <\/span><span data-contrast=\"auto\">result\u00f3 <\/span><span data-contrast=\"auto\">siempre festivo, como el caso de la Sexta sinfon\u00eda de Piotr Ilich Chaikovski, cuya conclusi\u00f3n se muestra en un contexto de postraci\u00f3n absoluta <\/span><span data-contrast=\"auto\">mediante <\/span><span data-contrast=\"auto\">sonoridades <\/span><span data-contrast=\"auto\">tan amargas como <\/span><span data-contrast=\"auto\">oscuras.<\/span><span data-ccp-props=\"{&quot;335559731&quot;:708}\">\u00a0<\/span><\/p>\n<p><span data-contrast=\"auto\">Mencion\u00f3<\/span><span data-contrast=\"auto\"> que la <\/span><span data-contrast=\"auto\">V<\/span><span data-contrast=\"auto\">ariaci\u00f3n es uno de los recursos primarios en el discurso musical, una forma basada en la repetici\u00f3n \u201centendida como la extensi\u00f3n de un principio ret\u00f3rico fundamental que se repite a lo largo de cierto periodo y experimentando una serie de modificaciones\u201d. El principio de la Variaci\u00f3n es un recurso que ha sido propio del ser humano desde su aparici\u00f3n en el mundo como grupo y lo encontramos en pr\u00e1cticamente todas las culturas.<\/span><span data-ccp-props=\"{&quot;335559731&quot;:708}\">\u00a0<\/span><\/p>\n<p><span data-contrast=\"auto\">Anunci\u00f3 <\/span><span data-contrast=\"auto\">que para el mi\u00e9rcoles 18 de marzo no habr\u00e1 sesi\u00f3n de \u201cM\u00fasica y <\/span><span data-contrast=\"auto\">L<\/span><span data-contrast=\"auto\">iteratura\u201d<\/span><span data-contrast=\"auto\"> y<\/span><span data-contrast=\"auto\"> que se contempla su extensi\u00f3n <\/span><span data-contrast=\"auto\">a<\/span><span data-contrast=\"auto\"> El \u00c1gora de la Ciudad, lo que permitir\u00e1 aprovechar los recursos t\u00e9cnicos con que ese centro cultural ha sido recientemente dotado.<\/span><span data-ccp-props=\"{&quot;335559731&quot;:708}\">\u00a0<\/span><\/p>\n<div id=\"attachment_81692\" style=\"width: 732px\" class=\"wp-caption aligncenter\"><a href=\"https:\/\/www.uv.mx\/prensa\/files\/2020\/03\/110320-Beethoven-Variaciones-2.jpg\"><img aria-describedby=\"caption-attachment-81692\" decoding=\"async\" loading=\"lazy\" class=\"size-full wp-image-81692\" src=\"https:\/\/www.uv.mx\/prensa\/files\/2020\/03\/110320-Beethoven-Variaciones-2.jpg\" alt=\"\" width=\"722\" height=\"480\" srcset=\"https:\/\/www.uv.mx\/prensa\/files\/2020\/03\/110320-Beethoven-Variaciones-2.jpg 722w, https:\/\/www.uv.mx\/prensa\/files\/2020\/03\/110320-Beethoven-Variaciones-2-300x199.jpg 300w\" sizes=\"(max-width: 722px) 100vw, 722px\" \/><\/a><p id=\"caption-attachment-81692\" class=\"wp-caption-text\">Proyecci\u00f3n sobre la partitura de las Variaciones WoO 63 de Beethoven<\/p><\/div>\n","protected":false},"excerpt":{"rendered":"<p>El acad\u00e9mico Guillermo Cuevas Mora disert\u00f3 sobre la obra y el legado del genio de Bonn<\/p>\n","protected":false},"author":1508,"featured_media":81693,"comment_status":"closed","ping_status":"closed","sticky":false,"template":"","format":"standard","meta":[],"categories":[11],"tags":[],"_links":{"self":[{"href":"https:\/\/www.uv.mx\/prensa\/wp-json\/wp\/v2\/posts\/81728"}],"collection":[{"href":"https:\/\/www.uv.mx\/prensa\/wp-json\/wp\/v2\/posts"}],"about":[{"href":"https:\/\/www.uv.mx\/prensa\/wp-json\/wp\/v2\/types\/post"}],"author":[{"embeddable":true,"href":"https:\/\/www.uv.mx\/prensa\/wp-json\/wp\/v2\/users\/1508"}],"replies":[{"embeddable":true,"href":"https:\/\/www.uv.mx\/prensa\/wp-json\/wp\/v2\/comments?post=81728"}],"version-history":[{"count":0,"href":"https:\/\/www.uv.mx\/prensa\/wp-json\/wp\/v2\/posts\/81728\/revisions"}],"wp:featuredmedia":[{"embeddable":true,"href":"https:\/\/www.uv.mx\/prensa\/wp-json\/wp\/v2\/media\/81693"}],"wp:attachment":[{"href":"https:\/\/www.uv.mx\/prensa\/wp-json\/wp\/v2\/media?parent=81728"}],"wp:term":[{"taxonomy":"category","embeddable":true,"href":"https:\/\/www.uv.mx\/prensa\/wp-json\/wp\/v2\/categories?post=81728"},{"taxonomy":"post_tag","embeddable":true,"href":"https:\/\/www.uv.mx\/prensa\/wp-json\/wp\/v2\/tags?post=81728"}],"curies":[{"name":"wp","href":"https:\/\/api.w.org\/{rel}","templated":true}]}}