{"id":81730,"date":"2020-03-13T11:20:20","date_gmt":"2020-03-13T17:20:20","guid":{"rendered":"https:\/\/www.uv.mx\/prensa\/?p=81730"},"modified":"2020-03-17T13:12:01","modified_gmt":"2020-03-17T19:12:01","slug":"cosustenta-actualizara-plan-maestro-para-la-sustentabilidad","status":"publish","type":"post","link":"https:\/\/www.uv.mx\/prensa\/general\/cosustenta-actualizara-plan-maestro-para-la-sustentabilidad\/","title":{"rendered":"<em>CoSustenta<\/em> actualizar\u00e1 Plan Maestro para la Sustentabilidad"},"content":{"rendered":"<ul>\n<li data-leveltext=\"\uf0b7\" data-font=\"Symbol\" data-listid=\"5\" data-aria-posinset=\"1\" data-aria-level=\"1\"><i><span data-contrast=\"none\">Para este fin se llevar\u00e1n a cabo un foro participativo y una encuesta <\/span><\/i><span data-contrast=\"none\">online<\/span><i><span data-contrast=\"none\"> abiertos a toda la comunidad universitaria<\/span><\/i><span data-ccp-props=\"{}\">\u00a0<\/span><\/li>\n<\/ul>\n<div id=\"attachment_81696\" style=\"width: 732px\" class=\"wp-caption aligncenter\"><a href=\"https:\/\/www.uv.mx\/prensa\/files\/2020\/03\/120320-Plan-maestro-Cosustenta-2.jpg\"><img aria-describedby=\"caption-attachment-81696\" decoding=\"async\" loading=\"lazy\" class=\"size-full wp-image-81696\" src=\"https:\/\/www.uv.mx\/prensa\/files\/2020\/03\/120320-Plan-maestro-Cosustenta-2.jpg\" alt=\"\" width=\"722\" height=\"481\" srcset=\"https:\/\/www.uv.mx\/prensa\/files\/2020\/03\/120320-Plan-maestro-Cosustenta-2.jpg 722w, https:\/\/www.uv.mx\/prensa\/files\/2020\/03\/120320-Plan-maestro-Cosustenta-2-300x200.jpg 300w\" sizes=\"(max-width: 722px) 100vw, 722px\" \/><\/a><p id=\"caption-attachment-81696\" class=\"wp-caption-text\">Antonio Pensado y Miguel Escalona<\/p><\/div>\n<p><b><i><span data-contrast=\"none\">Carlos Hugo Hermida Rosales<\/span><\/i><\/b><span data-ccp-props=\"{}\">\u00a0<\/span><\/p>\n<p><b><i><span data-contrast=\"none\">1<\/span><\/i><\/b><b><i><span data-contrast=\"none\">3<\/span><\/i><\/b><b><i><span data-contrast=\"none\">\/03\/<\/span><\/i><\/b><b><i><span data-contrast=\"none\">2020<\/span><\/i><\/b><b><i><span data-contrast=\"none\">,<\/span><\/i><\/b> <b><i><span data-contrast=\"none\">Xalapa, <\/span><\/i><\/b><b><i><span data-contrast=\"none\">Ver<\/span><\/i><\/b><span data-contrast=\"none\">.<\/span><span data-contrast=\"none\">&#8211;<\/span> <span data-contrast=\"none\">La <a href=\"https:\/\/www.uv.mx\/cosustenta\/\" target=\"_blank\" rel=\"noopener noreferrer\">Coordinaci\u00f3n Universitaria para la Sustentabilidad <\/a><\/span><i><span data-contrast=\"none\">(<\/span><\/i><i><span data-contrast=\"none\">CoSustenta<\/span><\/i><i><span data-contrast=\"none\">)<\/span><\/i><span data-contrast=\"none\">\u202fde <\/span><span data-contrast=\"none\">la Universidad Veracruzana (UV)<\/span> <span data-contrast=\"none\">actualizar\u00e1 su Plan Maestro para la Sustentabilidad, <\/span><span data-contrast=\"none\">con <\/span><span data-contrast=\"none\">la finalidad <\/span><span data-contrast=\"none\">de alinearlo <\/span><span data-contrast=\"none\">con el\u202fPlan G<\/span><span data-contrast=\"none\">eneral de Desarrollo 2030\u202fde la UV\u202fy con la <\/span><span data-contrast=\"none\">Agenda 2030 de Desa<\/span><span data-contrast=\"none\">rrollo Sostenible de la Organizaci\u00f3n de las<\/span><span data-contrast=\"none\"> Naciones Unidas (ONU).<\/span><span data-ccp-props=\"{}\">\u00a0<\/span><\/p>\n<p><span data-contrast=\"none\">E<\/span><span data-contrast=\"none\">l 26 de marzo, <\/span><span data-contrast=\"none\">de manera simult\u00e1nea en las cinco regiones universitarias,<\/span> <span data-contrast=\"none\">se realizar\u00e1 el <\/span><span data-contrast=\"none\">Foro P<\/span><span data-contrast=\"none\">articipativ<\/span><span data-contrast=\"none\">o UV Sustentable 2030 <\/span><span data-contrast=\"none\">\u201c<\/span><span data-contrast=\"none\">Hacia la <\/span><span data-contrast=\"none\">construcci\u00f3n de escenarios posibles<\/span><span data-contrast=\"none\">\u201d<\/span><span data-contrast=\"none\">,<\/span> <span data-contrast=\"none\">que <\/span><span data-contrast=\"none\">tendr\u00e1 como eje central la pregunta \u00bfCu\u00e1les son las visiones de la comunidad universitaria respecto a la incorporaci\u00f3n de la sustentabilidad en la UV al 2030 y a su participaci\u00f3n e<\/span><span data-contrast=\"none\">n<\/span><span data-contrast=\"none\"> este proceso?<\/span><span data-ccp-props=\"{&quot;335559731&quot;:708}\">\u00a0<\/span><\/p>\n<p><span data-contrast=\"none\">Adem\u00e1s de ello<\/span><span data-contrast=\"none\">,<\/span><span data-contrast=\"none\"> la <\/span><i><span data-contrast=\"none\">CoSustenta<\/span><\/i> <span data-contrast=\"none\">mantiene en l\u00ednea, <\/span><span data-contrast=\"none\">hasta el 30 de abril, la <\/span><span data-contrast=\"none\">\u201c<\/span><span data-contrast=\"none\">Encuesta de percepciones sobre sustentabilidad universitaria<\/span><span data-contrast=\"none\">\u201d<\/span><span data-contrast=\"none\">, en la que la comunidad UV t<\/span><span data-contrast=\"none\">endr\u00e1<\/span><span data-contrast=\"none\"> la oportunidad de opinar sobre los avances de la integraci\u00f3n de la sustentabilidad en las funciones de esta casa de estudios.<\/span><span data-ccp-props=\"{&quot;335559731&quot;:708}\">\u00a0<\/span><\/p>\n<p><span data-contrast=\"none\">Para complementar los trabajos, durante el primer semestre de 2020 tambi\u00e9n se entrevistar\u00e1 a funcionarios y actores importantes de la UV, as\u00ed como a expertos en temas de sustentabilidad, para conocer su opini\u00f3n.\u00a0<\/span><span data-ccp-props=\"{&quot;335559731&quot;:708}\">\u00a0<\/span><\/p>\n<p><span data-contrast=\"none\">Miguel \u00c1ngel Escalona Aguilar, titular de <\/span><span data-contrast=\"none\">la <\/span><i><span data-contrast=\"none\">CoSustenta<\/span><\/i><span data-contrast=\"none\">,<\/span><span data-contrast=\"none\"> comparti\u00f3 que el Plan Maestro de Sustentabilidad<\/span> <span data-contrast=\"none\">naci\u00f3 en 2010, a partir de acciones <\/span><span data-contrast=\"none\">que la UV realizaba<\/span><span data-contrast=\"none\"> y requer\u00edan una sistematizaci\u00f3n.<\/span><\/p>\n<p><span data-contrast=\"none\">Explic\u00f3 que el proceso de actualizaci\u00f3n ser\u00e1 participativo, ya que<\/span> <span data-contrast=\"none\">incluir\u00e1 a diversas voces de la comunidad <\/span><span data-contrast=\"none\">universitaria.\u00a0<\/span><span data-ccp-props=\"{&quot;335559731&quot;:708}\">\u00a0<\/span><\/p>\n<p><span data-contrast=\"none\">Jos\u00e9 Antonio Pensado Fern\u00e1ndez, responsable de Gesti\u00f3n de Proyectos y Vinculaci\u00f3n de la <\/span><i><span data-contrast=\"none\">CoS<\/span><\/i><i><span data-contrast=\"none\">ustenta<\/span><\/i><span data-contrast=\"none\">, <\/span><span data-contrast=\"none\">detall\u00f3 que el foro participativo del 26 de marzo se realizar\u00e1 de 9:00 a 12:00 <\/span><span data-contrast=\"none\">horas <\/span><span data-contrast=\"none\">en la Unidad de Servicios Bibliotecarios y de Informaci\u00f3n (USBI) de cada una de las regiones.<\/span><span data-ccp-props=\"{&quot;335559731&quot;:708}\">\u00a0<\/span><\/p>\n<p><span data-contrast=\"none\">S<\/span><span data-contrast=\"none\">e espera contar con la participaci\u00f3n de representantes de las distintas \u00e1reas acad\u00e9micas,<\/span> <span data-contrast=\"none\">con el objetivo de construir <\/span><span data-contrast=\"none\">escenarios <\/span><span data-contrast=\"none\">factibles de sustentabilidad universitaria<\/span><span data-contrast=\"none\">.<\/span><span data-ccp-props=\"{&quot;335559731&quot;:708}\">\u00a0<\/span><\/p>\n<p><span data-contrast=\"none\">Miguel Escalona<\/span> <span data-contrast=\"none\">coment\u00f3 que con la informaci\u00f3n recopilada a trav\u00e9s del foro, la consulta y las entrevistas a funcionarios y expertos, se elaborar\u00e1 un<\/span><span data-contrast=\"none\">a <\/span><span data-contrast=\"none\">actualizaci\u00f3n del <\/span><span data-contrast=\"none\">Plan Maestro para la Sustentabilidad<\/span><span data-contrast=\"none\">, que <\/span><span data-contrast=\"none\">ser\u00e1<\/span><span data-contrast=\"none\"> sometido<\/span><span data-contrast=\"none\"> a consulta, para despu\u00e9s <\/span><span data-contrast=\"none\">crear <\/span><span data-contrast=\"none\">el documento definitivo que se espera presentar ante el Consejo Universitario General para que sea aprobado a finales de 2020.<\/span><span data-contrast=\"none\">\u00a0<\/span><span data-ccp-props=\"{&quot;335559731&quot;:708}\">\u00a0<\/span><\/p>\n<p><span data-contrast=\"none\">\u201cA trav\u00e9s de todo este trabajo, queremos <\/span><span data-contrast=\"none\">construir<\/span><span data-contrast=\"none\"> el horizonte de sustentabilidad para el 2030 de mane<\/span><span data-contrast=\"none\">ra participativa y colaborativa\u201d, concluy\u00f3.\u00a0<\/span><span data-ccp-props=\"{&quot;335559731&quot;:708}\">\u00a0<\/span><\/p>\n<p><span data-contrast=\"none\">Quienes<\/span><span data-contrast=\"none\"> deseen participar en la encuesta mencionada o inscribirse al foro, deben acceder a<\/span><span data-contrast=\"none\">:\u00a0<\/span> <a href=\"https:\/\/www.uv.mx\/cosustenta\/convocatorias-eventos\/actualizacion-planmas-2030\/\"><span data-contrast=\"none\">www.uv.mx\/cosustenta\/convocatorias-eventos\/actualizacion-planmas-2<\/span><span data-contrast=\"none\">0<\/span><span data-contrast=\"none\">30\/<\/span><\/a><span data-contrast=\"none\">.<\/span><span data-ccp-props=\"{&quot;335559731&quot;:708}\">\u00a0<\/span><\/p>\n","protected":false},"excerpt":{"rendered":"<p>Para este fin se llevar\u00e1n a cabo un foro participativo y una encuesta en l\u00ednea, abiertos a toda la comunidad universitaria\u00a0<\/p>\n","protected":false},"author":1508,"featured_media":81696,"comment_status":"closed","ping_status":"closed","sticky":false,"template":"","format":"standard","meta":[],"categories":[1],"tags":[],"_links":{"self":[{"href":"https:\/\/www.uv.mx\/prensa\/wp-json\/wp\/v2\/posts\/81730"}],"collection":[{"href":"https:\/\/www.uv.mx\/prensa\/wp-json\/wp\/v2\/posts"}],"about":[{"href":"https:\/\/www.uv.mx\/prensa\/wp-json\/wp\/v2\/types\/post"}],"author":[{"embeddable":true,"href":"https:\/\/www.uv.mx\/prensa\/wp-json\/wp\/v2\/users\/1508"}],"replies":[{"embeddable":true,"href":"https:\/\/www.uv.mx\/prensa\/wp-json\/wp\/v2\/comments?post=81730"}],"version-history":[{"count":0,"href":"https:\/\/www.uv.mx\/prensa\/wp-json\/wp\/v2\/posts\/81730\/revisions"}],"wp:featuredmedia":[{"embeddable":true,"href":"https:\/\/www.uv.mx\/prensa\/wp-json\/wp\/v2\/media\/81696"}],"wp:attachment":[{"href":"https:\/\/www.uv.mx\/prensa\/wp-json\/wp\/v2\/media?parent=81730"}],"wp:term":[{"taxonomy":"category","embeddable":true,"href":"https:\/\/www.uv.mx\/prensa\/wp-json\/wp\/v2\/categories?post=81730"},{"taxonomy":"post_tag","embeddable":true,"href":"https:\/\/www.uv.mx\/prensa\/wp-json\/wp\/v2\/tags?post=81730"}],"curies":[{"name":"wp","href":"https:\/\/api.w.org\/{rel}","templated":true}]}}